{"id":10112,"date":"2015-04-24T18:45:50","date_gmt":"2015-04-24T17:45:50","guid":{"rendered":"http:\/\/www.ades-grenoble.org\/wordpress\/?p=10112"},"modified":"2015-04-24T20:08:37","modified_gmt":"2015-04-24T19:08:37","slug":"qualite-des-eaux-en-europe-et-en-france-pas-glorieux","status":"publish","type":"post","link":"https:\/\/www.ades-grenoble.org\/wordpress\/2015\/04\/24\/qualite-des-eaux-en-europe-et-en-france-pas-glorieux\/","title":{"rendered":"Qualit\u00e9 des eaux en Europe et en France, pas glorieux !"},"content":{"rendered":"<p style=\"text-align: justify;\"><img loading=\"lazy\" decoding=\"async\" class=\" size-full wp-image-10113 alignleft\" src=\"http:\/\/www.ades-grenoble.org\/wordpress\/wp-content\/uploads\/2015\/04\/JDE.jpg\" alt=\"JDE\" width=\"437\" height=\"57\" srcset=\"https:\/\/www.ades-grenoble.org\/wordpress\/wp-content\/uploads\/2015\/04\/JDE.jpg 437w, https:\/\/www.ades-grenoble.org\/wordpress\/wp-content\/uploads\/2015\/04\/JDE-150x20.jpg 150w, https:\/\/www.ades-grenoble.org\/wordpress\/wp-content\/uploads\/2015\/04\/JDE-300x39.jpg 300w\" sizes=\"auto, (max-width: 437px) 100vw, 437px\" \/>Le <em>Journal de l\u2019Environnement<\/em> indiquait que la Commission europ\u00e9enne a publi\u00e9, une \u00e9valuation de la mise en \u0153uvre par les Etats membres de la directive-cadre sur l\u2019eau (DCE). R\u00e9sultat: les programmes nationaux ne sont pas \u00e0 la hauteur des pollutions.<\/p>\n<p style=\"text-align: justify;\">\u00ab<em>\u00a0Sans surprise, l\u2019objectif de la DCE d\u2019atteindre le bon \u00e9tat \u00e9cologique pour 53% des eaux europ\u00e9ennes en 2015 ne sera pas atteint.<a href=\"http:\/\/www.journaldelenvironnement.net\/article\/environnement-ou-sont-les-progres-en-europe,56167\" target=\"_blank\">\u00a042% seulement des eaux de surface sont dans le vert<\/a>, selon l\u2019Agence europ\u00e9enne de l\u2019environnement. Par ailleurs, on ne conna\u00eet toujours pas pr\u00e9cis\u00e9ment l\u2019\u00e9tat chimique de 40% des eaux.<\/em><\/p>\n<p style=\"text-align: justify;\"><!--more--><\/p>\n<p style=\"text-align: justify;\"><strong><em>DEUX TIERS DES PROGRAMMES INCOMPLETS<\/em><\/strong><\/p>\n<p style=\"text-align: justify;\"><em>Mais que font les Etats membres pour rectifier le tir ? L\u2019analyse des programmes d\u2019action, qu\u2019ils devaient remettre \u00e0 Bruxelles au plus tard le 22 d\u00e9cembre 2012, apporte quelques \u00e9l\u00e9ments de r\u00e9ponse.<\/em><\/p>\n<p style=\"text-align: justify;\"><em>Selon la Commission, deux tiers des programmes nationaux ne sont toujours pas complets, signe du retard des gouvernements. Le plus souvent, ces actions ciblent une am\u00e9lioration des syst\u00e8mes de traitement des eaux us\u00e9es et de l\u2019eau potable, une r\u00e9duction des intrants chimiques dans l\u2019agriculture et la restauration de la continuit\u00e9 \u00e9cologique. Mais elles restent insuffisantes.<\/em><\/p>\n<p style=\"text-align: justify;\"><strong><em>DEUX TIERS DES BASSINS SANS AM\u00c9LIORATION<\/em><\/strong><\/p>\n<p style=\"text-align: justify;\"><em>Pour deux tiers des bassins hydrographiques, les pr\u00e9l\u00e8vements montrent que les actions ne parviennent pas \u00e0 endiguer les pollutions diffuses. Preuve qu\u2019elles doivent \u00eatre compl\u00e9t\u00e9es par d\u2019autres dispositifs. Deux Etats membres seulement ont mis en \u0153uvre un programme compl\u00e9mentaire d\u00e9finitif, alors que des fonds europ\u00e9ens sont ouverts \u00e0 ce type d\u2019action (Fonds de coh<a name=\"_ftnref1\"><\/a>\u00e9sion, fonds structurels, Fonds europ\u00e9en agricole pour le d\u00e9veloppement rural Feader ).<\/em><\/p>\n<p style=\"text-align: justify;\"><em>Si huit Etats membres ont \u00e9valu\u00e9 la pression n\u00e9gative de l\u2019agriculture, seul l\u2019un d\u2019entre eux (Lituanie) a effectivement quantifi\u00e9 la r\u00e9duction n\u00e9cessaire des intrants pour atteindre un bon \u00e9tat des eaux. M\u00eame chose pour la pollution chimique. Les pays europ\u00e9ens se contentent de programmer des actions sans pour autant \u00e9valuer leur efficacit\u00e9 sur la qualit\u00e9 des eaux.<\/em><\/p>\n<p style=\"text-align: justify;\"><strong><em>LES INSUFFISANCES DE LA FRANCE<\/em><\/strong><\/p>\n<p style=\"text-align: justify;\"><em>Si l\u2019on regarde les plans de gestion par bassin, seuls trois Etats membres -Autriche, Finlande et Pays-Bas- remplissent les trois crit\u00e8res d\u00e9finis par Bruxelles: l\u2019analyse des diff\u00e9rents impacts, l\u2019\u00e9valuation des mesures sur l\u2019\u00e9tat des eaux et le syst\u00e8me de surveillance.\u00a0La France, <a href=\"http:\/\/www.journaldelenvironnement.net\/article\/pollution-aux-nitrates-la-france-condamnee-par-la-cjue,35112\" target=\"_blank\">qui a \u00e9t\u00e9 condamn\u00e9e<\/a> par la Cour europ\u00e9enne en juin 2013 pour son laxisme dans la lutte contre les pollutions aux nitrates, ne risquait pas d\u2019\u00eatre un mod\u00e8le en Europe. Selon le rapport de Bruxelles, Paris parvient seulement \u00e0 identifier les menaces qui p\u00e8sent sur la qualit\u00e9 de ses eaux, mais ne sait ni am\u00e9liorer cet \u00e9tat, ni \u00e9valuer les \u00e9ventuels progr\u00e8s.<\/em><\/p>\n<p style=\"text-align: justify;\"><em>Bruxelles recommande particuli\u00e8rement \u00e0 la France de mieux justifier ses exceptions aux objectifs environnementaux (notamment le bon \u00e9tat des eaux en 2015). Elle doit aussi mieux \u00e9valuer et prendre en compte l\u2019impact du changement climatique, r\u00e9duire les pollutions par l&rsquo;azote et le phosphore, revoir sa r\u00e9glementation sur l&rsquo;utilisation des pesticides et fixer des limites pr\u00e9cises aux agriculteurs. Enfin, elle doit rapidement d\u00e9velopper ses mesures de restauration naturelle (am\u00e9lioration de la qualit\u00e9 des eaux, protection contre les inondations, conservation des habitats<\/em>), <em>\u00abqui sont en g\u00e9n\u00e9ral plus rentables que la construction d\u2019infrastructures\u00bb,<\/em>\u00a0<em>souligne la Commission.\u00a0<\/em>\u00bb<\/p>\n<p style=\"text-align: justify;\"><em>\u00a0<\/em><\/p>\n<p style=\"text-align: justify;\">Les partisans de Center Parcs devraient y r\u00e9fl\u00e9chir.<\/p>\n","protected":false},"excerpt":{"rendered":"<p>Le Journal de l\u2019Environnement indiquait que la Commission europ\u00e9enne a publi\u00e9, une \u00e9valuation de la mise en \u0153uvre par les Etats membres de la directive-cadre sur l\u2019eau (DCE). R\u00e9sultat: les programmes nationaux ne sont pas \u00e0 la hauteur des pollutions. \u00ab\u00a0Sans surprise, l\u2019objectif de la DCE d\u2019atteindre le bon \u00e9tat \u00e9cologique pour 53% des eaux [&hellip;]<\/p>\n","protected":false},"author":1,"featured_media":0,"comment_status":"closed","ping_status":"open","sticky":false,"template":"","format":"standard","meta":{"twitterCardType":"","cardImageID":0,"cardImage":"","cardTitle":"","cardDesc":"","cardImageAlt":"","cardPlayer":"","cardPlayerWidth":0,"cardPlayerHeight":0,"cardPlayerStream":"","cardPlayerCodec":"","footnotes":""},"categories":[11],"tags":[203,232,141],"class_list":["post-10112","post","type-post","status-publish","format-standard","hentry","category-politique-locale","tag-assainissement","tag-eau","tag-europe"],"_links":{"self":[{"href":"https:\/\/www.ades-grenoble.org\/wordpress\/wp-json\/wp\/v2\/posts\/10112","targetHints":{"allow":["GET"]}}],"collection":[{"href":"https:\/\/www.ades-grenoble.org\/wordpress\/wp-json\/wp\/v2\/posts"}],"about":[{"href":"https:\/\/www.ades-grenoble.org\/wordpress\/wp-json\/wp\/v2\/types\/post"}],"author":[{"embeddable":true,"href":"https:\/\/www.ades-grenoble.org\/wordpress\/wp-json\/wp\/v2\/users\/1"}],"replies":[{"embeddable":true,"href":"https:\/\/www.ades-grenoble.org\/wordpress\/wp-json\/wp\/v2\/comments?post=10112"}],"version-history":[{"count":1,"href":"https:\/\/www.ades-grenoble.org\/wordpress\/wp-json\/wp\/v2\/posts\/10112\/revisions"}],"predecessor-version":[{"id":10114,"href":"https:\/\/www.ades-grenoble.org\/wordpress\/wp-json\/wp\/v2\/posts\/10112\/revisions\/10114"}],"wp:attachment":[{"href":"https:\/\/www.ades-grenoble.org\/wordpress\/wp-json\/wp\/v2\/media?parent=10112"}],"wp:term":[{"taxonomy":"category","embeddable":true,"href":"https:\/\/www.ades-grenoble.org\/wordpress\/wp-json\/wp\/v2\/categories?post=10112"},{"taxonomy":"post_tag","embeddable":true,"href":"https:\/\/www.ades-grenoble.org\/wordpress\/wp-json\/wp\/v2\/tags?post=10112"}],"curies":[{"name":"wp","href":"https:\/\/api.w.org\/{rel}","templated":true}]}}