{"id":10220,"date":"2015-05-22T20:11:19","date_gmt":"2015-05-22T19:11:19","guid":{"rendered":"http:\/\/www.ades-grenoble.org\/wordpress\/?p=10220"},"modified":"2015-05-22T21:15:17","modified_gmt":"2015-05-22T20:15:17","slug":"protection-du-busard-cendre","status":"publish","type":"post","link":"https:\/\/www.ades-grenoble.org\/wordpress\/2015\/05\/22\/protection-du-busard-cendre\/","title":{"rendered":"Protection du busard cendr\u00e9"},"content":{"rendered":"<p style=\"text-align: justify;\"><strong class=\"western\"><span style=\"font-size: small;\"><img loading=\"lazy\" decoding=\"async\" class=\" size-full wp-image-10221 alignleft\" src=\"http:\/\/www.ades-grenoble.org\/wordpress\/wp-content\/uploads\/2015\/05\/LPO.jpg\" alt=\"LPO\" width=\"115\" height=\"115\" \/>La ligue pour la Protection des Oiseaux (LPO) m\u00e8ne une campagne depuis 30 ans pour la protection des busards cendr\u00e9s en Is\u00e8re et pour la d\u00e9fense de la biodiversit\u00e9.<\/span><\/strong><\/p>\n<p style=\"text-align: justify;\"><span style=\"font-size: small;\"><i>\u00ab\u00a0Le busard cendr\u00e9 (Circus pyrargus) est un rapace diurne d\u2019environ 1m20 d\u2019envergure dont le r\u00e9gime alimentaire est constitu\u00e9 essentiellement de micromammif\u00e8res et de gros insectes. Comme tous les rapaces, il est prot\u00e9g\u00e9 par la loi.<br \/>\nEn Is\u00e8re, l\u2019esp\u00e8ce est surtout pr\u00e9sente dans les <\/i><\/span><strong class=\"western\"><span style=\"font-size: small;\"><i>zones agricoles de la plaine de Bi\u00e8vre<\/i><\/span><\/strong><strong class=\"western\"><span style=\"font-size: small;\"><i>.<\/i><\/span><\/strong><span style=\"font-size: small;\"><i> La ponte ayant lieu en g\u00e9n\u00e9ral <\/i><\/span><strong class=\"western\"><span style=\"font-size: small;\"><i>d\u00e9but mai, une intervention humaine est indispensable pour sauvegarder les nich\u00e9es<\/i><\/span><\/strong><span style=\"font-size: small;\"><i><b>.<\/b><\/i><\/span><span style=\"font-size: small;\"><i> En effet, les r\u00e9coltes interviennent souvent avant l\u2019envol des jeunes, mettant en p\u00e9ril les poussins non\u00advolants, menac\u00e9s par la barre de coupe des moissonneuses batteuses.<\/i><\/span><i> <\/i><strong class=\"western\"><span style=\"font-size: small;\"><i>Selon les ann\u00e9es, environ 70% des couples s\u2019installent en milieu c\u00e9r\u00e9alier et les 2\/3 des jeunes se retrouvent ainsi menac\u00e9s.<\/i><\/span><\/strong><\/p>\n<p style=\"text-align: justify;\"><!--more--><\/p>\n<p style=\"text-align: justify;\"><span style=\"font-size: small;\"><i>Face \u00e0 cet impact important des activit\u00e9s agricoles sur la biodiversit\u00e9,<\/i><\/span><i> <\/i><strong class=\"western\"><span style=\"font-size: small;\"><i>la LPO Is\u00e8re s\u2019investit depuis 1985 pour une meilleure prise en compte des populations de busards cendr\u00e9s dans les pratiques et les politiques agricoles.<\/i><\/span><\/strong><span style=\"font-size: small;\"><i> En effet, l\u2019objectif de la LPO Is\u00e8re est d\u2019une part, de <\/i><\/span><strong class=\"western\"><span style=\"font-size: small;\"><i>prot\u00e9ger les busards cendr\u00e9s en p\u00e9riode de reproduction<\/i><\/span><\/strong><span style=\"font-size: small;\"><i><b>, et d\u2019autre part, de<\/b><\/i><\/span><strong class=\"western\"><span style=\"font-size: small;\"><i> trouver une solution durable pour assurer le maintien des populations \u00e0 travers le maintien de friches favorables \u00e0 la nidification de<\/i><\/span><\/strong><i> <\/i><strong class=\"western\"><span style=\"font-size: small;\"><i>l\u2019esp\u00e8ce.\u00a0\u00bb<\/i><\/span><\/strong><\/p>\n<p style=\"text-align: justify;\"><strong class=\"western\"><span style=\"font-size: small;\">Pour en savoir plus<\/span><\/strong> <strong class=\"western\"><span style=\"font-size: small;\">suivre <a href=\"http:\/\/isere.lpo.fr\/2015\/30eme-campagne-de-sauvegarde-des-busards-cendres-en-isere\" target=\"_blank\">ce lien<\/a>.<\/span><\/strong><\/p>\n","protected":false},"excerpt":{"rendered":"<p>La ligue pour la Protection des Oiseaux (LPO) m\u00e8ne une campagne depuis 30 ans pour la protection des busards cendr\u00e9s en Is\u00e8re et pour la d\u00e9fense de la biodiversit\u00e9. \u00ab\u00a0Le busard cendr\u00e9 (Circus pyrargus) est un rapace diurne d\u2019environ 1m20 d\u2019envergure dont le r\u00e9gime alimentaire est constitu\u00e9 essentiellement de micromammif\u00e8res et de gros insectes. Comme [&hellip;]<\/p>\n","protected":false},"author":1,"featured_media":0,"comment_status":"closed","ping_status":"open","sticky":false,"template":"","format":"standard","meta":{"twitterCardType":"","cardImageID":0,"cardImage":"","cardTitle":"","cardDesc":"","cardImageAlt":"","cardPlayer":"","cardPlayerWidth":0,"cardPlayerHeight":0,"cardPlayerStream":"","cardPlayerCodec":"","footnotes":""},"categories":[62,11],"tags":[145,153],"class_list":["post-10220","post","type-post","status-publish","format-standard","hentry","category-le-rouge-le-vert-hebdo","category-politique-locale","tag-biodiversite","tag-ecologie"],"_links":{"self":[{"href":"https:\/\/www.ades-grenoble.org\/wordpress\/wp-json\/wp\/v2\/posts\/10220","targetHints":{"allow":["GET"]}}],"collection":[{"href":"https:\/\/www.ades-grenoble.org\/wordpress\/wp-json\/wp\/v2\/posts"}],"about":[{"href":"https:\/\/www.ades-grenoble.org\/wordpress\/wp-json\/wp\/v2\/types\/post"}],"author":[{"embeddable":true,"href":"https:\/\/www.ades-grenoble.org\/wordpress\/wp-json\/wp\/v2\/users\/1"}],"replies":[{"embeddable":true,"href":"https:\/\/www.ades-grenoble.org\/wordpress\/wp-json\/wp\/v2\/comments?post=10220"}],"version-history":[{"count":5,"href":"https:\/\/www.ades-grenoble.org\/wordpress\/wp-json\/wp\/v2\/posts\/10220\/revisions"}],"predecessor-version":[{"id":10249,"href":"https:\/\/www.ades-grenoble.org\/wordpress\/wp-json\/wp\/v2\/posts\/10220\/revisions\/10249"}],"wp:attachment":[{"href":"https:\/\/www.ades-grenoble.org\/wordpress\/wp-json\/wp\/v2\/media?parent=10220"}],"wp:term":[{"taxonomy":"category","embeddable":true,"href":"https:\/\/www.ades-grenoble.org\/wordpress\/wp-json\/wp\/v2\/categories?post=10220"},{"taxonomy":"post_tag","embeddable":true,"href":"https:\/\/www.ades-grenoble.org\/wordpress\/wp-json\/wp\/v2\/tags?post=10220"}],"curies":[{"name":"wp","href":"https:\/\/api.w.org\/{rel}","templated":true}]}}