{"id":10233,"date":"2015-05-22T20:44:54","date_gmt":"2015-05-22T19:44:54","guid":{"rendered":"http:\/\/www.ades-grenoble.org\/wordpress\/?p=10233"},"modified":"2015-05-23T08:27:19","modified_gmt":"2015-05-23T07:27:19","slug":"leclairage-public-2e-partie","status":"publish","type":"post","link":"https:\/\/www.ades-grenoble.org\/wordpress\/2015\/05\/22\/leclairage-public-2e-partie\/","title":{"rendered":"L\u2019\u00e9clairage public \u2013 2e partie"},"content":{"rendered":"<p style=\"text-align: justify;\"><span style=\"color: #000000;\"><img loading=\"lazy\" decoding=\"async\" class=\" size-full wp-image-9189 alignleft\" src=\"http:\/\/www.ades-grenoble.org\/wordpress\/wp-content\/uploads\/2014\/10\/GrenobleNuit.jpg\" alt=\"Grenoble nuit\" width=\"350\" height=\"233\" srcset=\"https:\/\/www.ades-grenoble.org\/wordpress\/wp-content\/uploads\/2014\/10\/GrenobleNuit.jpg 350w, https:\/\/www.ades-grenoble.org\/wordpress\/wp-content\/uploads\/2014\/10\/GrenobleNuit-150x99.jpg 150w, https:\/\/www.ades-grenoble.org\/wordpress\/wp-content\/uploads\/2014\/10\/GrenobleNuit-300x199.jpg 300w\" sizes=\"auto, (max-width: 350px) 100vw, 350px\" \/>Au Conseil municipal du 26 mai sera pr\u00e9sent\u00e9e une d\u00e9lib\u00e9ration acceptant la proposition de la Commission d\u2019Appel d\u2019Offres (CAO) et autorisant le maire \u00e0 signer le contrat CREM <\/span><b>(<\/b>Conception-R\u00e9alisation-Exploitation-Maintenance<b>)<\/b> avec le groupement CITEOS\u00a0\/\u00a0VINCI\u00a0\/\u00a0BOUYGUES pour r\u00e9nover l\u2019\u00e9clairage public. Il s\u2019agit d\u2019un choix politique entre diverses solutions possibles\u00a0: ne pas donner suite \u00e0 la CAO ou passer le march\u00e9 CREM. La majorit\u00e9 a d\u00e9cid\u00e9 de proposer au conseil municipal de voter la d\u00e9cision de la CAO.<\/p>\n<p style=\"text-align: justify;\"><span style=\"color: #000000;\">Dans cet article nous \u00e9voquons les diff\u00e9rentes solutions qui s\u2019offraient \u00e0 la ville depuis le lancement du march\u00e9 de r\u00e9novation de l\u2019\u00e9clairage public.<\/span><\/p>\n<p style=\"text-align: justify;\"><!--more--><\/p>\n<p style=\"text-align: justify;\" align=\"JUSTIFY\"><span style=\"color: #000000;\"><span style=\"font-size: medium;\"><b>Petit rappel de la proc\u00e9dure<\/b><\/span><\/span><span style=\"font-size: medium;\"><b> du march\u00e9 CREM\u00a0depuis 2013<\/b><\/span><\/p>\n<p style=\"text-align: justify;\" align=\"JUSTIFY\"><span style=\"color: #000000;\"><b>Sous la majorit\u00e9 pr\u00e9c\u00e9dente\u00a0: <\/b><\/span>un avis d\u2019appel public \u00e0 la concurrence le 9 juillet 2013 avec date limite de r\u00e9ception des offres le 2 septembre 2013.<b> <\/b>Apr\u00e8s ouverture des candidatures par la commission d\u2019appel d\u2019offres du 11 septembre 2013, cette commission, r\u00e9unie le 9 octobre 2013, a retenu trois candidats admis \u00e0 participer au dialogue.<\/p>\n<p style=\"text-align: justify;\" align=\"JUSTIFY\"><span style=\"color: #000000;\">La phase de \u00ab\u00a0<\/span><i>dialogue comp\u00e9titif\u00a0<\/i>\u00bb a d\u00e9but\u00e9 par l\u2019envoi, le 28 octobre 2013, d\u2019une invitation \u00e0 participer au dialogue adress\u00e9e aux candidats retenus. Le 3 janvier 2014, date limite de r\u00e9ception de la proposition initiale, seuls deux plis ont \u00e9t\u00e9 remis par des groupements d\u2019entreprises\u00a0: l&rsquo;offre GEG (INEO r\u00e9seaux sud-est GDF-SUEZ) et celle de CIT\u00c9OS (VINCI\u00a0Energies\u00a0\/\u00a0BOUYGUES). Une premi\u00e8re audition a eu lieu avec ces deux candidats le 13 f\u00e9vrier 2014, avec le maire pr\u00e9c\u00e9dent.<\/p>\n<p style=\"text-align: justify;\" align=\"JUSTIFY\"><span style=\"color: #000000;\"><b>Sous la majorit\u00e9 actuelle\u00a0: <\/b><\/span>une seconde audition s\u2019est tenue le 5 juin 2014 sous la direction du nouveau maire. La nouvelle majorit\u00e9 pouvait repousser cette deuxi\u00e8me s\u00e9ance de dialogue comp\u00e9titif pour examiner les \u00e9ventuelles alternatives et d\u00e9cider de poursuivre ou d\u2019arr\u00eater la proc\u00e9dure du march\u00e9. En effet \u00e0 tout moment la ville peut mettre fin \u00e0 l\u2019instruction d\u2019un march\u00e9. La nouvelle majorit\u00e9 pouvait ne pas donner suite au dialogue comp\u00e9titif qui avait d\u00e9but\u00e9 en f\u00e9vrier 2014, \u00e0 condition de ne pas utiliser les solutions expos\u00e9es par les participants au march\u00e9. Si elle avait arr\u00eat\u00e9 le processus, elle aurait d\u00fb mettre en place avant le 1<sup>er<\/sup> janvier 2015 (ou quelques mois plus tard) un nouveau march\u00e9 pour remplacer le march\u00e9 provisoire en cours avec GEG, pour assurer la gestion de l\u2019\u00e9clairage public. Elle a d\u00e9cid\u00e9 de poursuivre le dialogue comp\u00e9titif, de r\u00e9unir la CAO et de choisir quelle \u00e9tait la meilleure proposition en fonction des crit\u00e8res impos\u00e9s dans le r\u00e8glement du march\u00e9. A cette occasion, la dur\u00e9e du contrat est pass\u00e9e de 10 ans (initialement pr\u00e9vus par l&rsquo;ancienne majorit\u00e9), \u00e0 8 ans.<\/p>\n<p style=\"text-align: justify;\"><span style=\"color: #000000;\">A l\u2019issue du dialogue, les candidats ont \u00e9t\u00e9 invit\u00e9s le 16 juillet 2014 \u00e0 remettre une offre finale avant le 29 ao\u00fbt 2014. La commission d&rsquo;appel d&rsquo;offres a ouvert les plis le 3 septembre 2014 puis \u00e0 nouveau r\u00e9unie le 8 octobre 2014, a proc\u00e9d\u00e9 au choix de l\u2019offre jug\u00e9e \u00e9conomiquement la plus avantageuse au regard des crit\u00e8res de s\u00e9lection pr\u00e9cis\u00e9s dans le r\u00e8glement du march\u00e9 (terminologie officielle, qui n&rsquo;est pas synonyme de <\/span><i>\u00ab\u00a0moins ch\u00e8re<\/i>\u00a0\u00bb mais de <i>\u00ab\u00a0meilleure qualit\u00e9 globale de l&rsquo;offre<\/i>\u00a0\u00bb) \u00e0 savoir le groupement Alcyon\u00a0\/\u00a0EEE\u00a0Alpes Dauphin\u00e9 (CIT\u00c9OS)\u00a0\/\u00a0VINCI\u00a0Energies\u00a0\/\u00a0BOUYGUES \u00c9nergies et Services) pour une dur\u00e9e de 8\u00a0ans (donc sur deux mandats municipaux).<\/p>\n<p style=\"text-align: justify;\"><span style=\"color: #000000;\"><span style=\"font-size: large;\"><b>Apr\u00e8s l&rsquo;interruption du conseil municipal du 20 octobre<\/b><\/span><\/span><\/p>\n<p style=\"text-align: justify;\"><span style=\"color: #000000;\">Apr\u00e8s la d\u00e9cision de la Commission d\u2019Appel d\u2019Offres (CAO) qui ne retenait pas le groupement GEG\u00a0\/ INEO RESEAUX\/GDF-SUEZ et la s\u00e9ance annul\u00e9e du conseil municipal d\u2019octobre 2014, et apr\u00e8s avoir prolong\u00e9 de neuf mois le march\u00e9 provisoire confi\u00e9 \u00e0 GEG, la majorit\u00e9 municipale, a examin\u00e9 les diff\u00e9rentes solutions possibles\u00a0:<\/span><\/p>\n<p style=\"text-align: justify;\"><span style=\"color: #000000;\"><span style=\"font-size: medium;\"><b>La solution sans CREM <\/b><\/span><\/span><\/p>\n<p style=\"text-align: justify;\"><span style=\"color: #000000;\">La Ville a encore le<\/span> droit de ne pas donner suite \u00e0 la CAO. Deux d\u00e9clinaisons possibles pour cette solution : un simple service municipal ou une r\u00e9gie avec un budget annexe. Quelle que soit la solution choisie, il faut alors constituer un service, embaucher une douzaine de personnes, lancer une s\u00e9rie de march\u00e9s publics de fournitures.<\/p>\n<p style=\"text-align: justify;\" align=\"JUSTIFY\"><span style=\"color: #000000;\">En ce qui concerne les embauches, dans un premier temps, la Municipalit\u00e9 a propos\u00e9 aux salari\u00e9s de GEG charg\u00e9s de l&rsquo;\u00e9clairage d&rsquo;int\u00e9grer le futur service de l&rsquo;\u00e9clairage, tout en leur assurant qu&rsquo;en cas de refus, ils conserveraient leur emploi \u00e0 GEG. Mais en rejoignant les services de la Ville, ils perdaient leur statut de salari\u00e9s des Industries Electriques et Gazi\u00e8res et les avantages aff\u00e9rents, c&rsquo;est-\u00e0-dire environ 30% de leur pouvoir d&rsquo;achat : ils ont donc pr\u00e9f\u00e9r\u00e9 rester \u00e0 GEG. Deux options alors : soit proc\u00e9der \u00e0 l&#8217;embauche directe d&rsquo;\u00e9lectriciens, de charg\u00e9s d&rsquo;affaires, de techniciens, d&rsquo;un concepteur-lumi\u00e8re\u2026 soit proc\u00e9der par des march\u00e9s publics, en plus de ceux in\u00e9vitables de fournitures (luminaires, m\u00e2ts,\u2026).<\/span><\/p>\n<p style=\"text-align: justify;\" align=\"JUSTIFY\"><span style=\"color: #000000;\">Les assistants \u00e0 ma\u00eetrise d\u2019ouvrage qui ont aid\u00e9 la ville \u00e0 \u00e9laborer les documents du march\u00e9 CREM, sont mobilisables pour aider \u00e0 r\u00e9diger les cahiers des charges de march\u00e9s publics, par exemple en quatre lots :<\/span><\/p>\n<ul>\n<li style=\"text-align: justify;\"><span style=\"color: #000000;\">l\u2019un pour l\u2019aide \u00e0 la conception d\u2019un plan lumi\u00e8re,<\/span><\/li>\n<li style=\"text-align: justify;\"><span style=\"color: #000000;\">l\u2019autre pour l\u2019entretien, maintenance, renouvellement du mat\u00e9riel,<\/span><\/li>\n<li style=\"text-align: justify;\"><span style=\"color: #000000;\">le troisi\u00e8me pour les fournitures,<\/span><\/li>\n<li style=\"text-align: justify;\"><span style=\"color: #000000;\">le quatri\u00e8me pour les travaux neufs, certains \u00e0 bons de commande.<\/span><\/li>\n<\/ul>\n<p style=\"text-align: justify;\" align=\"JUSTIFY\"><span style=\"color: #000000;\">Ces march\u00e9s pouvaient \u00eatre d\u2019un an reconductible deux fois. Ils pouvaient \u00eatre \u00e9galement regroup\u00e9s comme le permet l\u2019article 10 du code des march\u00e9s publics. <\/span><\/p>\n<p style=\"text-align: justify;\" align=\"JUSTIFY\"><span style=\"color: #000000;\">Les appels publics \u00e0 la concurrence peuvent \u00eatre pass\u00e9s fin 2014 afin de disposer, aux c\u00f4t\u00e9s du ma\u00eetre d\u2019ouvrage, la commune, d\u2019un ma\u00eetre d\u2019\u0153uvre<\/span>, d&rsquo;un <span style=\"color: #000000;\">\u201c<em>concepteur-lumi\u00e8re<\/em>\u201d <\/span><span style=\"color: #000000;\">dessinant sur une ou plusieurs ann\u00e9es un programme de plan lumi\u00e8re, et de disposer d\u00e8s 2015 d\u2019une reprise de contr\u00f4le sur l\u2019\u00e9clairage public communal en d\u00e9finissant les besoins de la collectivit\u00e9 et non en s\u2019en remettant aux besoins d\u00e9finis au fur et \u00e0 mesure par les entreprises titulaires du CREM. Reprendre le contr\u00f4le, c&rsquo;est en particulier d\u00e9cider du rythme annuel et du montant des investissements. C&rsquo;est aussi pouvoir adapter les projets en fonction de l&rsquo;\u00e9volution des techniques, choisir les appareils en fonction de leur dur\u00e9e de vie et non seulement leur performance \u00e0 la livraison\u2026 Par contre, dans une telle solution, rien ne garantit de retrouver pour les fournitures, la m\u00eame gamme de prix que ceux issus de la proc\u00e9dure CREM.<\/span><\/p>\n<p style=\"text-align: justify;\"><span style=\"color: #000000;\"><span style=\"font-size: medium;\"><b>La solution avec CREM<\/b><\/span><\/span><\/p>\n<p style=\"text-align: justify;\" align=\"JUSTIFY\"><span style=\"color: #000000;\">C\u2019est la solution choisie par la majorit\u00e9. <\/span>Ce march\u00e9 public, n\u2019est ni une d\u00e9l\u00e9gation de service public (o\u00f9 le d\u00e9l\u00e9gataire priv\u00e9 se r\u00e9mun\u00e8re principalement en faisant payer directement le service \u00e0 l&rsquo;usager, ceci est de fait impossible pour l\u2019\u00e9clairage public) ni un partenariat public-priv\u00e9 (o\u00f9 le priv\u00e9 s\u2019occupe de tout et loue sur une tr\u00e8s longue p\u00e9riode au public ses installations). Ce march\u00e9 qui rel\u00e8ve du type \u00ab\u00a0<i>march\u00e9 global\u00a0<\/i>\u00bb garantit au priv\u00e9 retenu une r\u00e9mun\u00e9ration sur une p\u00e9riode importante (8 ans) en contrepartie d&rsquo;une obligation de r\u00e9sultat (avec p\u00e9nalit\u00e9s en cas de non respect), notamment en mati\u00e8re d&rsquo;\u00e9conomies d&rsquo;\u00e9nergie, donc de baisse de la facture d&rsquo;\u00e9lectricit\u00e9 de la Ville, et d&rsquo;un certain contr\u00f4le tout au long du contrat.<\/p>\n<p style=\"text-align: justify;\" align=\"JUSTIFY\"><span style=\"color: #000000;\">La Ville a choisi de l&rsquo;assortir de la cr\u00e9ation d\u2019une r\u00e9gie municipale qui, chaque ann\u00e9e, dans le cadre du montant annuel d\u00e9fini dans la r\u00e9ponse \u00e0 l&rsquo;appel d&rsquo;offre (environ 2,2 M\u20ac TTC\/an), validera ou non les travaux propos\u00e9s par CITEOS\u00a0\/ VINCI\u00a0\/ BOUYGUES et contr\u00f4lera leur ex\u00e9cution. L\u2019avantage d\u2019une r\u00e9gie par rapport \u00e0 un service municipal, c\u2019est la possibilit\u00e9 d\u2019associer aux \u00e9lus et services des personnalit\u00e9s ext\u00e9rieures qualifi\u00e9es. Il y aura alors un budget sp\u00e9cifique pour l\u2019\u00e9clairage public ce qui permettra aux Grenoblois de conna\u00eetre dans le d\u00e9tail le co\u00fbt r\u00e9el de ce service public. Au d\u00e9part, la r\u00e9gie \u00e0 autonomie financi\u00e8re n\u2019impliquera pas de d\u00e9pense suppl\u00e9mentaire pour la ville en se contentant de mobiliser des personnels existants. Pour le contr\u00f4le de la bonne ex\u00e9cution technique du contrat elle pourra faire appel \u00e0 une aide ext\u00e9rieure ou embaucher des personnels comp\u00e9tents La mise en place de cette r\u00e9gie permet \u00e9galement de pr\u00e9parer le retour en gestion publique directe et compl\u00e8te de l&rsquo;\u00e9clairage public, une fois le plan lumi\u00e8re r\u00e9alis\u00e9. Pour cela, soit la r\u00e9gie acquiert les comp\u00e9tences suffisantes pour le faire, en embauchant un personnel form\u00e9, soit elle r\u00e9mun\u00e8re des aides ponctuelles, mais dans l\u2019optique du retour du pilotage complet de l\u2019\u00e9clairage public par la r\u00e9gie au bout des 8 ans du CREM, il para\u00eet souhaitable de planifier les embauches en interne au cours de ces 8 ann\u00e9es.<\/span><\/p>\n","protected":false},"excerpt":{"rendered":"<p>Au Conseil municipal du 26 mai sera pr\u00e9sent\u00e9e une d\u00e9lib\u00e9ration acceptant la proposition de la Commission d\u2019Appel d\u2019Offres (CAO) et autorisant le maire \u00e0 signer le contrat CREM (Conception-R\u00e9alisation-Exploitation-Maintenance) avec le groupement CITEOS\u00a0\/\u00a0VINCI\u00a0\/\u00a0BOUYGUES pour r\u00e9nover l\u2019\u00e9clairage public. Il s\u2019agit d\u2019un choix politique entre diverses solutions possibles\u00a0: ne pas donner suite \u00e0 la CAO ou passer [&hellip;]<\/p>\n","protected":false},"author":1,"featured_media":0,"comment_status":"closed","ping_status":"open","sticky":false,"template":"","format":"standard","meta":{"twitterCardType":"","cardImageID":0,"cardImage":"","cardTitle":"","cardDesc":"","cardImageAlt":"","cardPlayer":"","cardPlayerWidth":0,"cardPlayerHeight":0,"cardPlayerStream":"","cardPlayerCodec":"","footnotes":""},"categories":[62,11],"tags":[67,235,214,44],"class_list":["post-10233","post","type-post","status-publish","format-standard","hentry","category-le-rouge-le-vert-hebdo","category-politique-locale","tag-conseil-municipal","tag-energie","tag-regie","tag-services-publics"],"_links":{"self":[{"href":"https:\/\/www.ades-grenoble.org\/wordpress\/wp-json\/wp\/v2\/posts\/10233","targetHints":{"allow":["GET"]}}],"collection":[{"href":"https:\/\/www.ades-grenoble.org\/wordpress\/wp-json\/wp\/v2\/posts"}],"about":[{"href":"https:\/\/www.ades-grenoble.org\/wordpress\/wp-json\/wp\/v2\/types\/post"}],"author":[{"embeddable":true,"href":"https:\/\/www.ades-grenoble.org\/wordpress\/wp-json\/wp\/v2\/users\/1"}],"replies":[{"embeddable":true,"href":"https:\/\/www.ades-grenoble.org\/wordpress\/wp-json\/wp\/v2\/comments?post=10233"}],"version-history":[{"count":5,"href":"https:\/\/www.ades-grenoble.org\/wordpress\/wp-json\/wp\/v2\/posts\/10233\/revisions"}],"predecessor-version":[{"id":10275,"href":"https:\/\/www.ades-grenoble.org\/wordpress\/wp-json\/wp\/v2\/posts\/10233\/revisions\/10275"}],"wp:attachment":[{"href":"https:\/\/www.ades-grenoble.org\/wordpress\/wp-json\/wp\/v2\/media?parent=10233"}],"wp:term":[{"taxonomy":"category","embeddable":true,"href":"https:\/\/www.ades-grenoble.org\/wordpress\/wp-json\/wp\/v2\/categories?post=10233"},{"taxonomy":"post_tag","embeddable":true,"href":"https:\/\/www.ades-grenoble.org\/wordpress\/wp-json\/wp\/v2\/tags?post=10233"}],"curies":[{"name":"wp","href":"https:\/\/api.w.org\/{rel}","templated":true}]}}