{"id":10280,"date":"2015-05-29T17:21:41","date_gmt":"2015-05-29T16:21:41","guid":{"rendered":"http:\/\/www.ades-grenoble.org\/wordpress\/?p=10280"},"modified":"2015-05-29T18:09:22","modified_gmt":"2015-05-29T17:09:22","slug":"stationnement-payant-un-decret-important","status":"publish","type":"post","link":"https:\/\/www.ades-grenoble.org\/wordpress\/2015\/05\/29\/stationnement-payant-un-decret-important\/","title":{"rendered":"Stationnement payant, un d\u00e9cret important"},"content":{"rendered":"<p style=\"text-align: justify;\"><img loading=\"lazy\" decoding=\"async\" class=\" size-full wp-image-9002 alignleft\" src=\"http:\/\/www.ades-grenoble.org\/wordpress\/wp-content\/uploads\/2014\/09\/JO1.jpg\" alt=\"Journal officiel\" width=\"400\" height=\"189\" srcset=\"https:\/\/www.ades-grenoble.org\/wordpress\/wp-content\/uploads\/2014\/09\/JO1.jpg 400w, https:\/\/www.ades-grenoble.org\/wordpress\/wp-content\/uploads\/2014\/09\/JO1-150x70.jpg 150w, https:\/\/www.ades-grenoble.org\/wordpress\/wp-content\/uploads\/2014\/09\/JO1-300x141.jpg 300w\" sizes=\"auto, (max-width: 400px) 100vw, 400px\" \/>Le nouveau dispositif de d\u00e9p\u00e9nalisation du stationnement payant va pouvoir se mettre en place \u00e0 partir du 1<sup>er<\/sup> janvier 2016. En cas de d\u00e9faut de paiement du stationnement payant, le fautif devra s\u2019acquitter d\u2019un forfait de post-stationnement (FPS) dont le montant et les modalit\u00e9s de recouvrement seront pr\u00e9cis\u00e9s par la M\u00e9tro en application du d\u00e9cret (du 20 mai) qui vient d\u2019\u00eatre publi\u00e9. Ce serait l\u2019occasion de revoir la politique du stationnement payant \u00e0 Grenoble, qui devait faire l\u2019objet d\u2019un diagnostic partag\u00e9 avec les diff\u00e9rents usagers du stationnement sur voirie, ce qui n\u2019est toujours pas fait.<\/p>\n<p style=\"text-align: justify;\"><!--more-->Le d\u00e9cret pr\u00e9cise les modalit\u00e9s d&rsquo;information sur les conditions tarifaires applicables suivant que le conducteur d\u00e9cide de s&rsquo;acquitter int\u00e9gralement de la redevance de stationnement d\u00e8s le d\u00e9but du stationnement de son v\u00e9hicule ou post\u00e9rieurement \u00e0 celui-ci sur la base d&rsquo;un \u00ab <strong>forfait de post-stationnement<\/strong> \u00bb (FPS). Il fixe les \u00e9l\u00e9ments devant figurer sur le justificatif du paiement imm\u00e9diat de la redevance par le conducteur et sur l&rsquo;avis de paiement du FPS. Le d\u00e9cret pr\u00e9cise \u00e9galement les conditions de nomination et d&rsquo;assermentation des agents, publics ou priv\u00e9s, appel\u00e9s \u00e0 \u00e9tablir les avis de paiement. Il fixe les conditions dans lesquelles les collectivit\u00e9s peuvent confier \u00e0 un tiers la collecte de la redevance de stationnement pay\u00e9e imm\u00e9diatement ou par forfait. Les conditions d&rsquo;exercice du recours administratif pr\u00e9alable obligatoire contre l&rsquo;avis de paiement ainsi que les modalit\u00e9s d&rsquo;information de l&rsquo;assembl\u00e9e d\u00e9lib\u00e9rante sur la gestion de ce recours sont pr\u00e9cis\u00e9es. Enfin, le d\u00e9cret abroge la contravention applicable en cas de non-paiement du stationnement.<\/p>\n<p style=\"text-align: justify;\">Ce d\u00e9cret s&rsquo;ajoute aux autres textes d\u00e9j\u00e0 parus depuis le d\u00e9but de l&rsquo;ann\u00e9e pour faire franchir au dispositif de d\u00e9centralisation et de d\u00e9p\u00e9nalisation du stationnement payant une nouvelle \u00e9tape.<br \/>\nTous entrent entre vigueur au 1<sup>er<\/sup>\u00a0janvier\u00a02016.<\/p>\n<p style=\"text-align: justify;\">Pour lire le d\u00e9cret, <a href=\"http:\/\/legifrance.gouv.fr\/eli\/decret\/2015\/5\/20\/DEVT1502931D\/jo\/texte\">cliquez ici<\/a><\/p>\n","protected":false},"excerpt":{"rendered":"<p>Le nouveau dispositif de d\u00e9p\u00e9nalisation du stationnement payant va pouvoir se mettre en place \u00e0 partir du 1er janvier 2016. En cas de d\u00e9faut de paiement du stationnement payant, le fautif devra s\u2019acquitter d\u2019un forfait de post-stationnement (FPS) dont le montant et les modalit\u00e9s de recouvrement seront pr\u00e9cis\u00e9s par la M\u00e9tro en application du d\u00e9cret [&hellip;]<\/p>\n","protected":false},"author":1,"featured_media":0,"comment_status":"closed","ping_status":"open","sticky":false,"template":"","format":"standard","meta":{"twitterCardType":"","cardImageID":0,"cardImage":"","cardTitle":"","cardDesc":"","cardImageAlt":"","cardPlayer":"","cardPlayerWidth":0,"cardPlayerHeight":0,"cardPlayerStream":"","cardPlayerCodec":"","footnotes":""},"categories":[62,11],"tags":[5,19],"class_list":["post-10280","post","type-post","status-publish","format-standard","hentry","category-le-rouge-le-vert-hebdo","category-politique-locale","tag-deplacements","tag-impots"],"_links":{"self":[{"href":"https:\/\/www.ades-grenoble.org\/wordpress\/wp-json\/wp\/v2\/posts\/10280","targetHints":{"allow":["GET"]}}],"collection":[{"href":"https:\/\/www.ades-grenoble.org\/wordpress\/wp-json\/wp\/v2\/posts"}],"about":[{"href":"https:\/\/www.ades-grenoble.org\/wordpress\/wp-json\/wp\/v2\/types\/post"}],"author":[{"embeddable":true,"href":"https:\/\/www.ades-grenoble.org\/wordpress\/wp-json\/wp\/v2\/users\/1"}],"replies":[{"embeddable":true,"href":"https:\/\/www.ades-grenoble.org\/wordpress\/wp-json\/wp\/v2\/comments?post=10280"}],"version-history":[{"count":3,"href":"https:\/\/www.ades-grenoble.org\/wordpress\/wp-json\/wp\/v2\/posts\/10280\/revisions"}],"predecessor-version":[{"id":10307,"href":"https:\/\/www.ades-grenoble.org\/wordpress\/wp-json\/wp\/v2\/posts\/10280\/revisions\/10307"}],"wp:attachment":[{"href":"https:\/\/www.ades-grenoble.org\/wordpress\/wp-json\/wp\/v2\/media?parent=10280"}],"wp:term":[{"taxonomy":"category","embeddable":true,"href":"https:\/\/www.ades-grenoble.org\/wordpress\/wp-json\/wp\/v2\/categories?post=10280"},{"taxonomy":"post_tag","embeddable":true,"href":"https:\/\/www.ades-grenoble.org\/wordpress\/wp-json\/wp\/v2\/tags?post=10280"}],"curies":[{"name":"wp","href":"https:\/\/api.w.org\/{rel}","templated":true}]}}