{"id":10627,"date":"2015-09-11T15:02:08","date_gmt":"2015-09-11T14:02:08","guid":{"rendered":"http:\/\/www.ades-grenoble.org\/wordpress\/?p=10627"},"modified":"2015-09-11T20:48:19","modified_gmt":"2015-09-11T19:48:19","slug":"inauguration-rue-chenoise-le-dimanche-13-septembre-a-11h","status":"publish","type":"post","link":"https:\/\/www.ades-grenoble.org\/wordpress\/2015\/09\/11\/inauguration-rue-chenoise-le-dimanche-13-septembre-a-11h\/","title":{"rendered":"Inauguration rue Chenoise  le dimanche 13 septembre \u00e0 11h"},"content":{"rendered":"<p style=\"text-align: justify;\"><img loading=\"lazy\" decoding=\"async\" class=\" size-full wp-image-10628 alignleft\" src=\"http:\/\/www.ades-grenoble.org\/wordpress\/wp-content\/uploads\/2015\/09\/chenoise.jpg\" alt=\"chenoise\" width=\"350\" height=\"218\" srcset=\"https:\/\/www.ades-grenoble.org\/wordpress\/wp-content\/uploads\/2015\/09\/chenoise.jpg 350w, https:\/\/www.ades-grenoble.org\/wordpress\/wp-content\/uploads\/2015\/09\/chenoise-150x93.jpg 150w, https:\/\/www.ades-grenoble.org\/wordpress\/wp-content\/uploads\/2015\/09\/chenoise-300x187.jpg 300w\" sizes=\"auto, (max-width: 350px) 100vw, 350px\" \/>Une initiative \u00e0 noter du collectif \u00ab\u00a0<em>Osez Chenoise\u00a0<\/em>\u00bb r\u00e9unissant des commer\u00e7ants et habitants de la rue Chenoise. Avec l&rsquo;aide de la Ville ce collectif est parvenu \u00e0 rendre son attrait et sa convivialit\u00e9 \u00e0 la rue qui m\u00e9ritait d&rsquo;\u00eatre r\u00e9habilit\u00e9e. La preuve est faite qu&rsquo;avec des moyens modestes mais une forte implication de la population des r\u00e9sultats tr\u00e8s satisfaisants peuvent \u00eatre atteints. Tous les Grenoblois peuvent aller admirer cette r\u00e9alisation de \u00ab\u00a0<em>street-art<\/em>\u00a0\u00bb pilot\u00e9 par le collectif<strong> \u00ab\u00a0<\/strong><em>Black And White Zulus<\/em>\u00a0\u00bb pour d\u00e9corer le mobilier urbain. L\u2019inauguration de cette \u0153uvre originale et tr\u00e8s r\u00e9ussie, sous le nom de \u00ab\u00a0<em>Vivez Chenoise\u00a0<\/em>\u00bb, aura lieu le dimanche 13 septembre \u00e0 11 h.<\/p>\n","protected":false},"excerpt":{"rendered":"<p>Une initiative \u00e0 noter du collectif \u00ab\u00a0Osez Chenoise\u00a0\u00bb r\u00e9unissant des commer\u00e7ants et habitants de la rue Chenoise. Avec l&rsquo;aide de la Ville ce collectif est parvenu \u00e0 rendre son attrait et sa convivialit\u00e9 \u00e0 la rue qui m\u00e9ritait d&rsquo;\u00eatre r\u00e9habilit\u00e9e. La preuve est faite qu&rsquo;avec des moyens modestes mais une forte implication de la population [&hellip;]<\/p>\n","protected":false},"author":1,"featured_media":0,"comment_status":"closed","ping_status":"open","sticky":false,"template":"","format":"standard","meta":{"twitterCardType":"","cardImageID":0,"cardImage":"","cardTitle":"","cardDesc":"","cardImageAlt":"","cardPlayer":"","cardPlayerWidth":0,"cardPlayerHeight":0,"cardPlayerStream":"","cardPlayerCodec":"","footnotes":""},"categories":[62,11],"tags":[37,230,65],"class_list":["post-10627","post","type-post","status-publish","format-standard","hentry","category-le-rouge-le-vert-hebdo","category-politique-locale","tag-associations","tag-street-art","tag-urbanisme"],"_links":{"self":[{"href":"https:\/\/www.ades-grenoble.org\/wordpress\/wp-json\/wp\/v2\/posts\/10627","targetHints":{"allow":["GET"]}}],"collection":[{"href":"https:\/\/www.ades-grenoble.org\/wordpress\/wp-json\/wp\/v2\/posts"}],"about":[{"href":"https:\/\/www.ades-grenoble.org\/wordpress\/wp-json\/wp\/v2\/types\/post"}],"author":[{"embeddable":true,"href":"https:\/\/www.ades-grenoble.org\/wordpress\/wp-json\/wp\/v2\/users\/1"}],"replies":[{"embeddable":true,"href":"https:\/\/www.ades-grenoble.org\/wordpress\/wp-json\/wp\/v2\/comments?post=10627"}],"version-history":[{"count":1,"href":"https:\/\/www.ades-grenoble.org\/wordpress\/wp-json\/wp\/v2\/posts\/10627\/revisions"}],"predecessor-version":[{"id":10629,"href":"https:\/\/www.ades-grenoble.org\/wordpress\/wp-json\/wp\/v2\/posts\/10627\/revisions\/10629"}],"wp:attachment":[{"href":"https:\/\/www.ades-grenoble.org\/wordpress\/wp-json\/wp\/v2\/media?parent=10627"}],"wp:term":[{"taxonomy":"category","embeddable":true,"href":"https:\/\/www.ades-grenoble.org\/wordpress\/wp-json\/wp\/v2\/categories?post=10627"},{"taxonomy":"post_tag","embeddable":true,"href":"https:\/\/www.ades-grenoble.org\/wordpress\/wp-json\/wp\/v2\/tags?post=10627"}],"curies":[{"name":"wp","href":"https:\/\/api.w.org\/{rel}","templated":true}]}}