{"id":10692,"date":"2015-09-25T12:04:50","date_gmt":"2015-09-25T11:04:50","guid":{"rendered":"http:\/\/www.ades-grenoble.org\/wordpress\/?p=10692"},"modified":"2015-09-25T15:21:32","modified_gmt":"2015-09-25T14:21:32","slug":"les-conflits-dinterets-enfin-definis-dans-les-marches-publics","status":"publish","type":"post","link":"https:\/\/www.ades-grenoble.org\/wordpress\/2015\/09\/25\/les-conflits-dinterets-enfin-definis-dans-les-marches-publics\/","title":{"rendered":"Les conflits d\u2019int\u00e9r\u00eats enfin d\u00e9finis dans les march\u00e9s publics"},"content":{"rendered":"<p style=\"text-align: justify;\"><img loading=\"lazy\" decoding=\"async\" class=\"size-full wp-image-9002 alignleft\" src=\"http:\/\/www.ades-grenoble.org\/wordpress\/wp-content\/uploads\/2014\/09\/JO1.jpg\" alt=\"Journal officiel\" width=\"400\" height=\"189\" srcset=\"https:\/\/www.ades-grenoble.org\/wordpress\/wp-content\/uploads\/2014\/09\/JO1.jpg 400w, https:\/\/www.ades-grenoble.org\/wordpress\/wp-content\/uploads\/2014\/09\/JO1-150x70.jpg 150w, https:\/\/www.ades-grenoble.org\/wordpress\/wp-content\/uploads\/2014\/09\/JO1-300x141.jpg 300w\" sizes=\"auto, (max-width: 400px) 100vw, 400px\" \/>C\u2019est l\u2019ordonnance sur les march\u00e9s publics du 23 juillet 2015, dans son article 48, qui donne une d\u00e9finition claire du conflit d\u2019int\u00e9r\u00eat dans les march\u00e9s publics.<\/p>\n<p style=\"text-align: justify;\"><em>\u00a0\u00ab\u00a0Constitue une situation de conflit d&rsquo;int\u00e9r\u00eats toute situation dans laquelle une personne qui participe au d\u00e9roulement de la proc\u00e9dure de passation du march\u00e9 public ou est susceptible d&rsquo;en influencer l&rsquo;issue a, directement ou indirectement, un int\u00e9r\u00eat financier, \u00e9conomique ou tout autre int\u00e9r\u00eat personnel qui pourrait compromettre son impartialit\u00e9 ou son ind\u00e9pendance dans le cadre de la proc\u00e9dure de passation du march\u00e9 public.\u00a0\u00bb<\/em><\/p>\n<p style=\"text-align: justify;\"><!--more--><\/p>\n<p style=\"text-align: justify;\">On a vu lors du vote du march\u00e9 CREM, un certain nombre de conseillers municipaux des oppositions (dont MM. Safar et Chamussy) intervenir pour essayer d\u2019influencer le conseil municipal pour qu\u2019il ne suive pas la d\u00e9cision de la CAO en proposant que GEG emporte le march\u00e9 de l\u2019\u00e9clairage public. Ne tombent-ils pas sous cette d\u00e9finition tr\u00e8s pr\u00e9cise du conflit d\u2019int\u00e9r\u00eat\u00a0?<\/p>\n","protected":false},"excerpt":{"rendered":"<p>C\u2019est l\u2019ordonnance sur les march\u00e9s publics du 23 juillet 2015, dans son article 48, qui donne une d\u00e9finition claire du conflit d\u2019int\u00e9r\u00eat dans les march\u00e9s publics. \u00a0\u00ab\u00a0Constitue une situation de conflit d&rsquo;int\u00e9r\u00eats toute situation dans laquelle une personne qui participe au d\u00e9roulement de la proc\u00e9dure de passation du march\u00e9 public ou est susceptible d&rsquo;en influencer [&hellip;]<\/p>\n","protected":false},"author":1,"featured_media":0,"comment_status":"closed","ping_status":"open","sticky":false,"template":"","format":"standard","meta":{"twitterCardType":"","cardImageID":0,"cardImage":"","cardTitle":"","cardDesc":"","cardImageAlt":"","cardPlayer":"","cardPlayerWidth":0,"cardPlayerHeight":0,"cardPlayerStream":"","cardPlayerCodec":"","footnotes":""},"categories":[62,11],"tags":[52,177],"class_list":["post-10692","post","type-post","status-publish","format-standard","hentry","category-le-rouge-le-vert-hebdo","category-politique-locale","tag-justice-administrative","tag-marches"],"_links":{"self":[{"href":"https:\/\/www.ades-grenoble.org\/wordpress\/wp-json\/wp\/v2\/posts\/10692","targetHints":{"allow":["GET"]}}],"collection":[{"href":"https:\/\/www.ades-grenoble.org\/wordpress\/wp-json\/wp\/v2\/posts"}],"about":[{"href":"https:\/\/www.ades-grenoble.org\/wordpress\/wp-json\/wp\/v2\/types\/post"}],"author":[{"embeddable":true,"href":"https:\/\/www.ades-grenoble.org\/wordpress\/wp-json\/wp\/v2\/users\/1"}],"replies":[{"embeddable":true,"href":"https:\/\/www.ades-grenoble.org\/wordpress\/wp-json\/wp\/v2\/comments?post=10692"}],"version-history":[{"count":1,"href":"https:\/\/www.ades-grenoble.org\/wordpress\/wp-json\/wp\/v2\/posts\/10692\/revisions"}],"predecessor-version":[{"id":10693,"href":"https:\/\/www.ades-grenoble.org\/wordpress\/wp-json\/wp\/v2\/posts\/10692\/revisions\/10693"}],"wp:attachment":[{"href":"https:\/\/www.ades-grenoble.org\/wordpress\/wp-json\/wp\/v2\/media?parent=10692"}],"wp:term":[{"taxonomy":"category","embeddable":true,"href":"https:\/\/www.ades-grenoble.org\/wordpress\/wp-json\/wp\/v2\/categories?post=10692"},{"taxonomy":"post_tag","embeddable":true,"href":"https:\/\/www.ades-grenoble.org\/wordpress\/wp-json\/wp\/v2\/tags?post=10692"}],"curies":[{"name":"wp","href":"https:\/\/api.w.org\/{rel}","templated":true}]}}