{"id":10718,"date":"2015-09-25T13:38:06","date_gmt":"2015-09-25T12:38:06","guid":{"rendered":"http:\/\/www.ades-grenoble.org\/wordpress\/?p=10718"},"modified":"2015-09-25T15:23:18","modified_gmt":"2015-09-25T14:23:18","slug":"la-mnei-fete-ses-30-ans-les-26-27-septembre-a-grenoble","status":"publish","type":"post","link":"https:\/\/www.ades-grenoble.org\/wordpress\/2015\/09\/25\/la-mnei-fete-ses-30-ans-les-26-27-septembre-a-grenoble\/","title":{"rendered":"La MNEI f\u00eate ses 30 ans ! Les 26-27 septembre \u00e0 Grenoble"},"content":{"rendered":"<p style=\"text-align: justify;\"><img loading=\"lazy\" decoding=\"async\" class=\"size-full wp-image-10719 alignleft\" src=\"http:\/\/www.ades-grenoble.org\/wordpress\/wp-content\/uploads\/2015\/09\/mnei.jpg\" alt=\"mnei\" width=\"165\" height=\"140\" srcset=\"https:\/\/www.ades-grenoble.org\/wordpress\/wp-content\/uploads\/2015\/09\/mnei.jpg 165w, https:\/\/www.ades-grenoble.org\/wordpress\/wp-content\/uploads\/2015\/09\/mnei-150x127.jpg 150w\" sizes=\"auto, (max-width: 165px) 100vw, 165px\" \/>La Maison de la Nature et de l\u2019Environnement de l\u2019Is\u00e8re vous invite \u00e0 souffler ses 30 bougies !<br \/>\nUne soir\u00e9e d\u2019anniversaire le samedi et 30 animations le dimanche\u2026 en musique, dans un climat de f\u00eate !<\/p>\n<p style=\"text-align: justify;\">SAMEDI 26 \u2013 SOIR\u00c9E D\u2019ANNIVERSAIRE 19h30 \u2013 Jardin de Ville, village d\u2019Alternatiba<\/p>\n<p style=\"text-align: justify;\">Apr\u00e8s un temps de parole des diff\u00e9rents acteurs de Climat de F\u00eate, la MNEI soufflera les 30 bougies de son g\u00e2teau d\u2019anniversaire ! Puis place \u00e0 une soir\u00e9e qui d\u00e9coiffe avec le Xe Concours International de Fanfares.<\/p>\n<p style=\"text-align: justify;\">DIMANCHE 27 \u2013 LES ASSOS A L\u2019ASSAUT DE LA BASTILLE : 30 ANIMATIONS POUR DEMAIN<\/p>\n<p style=\"text-align: justify;\">Pour t\u00e9l\u00e9charger le programme cliquez <a href=\"http:\/\/www.mnei.fr\/wp-content\/uploads\/2015\/09\/MNEI30ans_flyerA5-BD.pdf\" target=\"_blank\">ici<\/a>.<\/p>\n","protected":false},"excerpt":{"rendered":"<p>La Maison de la Nature et de l\u2019Environnement de l\u2019Is\u00e8re vous invite \u00e0 souffler ses 30 bougies ! Une soir\u00e9e d\u2019anniversaire le samedi et 30 animations le dimanche\u2026 en musique, dans un climat de f\u00eate ! SAMEDI 26 \u2013 SOIR\u00c9E D\u2019ANNIVERSAIRE 19h30 \u2013 Jardin de Ville, village d\u2019Alternatiba Apr\u00e8s un temps de parole des diff\u00e9rents [&hellip;]<\/p>\n","protected":false},"author":1,"featured_media":0,"comment_status":"closed","ping_status":"open","sticky":false,"template":"","format":"standard","meta":{"twitterCardType":"","cardImageID":0,"cardImage":"","cardTitle":"","cardDesc":"","cardImageAlt":"","cardPlayer":"","cardPlayerWidth":0,"cardPlayerHeight":0,"cardPlayerStream":"","cardPlayerCodec":"","footnotes":""},"categories":[62,11],"tags":[145,175],"class_list":["post-10718","post","type-post","status-publish","format-standard","hentry","category-le-rouge-le-vert-hebdo","category-politique-locale","tag-biodiversite","tag-environnement"],"_links":{"self":[{"href":"https:\/\/www.ades-grenoble.org\/wordpress\/wp-json\/wp\/v2\/posts\/10718","targetHints":{"allow":["GET"]}}],"collection":[{"href":"https:\/\/www.ades-grenoble.org\/wordpress\/wp-json\/wp\/v2\/posts"}],"about":[{"href":"https:\/\/www.ades-grenoble.org\/wordpress\/wp-json\/wp\/v2\/types\/post"}],"author":[{"embeddable":true,"href":"https:\/\/www.ades-grenoble.org\/wordpress\/wp-json\/wp\/v2\/users\/1"}],"replies":[{"embeddable":true,"href":"https:\/\/www.ades-grenoble.org\/wordpress\/wp-json\/wp\/v2\/comments?post=10718"}],"version-history":[{"count":1,"href":"https:\/\/www.ades-grenoble.org\/wordpress\/wp-json\/wp\/v2\/posts\/10718\/revisions"}],"predecessor-version":[{"id":10720,"href":"https:\/\/www.ades-grenoble.org\/wordpress\/wp-json\/wp\/v2\/posts\/10718\/revisions\/10720"}],"wp:attachment":[{"href":"https:\/\/www.ades-grenoble.org\/wordpress\/wp-json\/wp\/v2\/media?parent=10718"}],"wp:term":[{"taxonomy":"category","embeddable":true,"href":"https:\/\/www.ades-grenoble.org\/wordpress\/wp-json\/wp\/v2\/categories?post=10718"},{"taxonomy":"post_tag","embeddable":true,"href":"https:\/\/www.ades-grenoble.org\/wordpress\/wp-json\/wp\/v2\/tags?post=10718"}],"curies":[{"name":"wp","href":"https:\/\/api.w.org\/{rel}","templated":true}]}}