{"id":10721,"date":"2015-09-25T13:42:36","date_gmt":"2015-09-25T12:42:36","guid":{"rendered":"http:\/\/www.ades-grenoble.org\/wordpress\/?p=10721"},"modified":"2015-09-25T15:23:27","modified_gmt":"2015-09-25T14:23:27","slug":"preparation-citoyenne-du-budget-2016-de-grenoble","status":"publish","type":"post","link":"https:\/\/www.ades-grenoble.org\/wordpress\/2015\/09\/25\/preparation-citoyenne-du-budget-2016-de-grenoble\/","title":{"rendered":"Pr\u00e9paration citoyenne du budget 2016 de Grenoble"},"content":{"rendered":"<p><img loading=\"lazy\" decoding=\"async\" class=\"size-full wp-image-10722 alignleft\" src=\"http:\/\/www.ades-grenoble.org\/wordpress\/wp-content\/uploads\/2015\/09\/AteliersBudget2016.jpg\" alt=\"AteliersBudget2016\" width=\"416\" height=\"167\" srcset=\"https:\/\/www.ades-grenoble.org\/wordpress\/wp-content\/uploads\/2015\/09\/AteliersBudget2016.jpg 416w, https:\/\/www.ades-grenoble.org\/wordpress\/wp-content\/uploads\/2015\/09\/AteliersBudget2016-150x60.jpg 150w, https:\/\/www.ades-grenoble.org\/wordpress\/wp-content\/uploads\/2015\/09\/AteliersBudget2016-300x120.jpg 300w\" sizes=\"auto, (max-width: 416px) 100vw, 416px\" \/>Mardi 29 septembre de 18 h \u00e0 21 h \u00e0 la mairie, la Ville de Grenoble vous convie \u00e0 un atelier public et gratuit autour du th\u00e8me \u00a0\u00bb <em>Un budget pour 2016<\/em> \u00ab\u00a0. Vous ne pourrez pas dire\u00a0: je ne savais pas\u00a0!<\/p>\n<p>Inscription obligatoire sur internet <a href=\"http:\/\/www.grenoble.fr\/agenda\/5751\/38-un-budget-pour-2016.htm\" target=\"_blank\">ici<\/a>.<\/p>\n","protected":false},"excerpt":{"rendered":"<p>Mardi 29 septembre de 18 h \u00e0 21 h \u00e0 la mairie, la Ville de Grenoble vous convie \u00e0 un atelier public et gratuit autour du th\u00e8me \u00a0\u00bb Un budget pour 2016 \u00ab\u00a0. Vous ne pourrez pas dire\u00a0: je ne savais pas\u00a0! Inscription obligatoire sur internet ici.<\/p>\n","protected":false},"author":1,"featured_media":0,"comment_status":"closed","ping_status":"open","sticky":false,"template":"","format":"standard","meta":{"twitterCardType":"","cardImageID":0,"cardImage":"","cardTitle":"","cardDesc":"","cardImageAlt":"","cardPlayer":"","cardPlayerWidth":0,"cardPlayerHeight":0,"cardPlayerStream":"","cardPlayerCodec":"","footnotes":""},"categories":[62,11],"tags":[47,35,19],"class_list":["post-10721","post","type-post","status-publish","format-standard","hentry","category-le-rouge-le-vert-hebdo","category-politique-locale","tag-budget-alternatif","tag-democratie-locale","tag-impots"],"_links":{"self":[{"href":"https:\/\/www.ades-grenoble.org\/wordpress\/wp-json\/wp\/v2\/posts\/10721","targetHints":{"allow":["GET"]}}],"collection":[{"href":"https:\/\/www.ades-grenoble.org\/wordpress\/wp-json\/wp\/v2\/posts"}],"about":[{"href":"https:\/\/www.ades-grenoble.org\/wordpress\/wp-json\/wp\/v2\/types\/post"}],"author":[{"embeddable":true,"href":"https:\/\/www.ades-grenoble.org\/wordpress\/wp-json\/wp\/v2\/users\/1"}],"replies":[{"embeddable":true,"href":"https:\/\/www.ades-grenoble.org\/wordpress\/wp-json\/wp\/v2\/comments?post=10721"}],"version-history":[{"count":1,"href":"https:\/\/www.ades-grenoble.org\/wordpress\/wp-json\/wp\/v2\/posts\/10721\/revisions"}],"predecessor-version":[{"id":10723,"href":"https:\/\/www.ades-grenoble.org\/wordpress\/wp-json\/wp\/v2\/posts\/10721\/revisions\/10723"}],"wp:attachment":[{"href":"https:\/\/www.ades-grenoble.org\/wordpress\/wp-json\/wp\/v2\/media?parent=10721"}],"wp:term":[{"taxonomy":"category","embeddable":true,"href":"https:\/\/www.ades-grenoble.org\/wordpress\/wp-json\/wp\/v2\/categories?post=10721"},{"taxonomy":"post_tag","embeddable":true,"href":"https:\/\/www.ades-grenoble.org\/wordpress\/wp-json\/wp\/v2\/tags?post=10721"}],"curies":[{"name":"wp","href":"https:\/\/api.w.org\/{rel}","templated":true}]}}