{"id":10800,"date":"2015-10-16T16:00:08","date_gmt":"2015-10-16T15:00:08","guid":{"rendered":"http:\/\/www.ades-grenoble.org\/wordpress\/?p=10800"},"modified":"2015-10-16T20:21:04","modified_gmt":"2015-10-16T19:21:04","slug":"la-ville-durable-creuserait-les-inegalites-hommes-femmes","status":"publish","type":"post","link":"https:\/\/www.ades-grenoble.org\/wordpress\/2015\/10\/16\/la-ville-durable-creuserait-les-inegalites-hommes-femmes\/","title":{"rendered":"La ville durable creuserait les in\u00e9galit\u00e9s hommes-femmes !"},"content":{"rendered":"<p style=\"text-align: justify;\"><img loading=\"lazy\" decoding=\"async\" class=\"size-full wp-image-10438 alignleft\" src=\"http:\/\/www.ades-grenoble.org\/wordpress\/wp-content\/uploads\/2015\/07\/C2D.jpg\" alt=\"C2D\" width=\"256\" height=\"264\" srcset=\"https:\/\/www.ades-grenoble.org\/wordpress\/wp-content\/uploads\/2015\/07\/C2D.jpg 256w, https:\/\/www.ades-grenoble.org\/wordpress\/wp-content\/uploads\/2015\/07\/C2D-145x150.jpg 145w\" sizes=\"auto, (max-width: 256px) 100vw, 256px\" \/>Le\u00a0Conseil de d\u00e9veloppement de la M\u00e9tro (C2D) s\u2019\u00e9tait auto-saisi en 2013 sur les questions de genre et d&rsquo;engagement d\u00e9mocratique. En septembre 2013, une projection-d\u00e9bat a \u00e9t\u00e9 organis\u00e9e avec\u00a0une intervention d&rsquo;Yves Raibaud, membre du Conseil de d\u00e9veloppement durable de la Communaut\u00e9 urbaine de Bordeaux, en charge du groupe de travail \u00ab\u00a0<em>Genre et ville\u00a0<\/em>\u00bb et ma\u00eetre de conf\u00e9rence \u00e0 l&rsquo;Universit\u00e9 Michel de Montaigne de Bordeaux. En juin 2014, le C2D a produit des recommandations pour la M\u00e9tro\u00a0:<\/p>\n<p style=\"text-align: justify;\"><a href=\"http:\/\/www.maison-egalite-femmes-hommes.fr\/tzr\/scripts\/downloader2.php?filename=T012\/fichier\/75\/3e\/4zahy8efwbym\/2&amp;mime=application\/pdf&amp;originalname=Rapport_C2D_-_genre_et_engagement_democratique_2014.pdf&amp;moid=38\">\u00a0Rapport C2D &#8211; genre et engagement d\u00e9mocratique 2014.pdf<\/a><\/p>\n<p style=\"text-align: justify;\"><!--more--><\/p>\n<p style=\"text-align: justify;\">Le 10 septembre 2015, le m\u00eame Yves Raibaud pr\u00e9cisait dans le journal du CNRS ses r\u00e9flexions sur le genre et intitulait son article\u00a0:\u00a0<em>\u00ab\u00a0<\/em><em>La ville durable creuse les in\u00e9galit\u00e9s\u00a0\u00bb, <\/em>qui force \u00e0 r\u00e9fl\u00e9chir\u00a0:<\/p>\n<p style=\"text-align: justify;\"><em>\u00ab\u00a0\u00c0 quoi ressemblera la ville de demain\u00a0? Comment la penser, la construire et la g\u00e9rer\u00a0?\u00a0\u00bb, s\u2019interroge le minist\u00e8re fran\u00e7ais du D\u00e9veloppement durable sur son site Internet. L\u2019\u00e9puisement des \u00e9nergies fossiles, le r\u00e9chauffement climatique et la pollution apparaissent aujourd\u2019hui comme des menaces aussi importantes pour la ville que les conflits sociaux et l\u2019ins\u00e9curit\u00e9. Mais des solutions qui semblent faire consensus\u00a0(d\u00e9veloppement des deux-roues, de la marche, des transports en commun, du covoiturage, etc.) sont aussi celles qui creusent les in\u00e9galit\u00e9s entre les femmes et les hommes. Par ailleurs, les d\u00e9cideurs\u00a0(\u00e9lus, responsables des finances, de l\u2019urbanisme, des transports, des grands travaux), sont en grande majorit\u00e9 des hommes, comme le montrent nos travaux sur la Communaut\u00e9 urbaine de Bordeaux\u2026<\/em><\/p>\n<p style=\"text-align: justify;\">Pour lire tout l\u2019article, cliquez <a href=\"https:\/\/lejournal.cnrs.fr\/billets\/la-ville-durable-creuse-les-inegalites\" target=\"_blank\">ici<\/a>.<\/p>\n","protected":false},"excerpt":{"rendered":"<p>Le\u00a0Conseil de d\u00e9veloppement de la M\u00e9tro (C2D) s\u2019\u00e9tait auto-saisi en 2013 sur les questions de genre et d&rsquo;engagement d\u00e9mocratique. En septembre 2013, une projection-d\u00e9bat a \u00e9t\u00e9 organis\u00e9e avec\u00a0une intervention d&rsquo;Yves Raibaud, membre du Conseil de d\u00e9veloppement durable de la Communaut\u00e9 urbaine de Bordeaux, en charge du groupe de travail \u00ab\u00a0Genre et ville\u00a0\u00bb et ma\u00eetre de [&hellip;]<\/p>\n","protected":false},"author":1,"featured_media":0,"comment_status":"closed","ping_status":"open","sticky":false,"template":"","format":"standard","meta":{"twitterCardType":"","cardImageID":0,"cardImage":"","cardTitle":"","cardDesc":"","cardImageAlt":"","cardPlayer":"","cardPlayerWidth":0,"cardPlayerHeight":0,"cardPlayerStream":"","cardPlayerCodec":"","footnotes":""},"categories":[62,11],"tags":[42,183],"class_list":["post-10800","post","type-post","status-publish","format-standard","hentry","category-le-rouge-le-vert-hebdo","category-politique-locale","tag-droits-des-femmes","tag-egalite"],"_links":{"self":[{"href":"https:\/\/www.ades-grenoble.org\/wordpress\/wp-json\/wp\/v2\/posts\/10800","targetHints":{"allow":["GET"]}}],"collection":[{"href":"https:\/\/www.ades-grenoble.org\/wordpress\/wp-json\/wp\/v2\/posts"}],"about":[{"href":"https:\/\/www.ades-grenoble.org\/wordpress\/wp-json\/wp\/v2\/types\/post"}],"author":[{"embeddable":true,"href":"https:\/\/www.ades-grenoble.org\/wordpress\/wp-json\/wp\/v2\/users\/1"}],"replies":[{"embeddable":true,"href":"https:\/\/www.ades-grenoble.org\/wordpress\/wp-json\/wp\/v2\/comments?post=10800"}],"version-history":[{"count":1,"href":"https:\/\/www.ades-grenoble.org\/wordpress\/wp-json\/wp\/v2\/posts\/10800\/revisions"}],"predecessor-version":[{"id":10801,"href":"https:\/\/www.ades-grenoble.org\/wordpress\/wp-json\/wp\/v2\/posts\/10800\/revisions\/10801"}],"wp:attachment":[{"href":"https:\/\/www.ades-grenoble.org\/wordpress\/wp-json\/wp\/v2\/media?parent=10800"}],"wp:term":[{"taxonomy":"category","embeddable":true,"href":"https:\/\/www.ades-grenoble.org\/wordpress\/wp-json\/wp\/v2\/categories?post=10800"},{"taxonomy":"post_tag","embeddable":true,"href":"https:\/\/www.ades-grenoble.org\/wordpress\/wp-json\/wp\/v2\/tags?post=10800"}],"curies":[{"name":"wp","href":"https:\/\/api.w.org\/{rel}","templated":true}]}}