{"id":10956,"date":"2015-11-20T16:21:29","date_gmt":"2015-11-20T15:21:29","guid":{"rendered":"http:\/\/www.ades-grenoble.org\/wordpress\/?p=10956"},"modified":"2015-11-21T11:45:46","modified_gmt":"2015-11-21T10:45:46","slug":"lephemeride-2016-de-cled12-sort-enfin","status":"publish","type":"post","link":"https:\/\/www.ades-grenoble.org\/wordpress\/2015\/11\/20\/lephemeride-2016-de-cled12-sort-enfin\/","title":{"rendered":"L\u2019\u00e9ph\u00e9m\u00e9ride 2016 de Cled\u201912 sort enfin\u2026"},"content":{"rendered":"<p style=\"text-align: justify;\"><img loading=\"lazy\" decoding=\"async\" class=\"size-full wp-image-10957 alignleft\" src=\"http:\/\/www.ades-grenoble.org\/wordpress\/wp-content\/uploads\/2015\/11\/Cled12.jpg\" alt=\"Cled12\" width=\"258\" height=\"365\" srcset=\"https:\/\/www.ades-grenoble.org\/wordpress\/wp-content\/uploads\/2015\/11\/Cled12.jpg 258w, https:\/\/www.ades-grenoble.org\/wordpress\/wp-content\/uploads\/2015\/11\/Cled12-106x150.jpg 106w, https:\/\/www.ades-grenoble.org\/wordpress\/wp-content\/uploads\/2015\/11\/Cled12-212x300.jpg 212w\" sizes=\"auto, (max-width: 258px) 100vw, 258px\" \/>C\u2019est devenue une tradition, comme chaque ann\u00e9e, le dessinateur humoristique Cled\u201912 met en vente son \u00e9ph\u00e9m\u00e9ride 2016. Avec un dessin en plus puisque 2016 est bissextile\u00a0!<\/p>\n<p style=\"text-align: justify;\">Il d\u00e9dicace son \u0153uvre, le samedi 28 novembre \u00e0 BD Fugue, rue Hache \u00e0 Grenoble.<\/p>\n","protected":false},"excerpt":{"rendered":"<p>C\u2019est devenue une tradition, comme chaque ann\u00e9e, le dessinateur humoristique Cled\u201912 met en vente son \u00e9ph\u00e9m\u00e9ride 2016. Avec un dessin en plus puisque 2016 est bissextile\u00a0! Il d\u00e9dicace son \u0153uvre, le samedi 28 novembre \u00e0 BD Fugue, rue Hache \u00e0 Grenoble.<\/p>\n","protected":false},"author":1,"featured_media":0,"comment_status":"closed","ping_status":"open","sticky":false,"template":"","format":"standard","meta":{"twitterCardType":"","cardImageID":0,"cardImage":"","cardTitle":"","cardDesc":"","cardImageAlt":"","cardPlayer":"","cardPlayerWidth":0,"cardPlayerHeight":0,"cardPlayerStream":"","cardPlayerCodec":"","footnotes":""},"categories":[62,11],"tags":[179],"class_list":["post-10956","post","type-post","status-publish","format-standard","hentry","category-le-rouge-le-vert-hebdo","category-politique-locale","tag-presse"],"_links":{"self":[{"href":"https:\/\/www.ades-grenoble.org\/wordpress\/wp-json\/wp\/v2\/posts\/10956","targetHints":{"allow":["GET"]}}],"collection":[{"href":"https:\/\/www.ades-grenoble.org\/wordpress\/wp-json\/wp\/v2\/posts"}],"about":[{"href":"https:\/\/www.ades-grenoble.org\/wordpress\/wp-json\/wp\/v2\/types\/post"}],"author":[{"embeddable":true,"href":"https:\/\/www.ades-grenoble.org\/wordpress\/wp-json\/wp\/v2\/users\/1"}],"replies":[{"embeddable":true,"href":"https:\/\/www.ades-grenoble.org\/wordpress\/wp-json\/wp\/v2\/comments?post=10956"}],"version-history":[{"count":1,"href":"https:\/\/www.ades-grenoble.org\/wordpress\/wp-json\/wp\/v2\/posts\/10956\/revisions"}],"predecessor-version":[{"id":10958,"href":"https:\/\/www.ades-grenoble.org\/wordpress\/wp-json\/wp\/v2\/posts\/10956\/revisions\/10958"}],"wp:attachment":[{"href":"https:\/\/www.ades-grenoble.org\/wordpress\/wp-json\/wp\/v2\/media?parent=10956"}],"wp:term":[{"taxonomy":"category","embeddable":true,"href":"https:\/\/www.ades-grenoble.org\/wordpress\/wp-json\/wp\/v2\/categories?post=10956"},{"taxonomy":"post_tag","embeddable":true,"href":"https:\/\/www.ades-grenoble.org\/wordpress\/wp-json\/wp\/v2\/tags?post=10956"}],"curies":[{"name":"wp","href":"https:\/\/api.w.org\/{rel}","templated":true}]}}