{"id":10959,"date":"2015-11-20T16:29:41","date_gmt":"2015-11-20T15:29:41","guid":{"rendered":"http:\/\/www.ades-grenoble.org\/wordpress\/?p=10959"},"modified":"2015-11-22T10:20:40","modified_gmt":"2015-11-22T09:20:40","slug":"politique-politicienne-57","status":"publish","type":"post","link":"https:\/\/www.ades-grenoble.org\/wordpress\/2015\/11\/20\/politique-politicienne-57\/","title":{"rendered":"Politique politicienne"},"content":{"rendered":"<p style=\"text-align: justify;\"><img loading=\"lazy\" decoding=\"async\" class=\"size-full wp-image-9206 alignleft\" src=\"http:\/\/www.ades-grenoble.org\/wordpress\/wp-content\/uploads\/2014\/10\/TribunalAdministratif2.jpg\" alt=\"Tribunal Administratif\" width=\"300\" height=\"200\" srcset=\"https:\/\/www.ades-grenoble.org\/wordpress\/wp-content\/uploads\/2014\/10\/TribunalAdministratif2.jpg 300w, https:\/\/www.ades-grenoble.org\/wordpress\/wp-content\/uploads\/2014\/10\/TribunalAdministratif2-150x100.jpg 150w\" sizes=\"auto, (max-width: 300px) 100vw, 300px\" \/>Le maire de Grenoble a d\u00e9cid\u00e9 d\u2019une journ\u00e9e de fermeture de la plupart des services municipaux le 25 novembre pour d\u00e9noncer la baisse violente des dotations de l\u2019Etat aux collectivit\u00e9s qui organise une p\u00e9nurie financi\u00e8re jamais vue auparavant. J\u00e9r\u00f4me Safar au nom du groupe d\u2019opposition PS et assimil\u00e9s a d\u00e9pos\u00e9 le jeudi 12 novembre au tribunal administratif un r\u00e9f\u00e9r\u00e9 libert\u00e9, afin dit-il que \u00ab\u00a0la justice statue sur la l\u00e9galit\u00e9 de cette d\u00e9cision. Je ne demande pas au tribunal administratif de valider ma position politique sur la question, mais simplement de nous dire si la d\u00e9cision de la municipalit\u00e9 est juridiquement acceptable\u00a0\u00bb. Le juge a alors 48 heures pour se prononcer. Le juge des r\u00e9f\u00e9r\u00e9s l\u2019a renvoy\u00e9 dans ses cordes d\u00e9cidant que le recours n\u2019\u00e9tait pas recevable. En effet pour \u00eatre recevable il faut qu\u2019une libert\u00e9 fondamentale soit mise en cause, ce qui n\u2019\u00e9tait \u00e9videmment pas le cas ici. J. Safar qui se permet des proc\u00e8s en comp\u00e9tence tous les jours contre la majorit\u00e9 municipale, devra r\u00e9viser s\u00e9rieusement ses cours de droit. Conclusion la justice n\u2019emp\u00eache nullement le maire d\u2019organiser la journ\u00e9e d\u2019action contre l\u2019aust\u00e9rit\u00e9 financi\u00e8re du 25 novembre. Piolle 1- Safar 0.<\/p>\n","protected":false},"excerpt":{"rendered":"<p>Le maire de Grenoble a d\u00e9cid\u00e9 d\u2019une journ\u00e9e de fermeture de la plupart des services municipaux le 25 novembre pour d\u00e9noncer la baisse violente des dotations de l\u2019Etat aux collectivit\u00e9s qui organise une p\u00e9nurie financi\u00e8re jamais vue auparavant. J\u00e9r\u00f4me Safar au nom du groupe d\u2019opposition PS et assimil\u00e9s a d\u00e9pos\u00e9 le jeudi 12 novembre au [&hellip;]<\/p>\n","protected":false},"author":1,"featured_media":0,"comment_status":"closed","ping_status":"open","sticky":false,"template":"","format":"standard","meta":{"twitterCardType":"","cardImageID":0,"cardImage":"","cardTitle":"","cardDesc":"","cardImageAlt":"","cardPlayer":"","cardPlayerWidth":0,"cardPlayerHeight":0,"cardPlayerStream":"","cardPlayerCodec":"","footnotes":""},"categories":[62,11],"tags":[52,54],"class_list":["post-10959","post","type-post","status-publish","format-standard","hentry","category-le-rouge-le-vert-hebdo","category-politique-locale","tag-justice-administrative","tag-politique-droite-gauche"],"_links":{"self":[{"href":"https:\/\/www.ades-grenoble.org\/wordpress\/wp-json\/wp\/v2\/posts\/10959","targetHints":{"allow":["GET"]}}],"collection":[{"href":"https:\/\/www.ades-grenoble.org\/wordpress\/wp-json\/wp\/v2\/posts"}],"about":[{"href":"https:\/\/www.ades-grenoble.org\/wordpress\/wp-json\/wp\/v2\/types\/post"}],"author":[{"embeddable":true,"href":"https:\/\/www.ades-grenoble.org\/wordpress\/wp-json\/wp\/v2\/users\/1"}],"replies":[{"embeddable":true,"href":"https:\/\/www.ades-grenoble.org\/wordpress\/wp-json\/wp\/v2\/comments?post=10959"}],"version-history":[{"count":4,"href":"https:\/\/www.ades-grenoble.org\/wordpress\/wp-json\/wp\/v2\/posts\/10959\/revisions"}],"predecessor-version":[{"id":10986,"href":"https:\/\/www.ades-grenoble.org\/wordpress\/wp-json\/wp\/v2\/posts\/10959\/revisions\/10986"}],"wp:attachment":[{"href":"https:\/\/www.ades-grenoble.org\/wordpress\/wp-json\/wp\/v2\/media?parent=10959"}],"wp:term":[{"taxonomy":"category","embeddable":true,"href":"https:\/\/www.ades-grenoble.org\/wordpress\/wp-json\/wp\/v2\/categories?post=10959"},{"taxonomy":"post_tag","embeddable":true,"href":"https:\/\/www.ades-grenoble.org\/wordpress\/wp-json\/wp\/v2\/tags?post=10959"}],"curies":[{"name":"wp","href":"https:\/\/api.w.org\/{rel}","templated":true}]}}