{"id":10965,"date":"2015-11-21T08:47:09","date_gmt":"2015-11-21T07:47:09","guid":{"rendered":"http:\/\/www.ades-grenoble.org\/wordpress\/?p=10965"},"modified":"2015-11-21T11:46:08","modified_gmt":"2015-11-21T10:46:08","slug":"accessibilite-grenoble-recompense-par-lapajh","status":"publish","type":"post","link":"https:\/\/www.ades-grenoble.org\/wordpress\/2015\/11\/21\/accessibilite-grenoble-recompense-par-lapajh\/","title":{"rendered":"Accessibilit\u00e9, Grenoble r\u00e9compens\u00e9 par l\u2019APAJH"},"content":{"rendered":"<div id=\"attachment_10966\" style=\"width: 310px\" class=\"wp-caption alignleft\"><img loading=\"lazy\" decoding=\"async\" aria-describedby=\"caption-attachment-10966\" class=\"size-full wp-image-10966\" src=\"http:\/\/www.ades-grenoble.org\/wordpress\/wp-content\/uploads\/2015\/11\/AccessibiliteDL.jpg\" alt=\"\u00a9 Dauphin\u00e9 Lib\u00e9r\u00e9\" width=\"300\" height=\"443\" srcset=\"https:\/\/www.ades-grenoble.org\/wordpress\/wp-content\/uploads\/2015\/11\/AccessibiliteDL.jpg 300w, https:\/\/www.ades-grenoble.org\/wordpress\/wp-content\/uploads\/2015\/11\/AccessibiliteDL-102x150.jpg 102w, https:\/\/www.ades-grenoble.org\/wordpress\/wp-content\/uploads\/2015\/11\/AccessibiliteDL-203x300.jpg 203w\" sizes=\"auto, (max-width: 300px) 100vw, 300px\" \/><p id=\"caption-attachment-10966\" class=\"wp-caption-text\">\u00a9 Dauphin\u00e9 Lib\u00e9r\u00e9<\/p><\/div>\n<p style=\"text-align: justify;\">M\u00eame si beaucoup reste \u00e0 faire, les efforts de la ville de Grenoble depuis de longues ann\u00e9es, notamment sous l\u2019impulsion de Fran\u00e7ois Suchod, sont r\u00e9guli\u00e8rement donn\u00e9s en exemple. Depuis bient\u00f4t 50 ans, l&rsquo;APAJH, Association pour Adultes et Jeunes Handicap\u00e9s agit pour faire avancer la r\u00e9flexion et l&rsquo;action en faveur des personnes en situation de handicap, autour des valeurs de la\u00efcit\u00e9, citoyennet\u00e9 et solidarit\u00e9. R\u00e9guli\u00e8rement l\u2019Apajh organise une remise de troph\u00e9es pour r\u00e9compenser les initiatives les plus pertinentes pour am\u00e9liorer l\u2019accessibilit\u00e9 en g\u00e9n\u00e9ral.<\/p>\n<p style=\"text-align: justify;\">Le 10 novembre 2015, a eu lieu la 11<sup>\u00e8me<\/sup> c\u00e9r\u00e9monie des Troph\u00e9es Apajh. Cet \u00e9v\u00e8nement d\u00e9di\u00e9 au handicap a couronn\u00e9 cinq initiatives. Parmi elles, celle de la ville de Grenoble pour son mois de l&rsquo;accessibilit\u00e9 qui a eu lieu du 11 septembre \u00e0 17 octobre 2015.<\/p>\n<p style=\"text-align: justify;\"><!--more--><\/p>\n<p style=\"text-align: justify;\">\u00a0L&rsquo;op\u00e9ration de la ville avait pour objectif \u00ab\u00a0<em>de renforcer la sensibilisation au handicap et mettre en valeur le champ d&rsquo;innovation sociale d\u00e9velopp\u00e9 par la ville (mus\u00e9es avec bas-reliefs tactiles, parcours ludiques polysensoriels, adaptation du mat\u00e9riel informatique de la biblioth\u00e8que aux d\u00e9ficients visuels, etc.)<\/em>\u00a0\u00bb.<\/p>\n<p style=\"text-align: justify;\">Grenoble se retrouve r\u00e9guli\u00e8rement dans le haut des classements des villes les plus accessibles de France.\u00a0Elle fait figure d\u2019exemple dans le dernier barom\u00e8tre de l\u2019APF (Association des paralys\u00e9s de France)\u00a0:<\/p>\n<p style=\"text-align: justify;\"><em>\u00ab\u00a0Se payer un caf\u00e9 \u00e0 Grenoble, visiter un mus\u00e9e nantais et faire ses courses \u00e0 Caen : voil\u00e0 le parcours gagnant d\u2019une personne en situation de handicap au regard du 5<sup>e<\/sup> barom\u00e8tre APF de l\u2019accessibilit\u00e9, d\u00e9voil\u00e9 ce matin. Ces villes s\u2019offrent les trois premi\u00e8res places d\u2019un podium convoit\u00e9, avec des notes de 18,7, 18 et 17,6\/20. Et pour les personnes qui habitent ailleurs ?\u00a0\u00bb<\/em><\/p>\n<p style=\"text-align: justify;\">Pour ne savoir plus, lire <a href=\"http:\/\/www.faire-face.fr\/2014\/02\/11\/5e-barometre-apf-de-laccessibilite-2015-le-rendez-vous-manque\/\" target=\"_blank\">ici<\/a>.<\/p>\n","protected":false},"excerpt":{"rendered":"<p>M\u00eame si beaucoup reste \u00e0 faire, les efforts de la ville de Grenoble depuis de longues ann\u00e9es, notamment sous l\u2019impulsion de Fran\u00e7ois Suchod, sont r\u00e9guli\u00e8rement donn\u00e9s en exemple. Depuis bient\u00f4t 50 ans, l&rsquo;APAJH, Association pour Adultes et Jeunes Handicap\u00e9s agit pour faire avancer la r\u00e9flexion et l&rsquo;action en faveur des personnes en situation de handicap, [&hellip;]<\/p>\n","protected":false},"author":1,"featured_media":0,"comment_status":"closed","ping_status":"open","sticky":false,"template":"","format":"standard","meta":{"twitterCardType":"","cardImageID":0,"cardImage":"","cardTitle":"","cardDesc":"","cardImageAlt":"","cardPlayer":"","cardPlayerWidth":0,"cardPlayerHeight":0,"cardPlayerStream":"","cardPlayerCodec":"","footnotes":""},"categories":[62,11],"tags":[150,225],"class_list":["post-10965","post","type-post","status-publish","format-standard","hentry","category-le-rouge-le-vert-hebdo","category-politique-locale","tag-accessibilite","tag-handicap"],"_links":{"self":[{"href":"https:\/\/www.ades-grenoble.org\/wordpress\/wp-json\/wp\/v2\/posts\/10965","targetHints":{"allow":["GET"]}}],"collection":[{"href":"https:\/\/www.ades-grenoble.org\/wordpress\/wp-json\/wp\/v2\/posts"}],"about":[{"href":"https:\/\/www.ades-grenoble.org\/wordpress\/wp-json\/wp\/v2\/types\/post"}],"author":[{"embeddable":true,"href":"https:\/\/www.ades-grenoble.org\/wordpress\/wp-json\/wp\/v2\/users\/1"}],"replies":[{"embeddable":true,"href":"https:\/\/www.ades-grenoble.org\/wordpress\/wp-json\/wp\/v2\/comments?post=10965"}],"version-history":[{"count":1,"href":"https:\/\/www.ades-grenoble.org\/wordpress\/wp-json\/wp\/v2\/posts\/10965\/revisions"}],"predecessor-version":[{"id":10967,"href":"https:\/\/www.ades-grenoble.org\/wordpress\/wp-json\/wp\/v2\/posts\/10965\/revisions\/10967"}],"wp:attachment":[{"href":"https:\/\/www.ades-grenoble.org\/wordpress\/wp-json\/wp\/v2\/media?parent=10965"}],"wp:term":[{"taxonomy":"category","embeddable":true,"href":"https:\/\/www.ades-grenoble.org\/wordpress\/wp-json\/wp\/v2\/categories?post=10965"},{"taxonomy":"post_tag","embeddable":true,"href":"https:\/\/www.ades-grenoble.org\/wordpress\/wp-json\/wp\/v2\/tags?post=10965"}],"curies":[{"name":"wp","href":"https:\/\/api.w.org\/{rel}","templated":true}]}}