{"id":11057,"date":"2015-12-11T20:56:28","date_gmt":"2015-12-11T19:56:28","guid":{"rendered":"http:\/\/www.ades-grenoble.org\/wordpress\/?p=11057"},"modified":"2015-12-11T21:56:48","modified_gmt":"2015-12-11T20:56:48","slug":"les-sans-abri-ont-droit-a-un-toit","status":"publish","type":"post","link":"https:\/\/www.ades-grenoble.org\/wordpress\/2015\/12\/11\/les-sans-abri-ont-droit-a-un-toit\/","title":{"rendered":"Les sans-abri ont droit \u00e0 un toit"},"content":{"rendered":"<p style=\"text-align: justify;\"><strong><img loading=\"lazy\" decoding=\"async\" class=\"size-full wp-image-10284 alignleft\" src=\"http:\/\/www.ades-grenoble.org\/wordpress\/wp-content\/uploads\/2015\/05\/evacuation-campement.jpg\" alt=\"evacuation-campement\" width=\"400\" height=\"200\" srcset=\"https:\/\/www.ades-grenoble.org\/wordpress\/wp-content\/uploads\/2015\/05\/evacuation-campement.jpg 400w, https:\/\/www.ades-grenoble.org\/wordpress\/wp-content\/uploads\/2015\/05\/evacuation-campement-150x75.jpg 150w, https:\/\/www.ades-grenoble.org\/wordpress\/wp-content\/uploads\/2015\/05\/evacuation-campement-300x150.jpg 300w\" sizes=\"auto, (max-width: 400px) 100vw, 400px\" \/>Face \u00e0 la d\u00e9gradation des conditions de vie des sans-abris dans l\u2019agglom\u00e9ration des associations poussent un coup de gueule\u00a0! Voici leur communiqu\u00e9\u00a0:<\/strong><\/p>\n<p style=\"text-align: justify;\"><strong><em>\u00ab\u00a0Les associations \u00ab\u00a0Romsaction, Secours Catholique de l\u2019Is\u00e8re et les collectifs Migrants en Is\u00e8re et Associations Unies Is\u00e8re-Alerte,\u00a0en col\u00e8re, interpellent les pouvoirs publics pour qu\u2019ils prennent leurs responsabilit\u00e9s<\/em><\/strong><\/p>\n<ul style=\"text-align: justify;\">\n<li><strong><em>Les sans-abri ont droit \u00e0 un toit mais leur situation sur l\u2019agglom\u00e9ration grenobloise ne cesse de se d\u00e9grader<\/em><\/strong><\/li>\n<\/ul>\n<p style=\"text-align: justify;\"><em>Sur le territoire de la M\u00e9tro, pr\u00e8s de 25OO personnes,\u00a0adultes et enfants ont besoin d\u2019un h\u00e9bergement, dont 600 vivent dans la rue, dans des campements ou squats de fortune. La r\u00e9ponse actuelle des autorit\u00e9s, c\u2019est l\u2019\u00e9vacuation des lieux de vie, sans solution ni\u00a0accompagnement : 12 sites \u00e9vacu\u00e9s depuis janvier 2015, plus de 800 personnes concern\u00e9es, dont 50% d&rsquo;enfants (cf compte rendu de la derni\u00e8re \u00e9vacuation le 29 octobre \u00e0 Echirolles), avec les drames humains qui en r\u00e9sultent, les scolarisations interrompues, les processus d\u2019insertion arr\u00eat\u00e9s. Comment sera l\u2019hiver ?<\/em><\/p>\n<p style=\"text-align: justify;\"><!--more--><\/p>\n<ul style=\"text-align: justify;\">\n<li><strong><em>Au-del\u00e0 du drame humain, un g\u00e2chis financier. <\/em><\/strong><\/li>\n<\/ul>\n<p style=\"text-align: justify;\"><em>Cette situation inacceptable conduit \u00e0 un mauvais usage de l\u2019argent public. Une \u00e9vacuation co\u00fbte cher au contribuable. La vie \u00e0 la rue co\u00fbte cher aussi, d\u2019abord pour la sant\u00e9. Des solutions doivent \u00eatre trouv\u00e9es, elles existent.<\/em><\/p>\n<ul style=\"text-align: justify;\">\n<li><strong><em>Un projet pilote refus\u00e9. <\/em><\/strong><\/li>\n<\/ul>\n<p style=\"text-align: justify;\"><em>Avec le soutien de la Fondation Abb\u00e9\u00a0Pierre, nos associations ont propos\u00e9 d\u2019exp\u00e9rimenter une formule d\u2019h\u00e9bergement et d\u2019insertion \u00e0 moindre co\u00fbt pour les habitants d\u2019un bidonville sur l\u2019agglom\u00e9ration. La M\u00e9tro a refus\u00e9 de soutenir ce projet, dans un premier temps\u00a0encourag\u00e9.\u00a0<\/em><\/p>\n<ul style=\"text-align: justify;\">\n<li><strong><em>Que chacun prenne ses responsabilit\u00e9s.<\/em><\/strong><\/li>\n<\/ul>\n<p style=\"text-align: justify;\"><em>L\u2019Etat doit d\u00e9gager les moyens n\u00e9cessaires &#8211; d&rsquo;abord en\u00a0r\u00e9orientant les cr\u00e9dits pour les \u00e9vacuations &#8211; pour respecter le droit \u00e0 l\u2019h\u00e9bergement\u00a0!\u00a0 Les collectivit\u00e9s locales doivent toutes s\u2019impliquer dans l\u2019am\u00e9lioration des conditions de vie des familles qui vivent durablement sur leur territoire, la M\u00e9tro jouant un r\u00f4le moteur.<br \/>\nNous demandons \u00a0des b\u00e2timents ou un ou plusieurs terrains viabilis\u00e9s pour permettre \u00e0 des familles de se poser pendant l\u2019hiver. Nous sommes \u00e9galement pr\u00eats \u00e0 travailler avec tous les partenaires sur un projet global de plus grande envergure.<br \/>\nEn raison de l\u2019absence insupportable de r\u00e9ponses \u00e0 toutes nos sollicitations nous vous demandons de diffuser au niveau national ces informations sur le traitement indigne, et in\u00e9galitaire de la part de l&rsquo;Etat, des populations en situation pr\u00e9caire dans l\u2019agglom\u00e9ration grenobloise.\u00a0\u00bb<\/em><\/p>\n","protected":false},"excerpt":{"rendered":"<p>Face \u00e0 la d\u00e9gradation des conditions de vie des sans-abris dans l\u2019agglom\u00e9ration des associations poussent un coup de gueule\u00a0! Voici leur communiqu\u00e9\u00a0: \u00ab\u00a0Les associations \u00ab\u00a0Romsaction, Secours Catholique de l\u2019Is\u00e8re et les collectifs Migrants en Is\u00e8re et Associations Unies Is\u00e8re-Alerte,\u00a0en col\u00e8re, interpellent les pouvoirs publics pour qu\u2019ils prennent leurs responsabilit\u00e9s Les sans-abri ont droit \u00e0 un [&hellip;]<\/p>\n","protected":false},"author":1,"featured_media":0,"comment_status":"closed","ping_status":"open","sticky":false,"template":"","format":"standard","meta":{"twitterCardType":"","cardImageID":0,"cardImage":"","cardTitle":"","cardDesc":"","cardImageAlt":"","cardPlayer":"","cardPlayerWidth":0,"cardPlayerHeight":0,"cardPlayerStream":"","cardPlayerCodec":"","footnotes":""},"categories":[62,11],"tags":[209,181,182],"class_list":["post-11057","post","type-post","status-publish","format-standard","hentry","category-le-rouge-le-vert-hebdo","category-politique-locale","tag-hebergement","tag-precarite","tag-solidarite"],"_links":{"self":[{"href":"https:\/\/www.ades-grenoble.org\/wordpress\/wp-json\/wp\/v2\/posts\/11057","targetHints":{"allow":["GET"]}}],"collection":[{"href":"https:\/\/www.ades-grenoble.org\/wordpress\/wp-json\/wp\/v2\/posts"}],"about":[{"href":"https:\/\/www.ades-grenoble.org\/wordpress\/wp-json\/wp\/v2\/types\/post"}],"author":[{"embeddable":true,"href":"https:\/\/www.ades-grenoble.org\/wordpress\/wp-json\/wp\/v2\/users\/1"}],"replies":[{"embeddable":true,"href":"https:\/\/www.ades-grenoble.org\/wordpress\/wp-json\/wp\/v2\/comments?post=11057"}],"version-history":[{"count":1,"href":"https:\/\/www.ades-grenoble.org\/wordpress\/wp-json\/wp\/v2\/posts\/11057\/revisions"}],"predecessor-version":[{"id":11058,"href":"https:\/\/www.ades-grenoble.org\/wordpress\/wp-json\/wp\/v2\/posts\/11057\/revisions\/11058"}],"wp:attachment":[{"href":"https:\/\/www.ades-grenoble.org\/wordpress\/wp-json\/wp\/v2\/media?parent=11057"}],"wp:term":[{"taxonomy":"category","embeddable":true,"href":"https:\/\/www.ades-grenoble.org\/wordpress\/wp-json\/wp\/v2\/categories?post=11057"},{"taxonomy":"post_tag","embeddable":true,"href":"https:\/\/www.ades-grenoble.org\/wordpress\/wp-json\/wp\/v2\/tags?post=11057"}],"curies":[{"name":"wp","href":"https:\/\/api.w.org\/{rel}","templated":true}]}}