{"id":11089,"date":"2015-12-19T08:21:38","date_gmt":"2015-12-19T07:21:38","guid":{"rendered":"http:\/\/www.ades-grenoble.org\/wordpress\/?p=11089"},"modified":"2015-12-19T08:56:00","modified_gmt":"2015-12-19T07:56:00","slug":"prevention-specialisee-en-danger-en-isere-pour-le-maintien-des-educateurs-de-rue","status":"publish","type":"post","link":"https:\/\/www.ades-grenoble.org\/wordpress\/2015\/12\/19\/prevention-specialisee-en-danger-en-isere-pour-le-maintien-des-educateurs-de-rue\/","title":{"rendered":"Pr\u00e9vention sp\u00e9cialis\u00e9e en danger en Is\u00e8re : pour le maintien des \u00e9ducateurs de rue"},"content":{"rendered":"<p style=\"text-align: justify;\"><img loading=\"lazy\" decoding=\"async\" class=\"size-full wp-image-10011 alignleft\" src=\"http:\/\/www.ades-grenoble.org\/wordpress\/wp-content\/uploads\/2015\/04\/CDI.jpg\" alt=\"CDI\" width=\"400\" height=\"267\" srcset=\"https:\/\/www.ades-grenoble.org\/wordpress\/wp-content\/uploads\/2015\/04\/CDI.jpg 400w, https:\/\/www.ades-grenoble.org\/wordpress\/wp-content\/uploads\/2015\/04\/CDI-150x100.jpg 150w, https:\/\/www.ades-grenoble.org\/wordpress\/wp-content\/uploads\/2015\/04\/CDI-300x200.jpg 300w\" sizes=\"auto, (max-width: 400px) 100vw, 400px\" \/>Le Conseil d\u00e9partemental de l\u2019Is\u00e8re (CD38) poursuit son d\u00e9tricotage des budgets sociaux. Alors que la situation de nombreux jeunes demanderait une intensification de la pr\u00e9sence d\u2019\u00e9ducateurs de rue pour d\u00e9velopper des actions de pr\u00e9vention, le CD38 va baisser ses budgets 2016 pour la Pr\u00e9vention Sp\u00e9cialis\u00e9e.<\/p>\n<p style=\"text-align: justify;\">Les \u00e9ducateurs de rue font signer une p\u00e9tition pour informer les habitants des dangers de cette d\u00e9cision et faire pression pour que le CD38 maintienne au minimum son budget\u00a0:<\/p>\n<p style=\"text-align: justify;\"><strong><em>\u00ab\u00a0Vos \u00e9ducateurs de rue tiennent \u00e0 vous informer de quelles cons\u00e9quences aura cette baisse\u00a0:<\/em><\/strong><\/p>\n<p style=\"text-align: justify;\"><em>POUR VOUS CONCR\u00c8TEMENT C\u2019EST\u00a0:<\/em><\/p>\n<p style=\"text-align: justify;\"><!--more--><\/p>\n<p style=\"text-align: justify;\"><strong><em>DISPARITION\u00a0<\/em><\/strong><\/p>\n<ul style=\"text-align: justify;\">\n<li><em>D\u2019acteurs de proximit\u00e9 \u00e0 votre \u00e9coute et capable d\u2019\u00e9changer sur vos difficult\u00e9s.<\/em><\/li>\n<li><em>D\u2019une pr\u00e9sence d\u2019adultes ressources en lien avec les jeunes sur le territoire.<\/em><\/li>\n<li><em>D\u2019un professionnel qui met en lumi\u00e8re les besoins, les pr\u00e9occupations et les difficult\u00e9s des habitants adultes et jeunes.<\/em><\/li>\n<li><em>D\u2019un acteur indispensable \u00e0 l\u2019insertion professionnelle.<\/em><\/li>\n<li><em>De professionnel \u00e0 l\u2019initiative ou en soutien d\u2019action favorisant le vivre ensemble et l\u2019implication des jeunes.<\/em><\/li>\n<li><em>Du travail de partenariat et de r\u00e9seau<\/em><\/li>\n<\/ul>\n<p style=\"text-align: justify;\"><strong><em>AUGMENTATION<\/em><\/strong><\/p>\n<ul style=\"text-align: justify;\">\n<li><em>Du risque de marginalisation des populations, des in\u00e9galit\u00e9s et d\u2019isolement des quartiers.<\/em><\/li>\n<\/ul>\n<p style=\"text-align: justify;\"><em>PARCE QUE NOTRE ACTION EST D\u2019UTILITE PUBLIQUE<\/em><\/p>\n<ul style=\"text-align: justify;\">\n<li><em>Nous amenons les jeunes \u00e0 devenir\u00a0<strong>des citoyens<\/strong>\u00a0de demain<\/em><\/li>\n<li><strong><em>Nous soutenons\u00a0<\/em><\/strong><em>des populations en marge dans leur accession aux droits communs.<\/em><\/li>\n<li><em>Nous sommes un des liens entre les politiques et les habitants<\/em><\/li>\n<li><em>Nous \u0153uvrons quotidiennement en proximit\u00e9 sur les territoires de vie des jeunes et de leurs familles<\/em><\/li>\n<li><em>Nous adaptons \u00e0 chaque situation le travail partenarial.<\/em><\/li>\n<\/ul>\n<p style=\"text-align: justify;\"><em>PARCE QUE LA PREVENTION SPECIALISEE PERMET D\u2019ACCOMPAGNER ET DE SOUTENIR UNE POPULATION QUI EST BIEN SOUVENT MISE SOUS SILENCE.<\/em><\/p>\n<ul style=\"text-align: justify;\">\n<li><em>Nous soutenons\u00a0<strong>les jeunes et leurs familles<\/strong>\u00a0qui sont en demande<\/em><\/li>\n<li><em>Nous valorisons et soutenons les comp\u00e9tences des jeunes, et favorisons leur pouvoir\u00a0d\u2019agir<\/em><\/li>\n<li><em>Nous pr\u00e9servons le lien interg\u00e9n\u00e9rationnel<\/em><\/li>\n<li><em>Nous sommes un relais et un soutien aux partenaires\u00a0\u00bb<\/em><\/li>\n<\/ul>\n<p style=\"text-align: justify;\"><em>Pour que la pr\u00e9vention sp\u00e9cialis\u00e9e n\u2019appartienne pas au pass\u00e9, nous vous invitons \u00e0 nous soutenir <a href=\"http:\/\/www.petitions24.net\/prevention_specialisee_isere_en_danger\" target=\"_blank\">ici<\/a>.<\/em><\/p>\n<p style=\"text-align: justify;\">\n","protected":false},"excerpt":{"rendered":"<p>Le Conseil d\u00e9partemental de l\u2019Is\u00e8re (CD38) poursuit son d\u00e9tricotage des budgets sociaux. Alors que la situation de nombreux jeunes demanderait une intensification de la pr\u00e9sence d\u2019\u00e9ducateurs de rue pour d\u00e9velopper des actions de pr\u00e9vention, le CD38 va baisser ses budgets 2016 pour la Pr\u00e9vention Sp\u00e9cialis\u00e9e. Les \u00e9ducateurs de rue font signer une p\u00e9tition pour informer [&hellip;]<\/p>\n","protected":false},"author":1,"featured_media":0,"comment_status":"closed","ping_status":"open","sticky":false,"template":"","format":"standard","meta":{"twitterCardType":"","cardImageID":0,"cardImage":"","cardTitle":"","cardDesc":"","cardImageAlt":"","cardPlayer":"","cardPlayerWidth":0,"cardPlayerHeight":0,"cardPlayerStream":"","cardPlayerCodec":"","footnotes":""},"categories":[62,11],"tags":[216,40,256],"class_list":["post-11089","post","type-post","status-publish","format-standard","hentry","category-le-rouge-le-vert-hebdo","category-politique-locale","tag-conseil-departemental-de-lisere","tag-education","tag-prevention"],"_links":{"self":[{"href":"https:\/\/www.ades-grenoble.org\/wordpress\/wp-json\/wp\/v2\/posts\/11089","targetHints":{"allow":["GET"]}}],"collection":[{"href":"https:\/\/www.ades-grenoble.org\/wordpress\/wp-json\/wp\/v2\/posts"}],"about":[{"href":"https:\/\/www.ades-grenoble.org\/wordpress\/wp-json\/wp\/v2\/types\/post"}],"author":[{"embeddable":true,"href":"https:\/\/www.ades-grenoble.org\/wordpress\/wp-json\/wp\/v2\/users\/1"}],"replies":[{"embeddable":true,"href":"https:\/\/www.ades-grenoble.org\/wordpress\/wp-json\/wp\/v2\/comments?post=11089"}],"version-history":[{"count":1,"href":"https:\/\/www.ades-grenoble.org\/wordpress\/wp-json\/wp\/v2\/posts\/11089\/revisions"}],"predecessor-version":[{"id":11090,"href":"https:\/\/www.ades-grenoble.org\/wordpress\/wp-json\/wp\/v2\/posts\/11089\/revisions\/11090"}],"wp:attachment":[{"href":"https:\/\/www.ades-grenoble.org\/wordpress\/wp-json\/wp\/v2\/media?parent=11089"}],"wp:term":[{"taxonomy":"category","embeddable":true,"href":"https:\/\/www.ades-grenoble.org\/wordpress\/wp-json\/wp\/v2\/categories?post=11089"},{"taxonomy":"post_tag","embeddable":true,"href":"https:\/\/www.ades-grenoble.org\/wordpress\/wp-json\/wp\/v2\/tags?post=11089"}],"curies":[{"name":"wp","href":"https:\/\/api.w.org\/{rel}","templated":true}]}}