{"id":1121,"date":"2010-03-02T20:33:23","date_gmt":"2010-03-02T18:33:23","guid":{"rendered":"http:\/\/www.ades-grenoble.org\/wordpress\/?p=1121"},"modified":"2010-03-11T23:23:04","modified_gmt":"2010-03-11T21:23:04","slug":"a-grenoble-un-meeting-national-pour-les-elections-regionales","status":"publish","type":"post","link":"https:\/\/www.ades-grenoble.org\/wordpress\/2010\/03\/02\/a-grenoble-un-meeting-national-pour-les-elections-regionales\/","title":{"rendered":"A Grenoble, un meeting national pour les \u00e9lections r\u00e9gionales"},"content":{"rendered":"<p>Si vous avez appr\u00e9ci\u00e9 Eva Joly lors de son passage \u00e0 Grenoble \u00e0 l\u2019occasion des \u00e9lections europ\u00e9ennes, vous pourrez venir l\u2019\u00e9couter jeudi 4 mars \u00e0 20 h \u00e0 la Halle Clemenceau, 40 Boulevard Clemenceau, lors d\u2019un meeting d\u2019<a href=\"http:\/\/rhone-alpes.regions-europe-ecologie.fr\" target=\"_blank\">Europe Ecologie<\/a> anim\u00e9 par No\u00ebl Mam\u00e8re et avec de nombreuses personnalit\u00e9s nationales.<\/p>\n","protected":false},"excerpt":{"rendered":"<p>Si vous avez appr\u00e9ci\u00e9 Eva Joly lors de son passage \u00e0 Grenoble \u00e0 l\u2019occasion des \u00e9lections europ\u00e9ennes, vous pourrez venir l\u2019\u00e9couter jeudi 4 mars \u00e0 20 h \u00e0 la Halle Clemenceau, 40 Boulevard Clemenceau, lors d\u2019un meeting d\u2019Europe Ecologie anim\u00e9 par No\u00ebl Mam\u00e8re et avec de nombreuses personnalit\u00e9s nationales.<\/p>\n","protected":false},"author":1,"featured_media":0,"comment_status":"open","ping_status":"open","sticky":false,"template":"","format":"standard","meta":{"twitterCardType":"","cardImageID":0,"cardImage":"","cardTitle":"","cardDesc":"","cardImageAlt":"","cardPlayer":"","cardPlayerWidth":0,"cardPlayerHeight":0,"cardPlayerStream":"","cardPlayerCodec":"","footnotes":""},"categories":[11],"tags":[59],"class_list":["post-1121","post","type-post","status-publish","format-standard","hentry","category-politique-locale","tag-regionales"],"_links":{"self":[{"href":"https:\/\/www.ades-grenoble.org\/wordpress\/wp-json\/wp\/v2\/posts\/1121","targetHints":{"allow":["GET"]}}],"collection":[{"href":"https:\/\/www.ades-grenoble.org\/wordpress\/wp-json\/wp\/v2\/posts"}],"about":[{"href":"https:\/\/www.ades-grenoble.org\/wordpress\/wp-json\/wp\/v2\/types\/post"}],"author":[{"embeddable":true,"href":"https:\/\/www.ades-grenoble.org\/wordpress\/wp-json\/wp\/v2\/users\/1"}],"replies":[{"embeddable":true,"href":"https:\/\/www.ades-grenoble.org\/wordpress\/wp-json\/wp\/v2\/comments?post=1121"}],"version-history":[{"count":4,"href":"https:\/\/www.ades-grenoble.org\/wordpress\/wp-json\/wp\/v2\/posts\/1121\/revisions"}],"predecessor-version":[{"id":1214,"href":"https:\/\/www.ades-grenoble.org\/wordpress\/wp-json\/wp\/v2\/posts\/1121\/revisions\/1214"}],"wp:attachment":[{"href":"https:\/\/www.ades-grenoble.org\/wordpress\/wp-json\/wp\/v2\/media?parent=1121"}],"wp:term":[{"taxonomy":"category","embeddable":true,"href":"https:\/\/www.ades-grenoble.org\/wordpress\/wp-json\/wp\/v2\/categories?post=1121"},{"taxonomy":"post_tag","embeddable":true,"href":"https:\/\/www.ades-grenoble.org\/wordpress\/wp-json\/wp\/v2\/tags?post=1121"}],"curies":[{"name":"wp","href":"https:\/\/api.w.org\/{rel}","templated":true}]}}