{"id":11211,"date":"2016-01-29T16:17:29","date_gmt":"2016-01-29T15:17:29","guid":{"rendered":"http:\/\/www.ades-grenoble.org\/wordpress\/?p=11211"},"modified":"2016-01-29T17:00:59","modified_gmt":"2016-01-29T16:00:59","slug":"les-politiques-publiques-de-lutte-contre-la-pollution-de-lair-mises-en-cause","status":"publish","type":"post","link":"https:\/\/www.ades-grenoble.org\/wordpress\/2016\/01\/29\/les-politiques-publiques-de-lutte-contre-la-pollution-de-lair-mises-en-cause\/","title":{"rendered":"Les politiques publiques de lutte contre la pollution de l\u2019air mises en cause"},"content":{"rendered":"<p style=\"text-align: justify;\"><img loading=\"lazy\" decoding=\"async\" class=\"size-full wp-image-11212 alignleft\" src=\"http:\/\/www.ades-grenoble.org\/wordpress\/wp-content\/uploads\/2016\/01\/Cour-des-comptes.jpg\" alt=\"Cour-des-comptes\" width=\"350\" height=\"332\" srcset=\"https:\/\/www.ades-grenoble.org\/wordpress\/wp-content\/uploads\/2016\/01\/Cour-des-comptes.jpg 350w, https:\/\/www.ades-grenoble.org\/wordpress\/wp-content\/uploads\/2016\/01\/Cour-des-comptes-150x142.jpg 150w, https:\/\/www.ades-grenoble.org\/wordpress\/wp-content\/uploads\/2016\/01\/Cour-des-comptes-300x285.jpg 300w\" sizes=\"auto, (max-width: 350px) 100vw, 350px\" \/>Un rapport de la Cour des comptes pointe un fiasco de l\u2019Etat dans la lutte contre la pollution de l\u2019air. Nous sommes bien plac\u00e9s pour l\u2019observer et le respirer \u00e0 Grenoble o\u00f9 les efforts faits par les collectivit\u00e9s ne peuvent pas pallier l\u2019absence de politique nationale.<\/p>\n<p style=\"text-align: justify;\"><!--more--><\/p>\n<p style=\"text-align: justify;\"><em>\u00ab\u00a0La Cour des comptes rend public, le 21 janvier 2016, un rapport sur les politiques publiques de lutte contre la pollution de l\u2019air\u2026La Cour constate qu\u2019il n\u2019existe pas en France de politique clairement structur\u00e9e en la mati\u00e8re, mais un empilement de dispositifs h\u00e9t\u00e9rog\u00e8nes, applications de directives europ\u00e9ennes. Plusieurs mesures ont eu des effets notables, comme le dispositif de surveillance de la qualit\u00e9 de l\u2019air ou encore la diminution des rejets de polluants industriels. \u00c0 l\u2019exception des secteurs de l\u2019industrie et de la production d\u2019\u00e9nergie, le principe \u00ab pollueur-payeur \u00bb n\u2019est toutefois pas appliqu\u00e9 (notamment dans les secteurs agricole et r\u00e9sidentiel-tertiaire), et celui de subsidiarit\u00e9 ne l\u2019est pas compl\u00e8tement, ce qui porte pr\u00e9judice \u00e0 l\u2019efficacit\u00e9 des diff\u00e9rentes actions men\u00e9es. De plus, les interventions sur le plan national perturbent les mesures prises au niveau local et ont pu retarder ou limiter la mise en \u0153uvre d\u2019outils efficaces. La Cour estime que la lutte contre la pollution de l\u2019air passe par une implication beaucoup plus forte de tous les agents \u00e9conomiques, y compris les particuliers. Elle formule 12 recommandations.<\/em><em>\u00a0\u00bb<\/em><\/p>\n<p style=\"text-align: justify;\">Pour lire le rapport de la Cour des Comptes, cliquez<a href=\"https:\/\/www.ccomptes.fr\/Accueil\/Publications\/Publications\/Les-politiques-publiques-de-lutte-contre-la-pollution-de-l-air\"> ici.<\/a><\/p>\n<p style=\"text-align: justify;\">Le journal de l\u2019environnement fait une analyse de ce rapport <a href=\"http:\/\/www.journaldelenvironnement.net\/article\/la-lutte-contre-les-pollution-de-l-air-un-fiasco-francais,66294?xtor=EPR-9\" target=\"_blank\">ici<\/a>.<\/p>\n<p style=\"text-align: justify;\">\n","protected":false},"excerpt":{"rendered":"<p>Un rapport de la Cour des comptes pointe un fiasco de l\u2019Etat dans la lutte contre la pollution de l\u2019air. Nous sommes bien plac\u00e9s pour l\u2019observer et le respirer \u00e0 Grenoble o\u00f9 les efforts faits par les collectivit\u00e9s ne peuvent pas pallier l\u2019absence de politique nationale.<\/p>\n","protected":false},"author":1,"featured_media":0,"comment_status":"closed","ping_status":"open","sticky":false,"template":"","format":"standard","meta":{"twitterCardType":"","cardImageID":0,"cardImage":"","cardTitle":"","cardDesc":"","cardImageAlt":"","cardPlayer":"","cardPlayerWidth":0,"cardPlayerHeight":0,"cardPlayerStream":"","cardPlayerCodec":"","footnotes":""},"categories":[62,11],"tags":[196,122],"class_list":["post-11211","post","type-post","status-publish","format-standard","hentry","category-le-rouge-le-vert-hebdo","category-politique-locale","tag-etat","tag-pollution-atmospherique"],"_links":{"self":[{"href":"https:\/\/www.ades-grenoble.org\/wordpress\/wp-json\/wp\/v2\/posts\/11211","targetHints":{"allow":["GET"]}}],"collection":[{"href":"https:\/\/www.ades-grenoble.org\/wordpress\/wp-json\/wp\/v2\/posts"}],"about":[{"href":"https:\/\/www.ades-grenoble.org\/wordpress\/wp-json\/wp\/v2\/types\/post"}],"author":[{"embeddable":true,"href":"https:\/\/www.ades-grenoble.org\/wordpress\/wp-json\/wp\/v2\/users\/1"}],"replies":[{"embeddable":true,"href":"https:\/\/www.ades-grenoble.org\/wordpress\/wp-json\/wp\/v2\/comments?post=11211"}],"version-history":[{"count":1,"href":"https:\/\/www.ades-grenoble.org\/wordpress\/wp-json\/wp\/v2\/posts\/11211\/revisions"}],"predecessor-version":[{"id":11213,"href":"https:\/\/www.ades-grenoble.org\/wordpress\/wp-json\/wp\/v2\/posts\/11211\/revisions\/11213"}],"wp:attachment":[{"href":"https:\/\/www.ades-grenoble.org\/wordpress\/wp-json\/wp\/v2\/media?parent=11211"}],"wp:term":[{"taxonomy":"category","embeddable":true,"href":"https:\/\/www.ades-grenoble.org\/wordpress\/wp-json\/wp\/v2\/categories?post=11211"},{"taxonomy":"post_tag","embeddable":true,"href":"https:\/\/www.ades-grenoble.org\/wordpress\/wp-json\/wp\/v2\/tags?post=11211"}],"curies":[{"name":"wp","href":"https:\/\/api.w.org\/{rel}","templated":true}]}}