{"id":11274,"date":"2016-02-12T17:49:42","date_gmt":"2016-02-12T16:49:42","guid":{"rendered":"http:\/\/www.ades-grenoble.org\/wordpress\/?p=11274"},"modified":"2016-02-12T17:59:50","modified_gmt":"2016-02-12T16:59:50","slug":"metropole-grenobloise-des-inegalites-sociales-et-spatiales-croissantes","status":"publish","type":"post","link":"https:\/\/www.ades-grenoble.org\/wordpress\/2016\/02\/12\/metropole-grenobloise-des-inegalites-sociales-et-spatiales-croissantes\/","title":{"rendered":"M\u00e9tropole grenobloise : des in\u00e9galit\u00e9s sociales et spatiales croissantes"},"content":{"rendered":"<p style=\"text-align: justify;\"><img loading=\"lazy\" decoding=\"async\" class=\"size-full wp-image-11275 alignleft\" src=\"http:\/\/www.ades-grenoble.org\/wordpress\/wp-content\/uploads\/2016\/02\/AURG.jpg\" alt=\"AURG\" width=\"250\" height=\"250\" srcset=\"https:\/\/www.ades-grenoble.org\/wordpress\/wp-content\/uploads\/2016\/02\/AURG.jpg 250w, https:\/\/www.ades-grenoble.org\/wordpress\/wp-content\/uploads\/2016\/02\/AURG-150x150.jpg 150w, https:\/\/www.ades-grenoble.org\/wordpress\/wp-content\/uploads\/2016\/02\/AURG-144x144.jpg 144w\" sizes=\"auto, (max-width: 250px) 100vw, 250px\" \/>Deux cadres de l\u2019AURG ont publi\u00e9 dans la revue \u00ab\u00a0<em>Urbanisme<\/em>\u00a0\u00bb un article sur les in\u00e9galit\u00e9s sociales et spatiales dans la m\u00e9tropole grenobloise, in\u00e9galit\u00e9s qui sont croissantes. Les auteurs d\u00e9crivent les impacts de la crise \u00e9conomique qui a frapp\u00e9 l\u2019agglom\u00e9ration et quels sont les populations et les territoires les plus touch\u00e9s. Ils pointent la s\u00e9gr\u00e9gation sociale et spatiale et les cons\u00e9quences sur le logement, les d\u00e9placements, l\u2019emploi et notent que la fracture \u00e9nerg\u00e9tique est en train de prendre de l\u2019ampleur.<\/p>\n<p style=\"text-align: justify;\"><!--more--><\/p>\n<p style=\"text-align: justify;\"><em> \u00ab\u00a0L&rsquo;actualit\u00e9 m\u00e9diatique de ces derni\u00e8res ann\u00e9es \u00e0 propos de la m\u00e9tropole grenobloise fait se c\u00f4toyer des images apparemment contradictoires et forc\u00e9ment exag\u00e9r\u00e9es (m\u00e9tropole technopolitaine, sportive et \u00e9cologique, mais aussi ville des \u00e9meutes et meurtres en quartiers populaires, de la guerre des gangs et du discours de Grenoble) mais qui t\u00e9moignent n\u00e9anmoins d\u2019une r\u00e9alit\u00e9 sociale contrast\u00e9e. La crise \u00e9conomique et celle du logement sont venues accentuer les fissures d\u2019une coh\u00e9sion sociale d\u00e9j\u00e0 fragilis\u00e9e par de nombreux s\u00e9paratismes sociaux et territoriaux\u2026\u00a0\u00bb<\/em><\/p>\n<p style=\"text-align: justify;\">Globalement la M\u00e9tro n\u2019est pas tr\u00e8s in\u00e9galitaire mais il faut se m\u00e9fier de certains biais\u00a0: <em>\u00ab\u00a0Les in\u00e9galit\u00e9s sont importantes puisque les 10 % des m\u00e9nages les plus riches sont 5,7 fois plus ais\u00e9s que les plus pauvres.<\/em><\/p>\n<p style=\"text-align: justify;\"><em>Toutefois, en comparaison avec d\u2019autres agglom\u00e9rations fran\u00e7aises de taille similaire, l\u2019agglom\u00e9ration grenobloise n\u2019est pas parmi les plus in\u00e9galitaires (sur les onze agglom\u00e9rations du panel Baro\u2019m\u00e9tro, le rapport interd\u00e9cile varie de 5,1 \u00e0 Nantes \u00e0 8,3 \u00e0 Montpellier, Grenoble est en 4e position des moins in\u00e9galitaires). Cette in\u00e9galit\u00e9 relativement nuanc\u00e9e s\u2019explique en partie par le fait que les jeunes actifs, dipl\u00f4m\u00e9s, sont plut\u00f4t plus ais\u00e9s que dans d\u2019autres agglom\u00e9rations. Mais elle tient aussi au fait que les statistiques, polaris\u00e9es sur le p\u00e9rim\u00e8tre institutionnel de la m\u00e9tropole, ne prennent pas en compte l\u2019ensemble de la g\u00e9ographie sociale du bassin de vie grenoblois. En effet, dans un site contraint par les montagnes, la p\u00e9riurbanisation est exacerb\u00e9e et une partie de la population ais\u00e9e est partie r\u00e9sider \u00e0 l\u2019ext\u00e9rieur du p\u00e9rim\u00e8tre administratif de la m\u00e9tropole, au sud du Pays Voironnais, et plus particuli\u00e8rement dans la proche vall\u00e9e du Gr\u00e9sivaudan.<\/em><\/p>\n<p style=\"text-align: justify;\"><em>La rive droite de la vall\u00e9e du Gr\u00e9sivaudan cumule une forte attractivit\u00e9 r\u00e9sidentielle historique et le d\u00e9veloppement r\u00e9cent d\u2019activit\u00e9s de pointe du mod\u00e8le technopolitain (il s\u2019est d\u00e9velopp\u00e9 en trente ans une v\u00e9ritable \u00ab vall\u00e9e de l\u2019innovation technologique\u2026<\/em><\/p>\n<p style=\"text-align: justify;\"><em>Cette g\u00e9ographie sociale questionne le fonctionnement territorial et les solidarit\u00e9s interterritoriales, en particulier en termes de logement et de d\u00e9placement.<\/em><\/p>\n<p style=\"text-align: justify;\">Pour lire ce document cliquez <a href=\"http:\/\/www.aurg.org\/publication\/contributions\/metropole-grenobloise-des-inegalites-sociales-et-spatiales-croissantes\" target=\"_blank\">ici<\/a>.<\/p>\n","protected":false},"excerpt":{"rendered":"<p>Deux cadres de l\u2019AURG ont publi\u00e9 dans la revue \u00ab\u00a0Urbanisme\u00a0\u00bb un article sur les in\u00e9galit\u00e9s sociales et spatiales dans la m\u00e9tropole grenobloise, in\u00e9galit\u00e9s qui sont croissantes. Les auteurs d\u00e9crivent les impacts de la crise \u00e9conomique qui a frapp\u00e9 l\u2019agglom\u00e9ration et quels sont les populations et les territoires les plus touch\u00e9s. Ils pointent la s\u00e9gr\u00e9gation sociale [&hellip;]<\/p>\n","protected":false},"author":1,"featured_media":0,"comment_status":"closed","ping_status":"open","sticky":false,"template":"","format":"standard","meta":{"twitterCardType":"","cardImageID":0,"cardImage":"","cardTitle":"","cardDesc":"","cardImageAlt":"","cardPlayer":"","cardPlayerWidth":0,"cardPlayerHeight":0,"cardPlayerStream":"","cardPlayerCodec":"","footnotes":""},"categories":[62,11],"tags":[32,33],"class_list":["post-11274","post","type-post","status-publish","format-standard","hentry","category-le-rouge-le-vert-hebdo","category-politique-locale","tag-metro","tag-social"],"_links":{"self":[{"href":"https:\/\/www.ades-grenoble.org\/wordpress\/wp-json\/wp\/v2\/posts\/11274","targetHints":{"allow":["GET"]}}],"collection":[{"href":"https:\/\/www.ades-grenoble.org\/wordpress\/wp-json\/wp\/v2\/posts"}],"about":[{"href":"https:\/\/www.ades-grenoble.org\/wordpress\/wp-json\/wp\/v2\/types\/post"}],"author":[{"embeddable":true,"href":"https:\/\/www.ades-grenoble.org\/wordpress\/wp-json\/wp\/v2\/users\/1"}],"replies":[{"embeddable":true,"href":"https:\/\/www.ades-grenoble.org\/wordpress\/wp-json\/wp\/v2\/comments?post=11274"}],"version-history":[{"count":1,"href":"https:\/\/www.ades-grenoble.org\/wordpress\/wp-json\/wp\/v2\/posts\/11274\/revisions"}],"predecessor-version":[{"id":11276,"href":"https:\/\/www.ades-grenoble.org\/wordpress\/wp-json\/wp\/v2\/posts\/11274\/revisions\/11276"}],"wp:attachment":[{"href":"https:\/\/www.ades-grenoble.org\/wordpress\/wp-json\/wp\/v2\/media?parent=11274"}],"wp:term":[{"taxonomy":"category","embeddable":true,"href":"https:\/\/www.ades-grenoble.org\/wordpress\/wp-json\/wp\/v2\/categories?post=11274"},{"taxonomy":"post_tag","embeddable":true,"href":"https:\/\/www.ades-grenoble.org\/wordpress\/wp-json\/wp\/v2\/tags?post=11274"}],"curies":[{"name":"wp","href":"https:\/\/api.w.org\/{rel}","templated":true}]}}