{"id":11343,"date":"2016-02-26T18:02:42","date_gmt":"2016-02-26T17:02:42","guid":{"rendered":"http:\/\/www.ades-grenoble.org\/wordpress\/?p=11343"},"modified":"2016-02-26T18:07:41","modified_gmt":"2016-02-26T17:07:41","slug":"palais-des-sports-enfin-une-gestion-correcte-et-econome","status":"publish","type":"post","link":"https:\/\/www.ades-grenoble.org\/wordpress\/2016\/02\/26\/palais-des-sports-enfin-une-gestion-correcte-et-econome\/","title":{"rendered":"Palais des Sports, enfin une gestion correcte et \u00e9conome"},"content":{"rendered":"<p style=\"text-align: justify;\"><img loading=\"lazy\" decoding=\"async\" class=\"size-full wp-image-8759 alignleft\" src=\"http:\/\/www.ades-grenoble.org\/wordpress\/wp-content\/uploads\/2014\/06\/PalaisSports.jpg\" alt=\"Palais des Sports\" width=\"300\" height=\"257\" srcset=\"https:\/\/www.ades-grenoble.org\/wordpress\/wp-content\/uploads\/2014\/06\/PalaisSports.jpg 300w, https:\/\/www.ades-grenoble.org\/wordpress\/wp-content\/uploads\/2014\/06\/PalaisSports-150x128.jpg 150w\" sizes=\"auto, (max-width: 300px) 100vw, 300px\" \/>Le 17 f\u00e9vrier, la ville a fait une conf\u00e9rence de presse pr\u00e9sentant le bilan \u00e9v\u00e8nementiel et financier de sa gestion directe du Palais des Sports. Cot\u00e9 \u00e9v\u00e8nementiel c\u2019est une vraie r\u00e9ussite puisqu\u2019il y a eu en 2015, 24 \u00e9v\u00e8nements, le palais a \u00e9t\u00e9 ouvert au public 52 jours et a accueilli plus de 81 000 personnes. Cot\u00e9 financier, c\u2019est plus d\u2019un million d\u2019euros d\u2019\u00e9conomies pour le budget de la ville, les contribuables appr\u00e9cieront cette gestion \u00e9conome d\u2019un patrimoine de la ville qui rompt enfin avec la gestion dispendieuse par l\u2019association pr\u00e9sid\u00e9e par A. Deschamps (adjointe \u00e0 M. Destot) dirig\u00e9e par G. Chanal, celui qui a mis Alpexpo dans le rouge.<\/p>\n<p style=\"text-align: justify;\">Depuis de longues ann\u00e9es, r\u00e9guli\u00e8rement, le Conseil municipal se penchait sur cette gestion du Palais des Sports en d\u00e9plorant son co\u00fbt insupportable. Plus il \u00e9tait utilis\u00e9, plus il co\u00fbtait cher. Mais l\u2019ancien maire et son adjointe \u00e9taient incapables de trancher et la ville payait.<\/p>\n<p style=\"text-align: justify;\"><!--more--><\/p>\n<p style=\"text-align: justify;\">Entre 2005 et 2014, en moyenne annuelle la ville a d\u00e9pens\u00e9 pour le Palais des Sports\u00a0en versements directs \u00e0 l\u2019association 1,67 M\u20ac et 0,27 M\u20ac de travaux. Le co\u00fbt moyen annuel a atteint 2 M\u20ac TTC pour la ville.<\/p>\n<p style=\"text-align: justify;\">Apr\u00e8s le retour en gestion directe, pour la 1<sup>\u00e8re<\/sup> ann\u00e9e le co\u00fbt global est de 0,716 M\u20ac TTC (1,06 M\u20ac de d\u00e9penses et 0,346 M\u20ac de recettes), soit une \u00e9conomie de 1,2 M\u20ac par rapport \u00e0 la moyenne de la gestion pr\u00e9c\u00e9dente, c\u2019est-\u00e0 dire une diminution de plus de la moiti\u00e9 des d\u00e9penses de la ville. Et cela d\u00e8s la 1<sup>\u00e8re<\/sup> ann\u00e9e, ce qui est remarquable. Le budget 2016 pr\u00e9voit encore des \u00e9conomies possibles.<\/p>\n<p style=\"text-align: justify;\">N\u2019en d\u00e9plaise \u00e0 Annie Deschamps qui a pr\u00e9sid\u00e9 depuis 2000 l\u2019Association du Palais des Sports de Grenoble, ce Palais est effectivement devenu une salle des f\u00eates communale et non une salle laiss\u00e9e au bon vouloir d\u2019un organisateur priv\u00e9 de spectacles qui avait \u00e9t\u00e9 mis en place par A. Carignon et qui vivait gr\u00e2ce aux subventions copieuses de la ville. G. Chanal avait su se rendre indispensable (dixit M. Destot) et savait obtenir du maire et de sa pr\u00e9sidente tout ce dont il avait besoin. Il a d\u2019ailleurs \u00e9t\u00e9 d\u00e9cor\u00e9 de la L\u00e9gion d\u2019Honneur pour loyaux services six mois avant son d\u00e9part d\u2019Alpexpo et deux ans avant sa condamnation pour harc\u00e8lement moral (<a href=\"http:\/\/www.ades-grenoble.org\/wordpress\/2013\/05\/30\/alpexpo-et-guy-chanal-condamnes-pour-harcelement-moral\/\">http:\/\/www.ades-grenoble.org\/wordpress\/2013\/05\/30\/alpexpo-et-guy-chanal-condamnes-pour-harcelement-moral\/<\/a> ).<\/p>\n<p style=\"text-align: justify;\">Depuis le 1<sup>er<\/sup> janvier 2015, la Ville ne se positionne plus en productrice d\u2019\u00e9v\u00e8nements : elle n\u2019ach\u00e8te pas d\u2019\u00e9v\u00e8nements. Elle est propri\u00e9taire d\u2019un \u00e9quipement qui est lou\u00e9 \u00e0 des organisateurs de manifestations selon des tarifs fix\u00e9s par une d\u00e9lib\u00e9ration adopt\u00e9e en Conseil Municipal. La Ville n\u2019ach\u00e8te plus de places de spectacles, comme elle le faisait par exemple \u00e0 l\u2019Association Palais des sports pour un montant d\u2019environ 193 000 \u20ac en moyenne entre 2005 et 2014.<\/p>\n<p style=\"text-align: justify;\">Annie Deschamps essaye de d\u00e9fendre la gestion de G. Chanal en expliquant que tout \u00e9tait sous contr\u00f4le du Conseil d\u2019administration et des commissaires aux comptes. Cette ligne de d\u00e9fense ne tient pas quand on sait comment tout cela est facilement contourn\u00e9. Exemple \u00e0 Alpexpo, le commissaire aux comptes n\u2019a rien bloqu\u00e9, \u00e0 la Mission locale avec les escroqueries de son ancien coll\u00e8gue du PS, le commissaire aux comptes n\u2019a rien emp\u00each\u00e9\u2026 Seule la r\u00e9alit\u00e9 des chiffres compte, la nouvelle gestion co\u00fbte deux fois moins ch\u00e8re, elle devrait s\u2019en r\u00e9jouir.<\/p>\n<p style=\"text-align: justify;\">Rappelons qu\u2019une expertise du cabinet Deloitte effectu\u00e9e en 2013 indiquait que la gestion de l\u2019association n\u2019\u00e9tait pas exempte de tous reproches. La situation financi\u00e8re \u00e9tait tr\u00e8s fragile\u00a0: pas de tr\u00e9sorerie, absence de provisions pour le d\u00e9part en retraite\u00a0des\u00a0personnels,\u00a0des\u00a0p\u00e9nalit\u00e9s URSSAF \u00e0 r\u00e9gler\u2026<\/p>\n<p style=\"text-align: justify;\">L\u2019Association s\u2019\u00e9tait engag\u00e9e \u00e0 rembourser les 1,5 M\u20ac d\u2019apport de la Ville en fonds associatifs, ce qu\u2019elle n\u2019a pas fait. Les contribuables appr\u00e9cieront de voir que la Pr\u00e9sidente n\u2019a rien fait pour honorer cette dette.<\/p>\n","protected":false},"excerpt":{"rendered":"<p>Le 17 f\u00e9vrier, la ville a fait une conf\u00e9rence de presse pr\u00e9sentant le bilan \u00e9v\u00e8nementiel et financier de sa gestion directe du Palais des Sports. Cot\u00e9 \u00e9v\u00e8nementiel c\u2019est une vraie r\u00e9ussite puisqu\u2019il y a eu en 2015, 24 \u00e9v\u00e8nements, le palais a \u00e9t\u00e9 ouvert au public 52 jours et a accueilli plus de 81 000 [&hellip;]<\/p>\n","protected":false},"author":1,"featured_media":0,"comment_status":"closed","ping_status":"open","sticky":false,"template":"","format":"standard","meta":{"twitterCardType":"","cardImageID":0,"cardImage":"","cardTitle":"","cardDesc":"","cardImageAlt":"","cardPlayer":"","cardPlayerWidth":0,"cardPlayerHeight":0,"cardPlayerStream":"","cardPlayerCodec":"","footnotes":""},"categories":[62,11],"tags":[138,215,73],"class_list":["post-11343","post","type-post","status-publish","format-standard","hentry","category-le-rouge-le-vert-hebdo","category-politique-locale","tag-finances","tag-grenoble","tag-sports"],"_links":{"self":[{"href":"https:\/\/www.ades-grenoble.org\/wordpress\/wp-json\/wp\/v2\/posts\/11343","targetHints":{"allow":["GET"]}}],"collection":[{"href":"https:\/\/www.ades-grenoble.org\/wordpress\/wp-json\/wp\/v2\/posts"}],"about":[{"href":"https:\/\/www.ades-grenoble.org\/wordpress\/wp-json\/wp\/v2\/types\/post"}],"author":[{"embeddable":true,"href":"https:\/\/www.ades-grenoble.org\/wordpress\/wp-json\/wp\/v2\/users\/1"}],"replies":[{"embeddable":true,"href":"https:\/\/www.ades-grenoble.org\/wordpress\/wp-json\/wp\/v2\/comments?post=11343"}],"version-history":[{"count":1,"href":"https:\/\/www.ades-grenoble.org\/wordpress\/wp-json\/wp\/v2\/posts\/11343\/revisions"}],"predecessor-version":[{"id":11344,"href":"https:\/\/www.ades-grenoble.org\/wordpress\/wp-json\/wp\/v2\/posts\/11343\/revisions\/11344"}],"wp:attachment":[{"href":"https:\/\/www.ades-grenoble.org\/wordpress\/wp-json\/wp\/v2\/media?parent=11343"}],"wp:term":[{"taxonomy":"category","embeddable":true,"href":"https:\/\/www.ades-grenoble.org\/wordpress\/wp-json\/wp\/v2\/categories?post=11343"},{"taxonomy":"post_tag","embeddable":true,"href":"https:\/\/www.ades-grenoble.org\/wordpress\/wp-json\/wp\/v2\/tags?post=11343"}],"curies":[{"name":"wp","href":"https:\/\/api.w.org\/{rel}","templated":true}]}}