{"id":11393,"date":"2016-03-11T17:08:13","date_gmt":"2016-03-11T16:08:13","guid":{"rendered":"http:\/\/www.ades-grenoble.org\/wordpress\/?p=11393"},"modified":"2016-03-11T17:11:17","modified_gmt":"2016-03-11T16:11:17","slug":"insurrection-artistique-scientifique-intellectuelle-et-populaire","status":"publish","type":"post","link":"https:\/\/www.ades-grenoble.org\/wordpress\/2016\/03\/11\/insurrection-artistique-scientifique-intellectuelle-et-populaire\/","title":{"rendered":"Insurrection artistique, scientifique, intellectuelle et populaire"},"content":{"rendered":"<p style=\"text-align: justify;\"><strong><img loading=\"lazy\" decoding=\"async\" class=\"size-medium wp-image-11394 alignleft\" src=\"http:\/\/www.ades-grenoble.org\/wordpress\/wp-content\/uploads\/2016\/03\/Tchernobyl-Fukushima-300x215.jpg\" alt=\"Tchernobyl-Fukushima\" width=\"300\" height=\"215\" srcset=\"https:\/\/www.ades-grenoble.org\/wordpress\/wp-content\/uploads\/2016\/03\/Tchernobyl-Fukushima-300x215.jpg 300w, https:\/\/www.ades-grenoble.org\/wordpress\/wp-content\/uploads\/2016\/03\/Tchernobyl-Fukushima-150x107.jpg 150w, https:\/\/www.ades-grenoble.org\/wordpress\/wp-content\/uploads\/2016\/03\/Tchernobyl-Fukushima.jpg 448w\" sizes=\"auto, (max-width: 300px) 100vw, 300px\" \/>&#8230; contre la poursuite de la contamination radioactive de la plan\u00e8te<\/strong>\u00a0: du 23 mars au 3 avril \u00e0 l\u2019ancien mus\u00e9e de peinture, Place de Verdun \u00e0 Grenoble.<\/p>\n<p style=\"text-align: justify;\">Des artistes\u00a0: peintres, sculpteurs, dessinateurs, \u00ab\u00a0<em>street-artists<\/em> \u00bb, installateurs, com\u00e9diens, \u00e9crivains, cin\u00e9astes, ainsi que des scientifiques et des m\u00e9decins, se rassemblent \u00e0 Grenoble du 23 mars au 3 avril pour r\u00e9pondre de fa\u00e7on artistique et p\u00e9dagogique \u00e0 l\u2019 <em>\u00ab\u00a0<a href=\"http:\/\/www.brut-de-beton.net\/appel.php\">Appel du 26 avril<\/a><\/em>\u00a0\u00bb initi\u00e9 par la Cie de th\u00e9\u00e2tre \u00ab\u00a0<em>Brut de b\u00e9ton production\u00a0<\/em>\u00bb pour une insurrection artistique, scientifique, intellectuelle et populaire contre la poursuite de la contamination radioactive de la plan\u00e8te.<\/p>\n<p style=\"text-align: justify;\"><!--more--><\/p>\n<p style=\"text-align: justify;\">Cet \u00e9v\u00e9nement est organis\u00e9 avec le soutien de la Ville de Grenoble, du groupe <a href=\"http:\/\/www.greens-efa.eu\/fr.html\" target=\"_blank\">Les Verts \/ Alliance Libre Europ\u00e9enne<\/a>, du <a href=\"http:\/\/www.sortirdunucleaire.org\/\">R\u00e9seau Sortir du Nucl\u00e9aire<\/a>, et en collaboration avec le cin\u00e9ma <a href=\"http:\/\/www.cinemaleclub.com\/\">Le Club<\/a>, le <a href=\"http:\/\/www.crearc.fr\/\">CREARC<\/a>, le studio <a href=\"http:\/\/1011.pagesperso-orange.fr\/\">1011<\/a>, l&rsquo;association <a href=\"https:\/\/www.facebook.com\/Nos-Voisins-Lointains-311-555557711144167\/\">Nos voisins lointains &#8211; 3.11<\/a>, la <a href=\"http:\/\/www.criirad.org\/\">CRIIRAD<\/a>, l&rsquo;Association Fran\u00e7aise des M\u00e9decins pour la Pr\u00e9vention de la Guerre Nucl\u00e9aire (<a href=\"http:\/\/www.amfpgn.org\/\">AMFPGN<\/a>), les <a href=\"http:\/\/amisdelaterre-isere.over-blog.org\/\">Amis de la Terre Is\u00e8re<\/a>, le <a href=\"http:\/\/www.mvtpaix.org\/wordpress\/38isere\/isere6\/\">Mouvement de la Paix Is\u00e8re<\/a>, ainsi que de nombreux artistes locaux et nationaux.<\/p>\n","protected":false},"excerpt":{"rendered":"<p>&#8230; contre la poursuite de la contamination radioactive de la plan\u00e8te\u00a0: du 23 mars au 3 avril \u00e0 l\u2019ancien mus\u00e9e de peinture, Place de Verdun \u00e0 Grenoble. Des artistes\u00a0: peintres, sculpteurs, dessinateurs, \u00ab\u00a0street-artists \u00bb, installateurs, com\u00e9diens, \u00e9crivains, cin\u00e9astes, ainsi que des scientifiques et des m\u00e9decins, se rassemblent \u00e0 Grenoble du 23 mars au 3 avril [&hellip;]<\/p>\n","protected":false},"author":1,"featured_media":0,"comment_status":"closed","ping_status":"open","sticky":false,"template":"","format":"standard","meta":{"twitterCardType":"","cardImageID":0,"cardImage":"","cardTitle":"","cardDesc":"","cardImageAlt":"","cardPlayer":"","cardPlayerWidth":0,"cardPlayerHeight":0,"cardPlayerStream":"","cardPlayerCodec":"","footnotes":""},"categories":[63,62,11],"tags":[153,64,230],"class_list":["post-11393","post","type-post","status-publish","format-standard","hentry","category-energie","category-le-rouge-le-vert-hebdo","category-politique-locale","tag-ecologie","tag-nucleaire","tag-street-art"],"_links":{"self":[{"href":"https:\/\/www.ades-grenoble.org\/wordpress\/wp-json\/wp\/v2\/posts\/11393","targetHints":{"allow":["GET"]}}],"collection":[{"href":"https:\/\/www.ades-grenoble.org\/wordpress\/wp-json\/wp\/v2\/posts"}],"about":[{"href":"https:\/\/www.ades-grenoble.org\/wordpress\/wp-json\/wp\/v2\/types\/post"}],"author":[{"embeddable":true,"href":"https:\/\/www.ades-grenoble.org\/wordpress\/wp-json\/wp\/v2\/users\/1"}],"replies":[{"embeddable":true,"href":"https:\/\/www.ades-grenoble.org\/wordpress\/wp-json\/wp\/v2\/comments?post=11393"}],"version-history":[{"count":2,"href":"https:\/\/www.ades-grenoble.org\/wordpress\/wp-json\/wp\/v2\/posts\/11393\/revisions"}],"predecessor-version":[{"id":11396,"href":"https:\/\/www.ades-grenoble.org\/wordpress\/wp-json\/wp\/v2\/posts\/11393\/revisions\/11396"}],"wp:attachment":[{"href":"https:\/\/www.ades-grenoble.org\/wordpress\/wp-json\/wp\/v2\/media?parent=11393"}],"wp:term":[{"taxonomy":"category","embeddable":true,"href":"https:\/\/www.ades-grenoble.org\/wordpress\/wp-json\/wp\/v2\/categories?post=11393"},{"taxonomy":"post_tag","embeddable":true,"href":"https:\/\/www.ades-grenoble.org\/wordpress\/wp-json\/wp\/v2\/tags?post=11393"}],"curies":[{"name":"wp","href":"https:\/\/api.w.org\/{rel}","templated":true}]}}