{"id":11399,"date":"2016-03-18T17:02:26","date_gmt":"2016-03-18T16:02:26","guid":{"rendered":"http:\/\/www.ades-grenoble.org\/wordpress\/?p=11399"},"modified":"2016-03-18T17:05:23","modified_gmt":"2016-03-18T16:05:23","slug":"en-france-la-baisse-des-loyers-est-en-marche-mais-moins-a-grenoble","status":"publish","type":"post","link":"https:\/\/www.ades-grenoble.org\/wordpress\/2016\/03\/18\/en-france-la-baisse-des-loyers-est-en-marche-mais-moins-a-grenoble\/","title":{"rendered":"En France, la baisse des loyers est en marche, mais moins \u00e0 Grenoble"},"content":{"rendered":"<p style=\"text-align: justify;\"><img loading=\"lazy\" decoding=\"async\" class=\"size-full wp-image-11400 alignleft\" src=\"http:\/\/www.ades-grenoble.org\/wordpress\/wp-content\/uploads\/2016\/03\/logo_CLAMEUR.jpg\" alt=\"logo_CLAMEUR\" width=\"182\" height=\"100\" srcset=\"https:\/\/www.ades-grenoble.org\/wordpress\/wp-content\/uploads\/2016\/03\/logo_CLAMEUR.jpg 182w, https:\/\/www.ades-grenoble.org\/wordpress\/wp-content\/uploads\/2016\/03\/logo_CLAMEUR-150x82.jpg 150w\" sizes=\"auto, (max-width: 182px) 100vw, 182px\" \/>L&rsquo;observatoire \u00ab\u00a0<em>Clameur<\/em>\u00a0\u00bb (Foncia, Nexity, Groupe SNI, Century 21, SeLoger.com&#8230;) met \u00e0 jour chaque semestre un tableau de bord qui analyse les \u00e9volutions intervenues depuis 1998 sur les march\u00e9s locatifs priv\u00e9s de 1.532 villes et des Etablissements Publics de coop\u00e9ration intercommunale de plus de 10.000 habitants, couvrant 95,9% du march\u00e9 locatif priv\u00e9 de la M\u00e9tropole.<\/p>\n<p style=\"text-align: justify;\">Il y a une nette reprise du march\u00e9 locatif (+11,9% en 2015) et malgr\u00e9 cela la baisse des loyers se poursuit, en deux mois d\u00e9but 2016 il y a eu une diminution de 0,8 % des loyers. Dans les 20 villes de plus de 150.000 habitants, 14 ont vu leurs loyers baisser (dont Paris, Nantes, Reims&#8230;), 2 leurs loyers augmenter mais en-dessous de l&rsquo;inflation Lille et Angers) et 4 leurs loyers augmenter plus que l&rsquo;inflation (Strasbourg, Grenoble, Lille et Lyon).<\/p>\n<p style=\"text-align: justify;\"><!--more--><\/p>\n<p style=\"text-align: justify;\">Il s\u2019av\u00e8re que l\u2019encadrement des loyers \u00e0 Paris fonctionne dans le bon sens, contrairement aux interventions des promoteurs et agents immobiliers contre la loi Alur.<\/p>\n<p style=\"text-align: justify;\">Le niveau des loyers atteint 24,1 \u20ac\/m2 \u00e0 Paris, puis Nice 15 \u20ac\/m2, Montpellier 13,4\u00a0; Lille 13,2\u00a0; Bordeaux et Lyon 12,7\u00a0puis Strasbourg 12,5 et Grenoble et Marseille \u00e0 12 \u20ac\/m2<\/p>\n<p style=\"text-align: justify;\">D\u00e9but 2016 \u00e0 Grenoble les loyers ont augment\u00e9 de 0,6%<\/p>\n<p style=\"text-align: justify;\">Clameur explique que le ralentissement, puis la baisse, sont li\u00e9s \u00e0 la crise de 2007. Sur la p\u00e9riode 1998-2006, les loyers du parc locatif priv\u00e9 ont connu une progression moyenne de 4,0% par an. Sur la p\u00e9riode 2007-2016, cette progression est tomb\u00e9e \u00e0 0,9%. Au total, sur la p\u00e9riode 1998-2016, les loyers ont progress\u00e9 en moyenne de 2,3% par an (ce qui \u00e9quivaut tout de m\u00eame \u00e0 une hausse de 50% sur la p\u00e9riode), alors que l&rsquo;inflation \u00e9tait en moyenne annuelle de 1,4%. En revanche, depuis 2007, la hausse annuelle moyenne de 0,9% est inf\u00e9rieure \u00e0 l&rsquo;inflation sur la p\u00e9riode (+1,8% par an). Et depuis 2011, la hausse moyenne des loyers est de 0,3% par an, pour une inflation \u00e0 +0,7%.<\/p>\n<p style=\"text-align: justify;\">Pour t\u00e9l\u00e9charger l&rsquo;\u00e9tude, cliquez <a href=\"http:\/\/www.clameur.fr\/var\/clameur\/storage\/images\/Presse%2BS1%2B2016%2Bsite.pdf\" target=\"_blank\">ici<\/a>.<\/p>\n<p style=\"text-align: justify;\">\n","protected":false},"excerpt":{"rendered":"<p>L&rsquo;observatoire \u00ab\u00a0Clameur\u00a0\u00bb (Foncia, Nexity, Groupe SNI, Century 21, SeLoger.com&#8230;) met \u00e0 jour chaque semestre un tableau de bord qui analyse les \u00e9volutions intervenues depuis 1998 sur les march\u00e9s locatifs priv\u00e9s de 1.532 villes et des Etablissements Publics de coop\u00e9ration intercommunale de plus de 10.000 habitants, couvrant 95,9% du march\u00e9 locatif priv\u00e9 de la M\u00e9tropole. Il [&hellip;]<\/p>\n","protected":false},"author":1,"featured_media":0,"comment_status":"closed","ping_status":"open","sticky":false,"template":"","format":"standard","meta":{"twitterCardType":"","cardImageID":0,"cardImage":"","cardTitle":"","cardDesc":"","cardImageAlt":"","cardPlayer":"","cardPlayerWidth":0,"cardPlayerHeight":0,"cardPlayerStream":"","cardPlayerCodec":"","footnotes":""},"categories":[62,11],"tags":[270,66],"class_list":["post-11399","post","type-post","status-publish","format-standard","hentry","category-le-rouge-le-vert-hebdo","category-politique-locale","tag-budget","tag-logement"],"_links":{"self":[{"href":"https:\/\/www.ades-grenoble.org\/wordpress\/wp-json\/wp\/v2\/posts\/11399","targetHints":{"allow":["GET"]}}],"collection":[{"href":"https:\/\/www.ades-grenoble.org\/wordpress\/wp-json\/wp\/v2\/posts"}],"about":[{"href":"https:\/\/www.ades-grenoble.org\/wordpress\/wp-json\/wp\/v2\/types\/post"}],"author":[{"embeddable":true,"href":"https:\/\/www.ades-grenoble.org\/wordpress\/wp-json\/wp\/v2\/users\/1"}],"replies":[{"embeddable":true,"href":"https:\/\/www.ades-grenoble.org\/wordpress\/wp-json\/wp\/v2\/comments?post=11399"}],"version-history":[{"count":3,"href":"https:\/\/www.ades-grenoble.org\/wordpress\/wp-json\/wp\/v2\/posts\/11399\/revisions"}],"predecessor-version":[{"id":11420,"href":"https:\/\/www.ades-grenoble.org\/wordpress\/wp-json\/wp\/v2\/posts\/11399\/revisions\/11420"}],"wp:attachment":[{"href":"https:\/\/www.ades-grenoble.org\/wordpress\/wp-json\/wp\/v2\/media?parent=11399"}],"wp:term":[{"taxonomy":"category","embeddable":true,"href":"https:\/\/www.ades-grenoble.org\/wordpress\/wp-json\/wp\/v2\/categories?post=11399"},{"taxonomy":"post_tag","embeddable":true,"href":"https:\/\/www.ades-grenoble.org\/wordpress\/wp-json\/wp\/v2\/tags?post=11399"}],"curies":[{"name":"wp","href":"https:\/\/api.w.org\/{rel}","templated":true}]}}