{"id":11691,"date":"2016-05-27T15:03:27","date_gmt":"2016-05-27T14:03:27","guid":{"rendered":"http:\/\/www.ades-grenoble.org\/wordpress\/?p=11691"},"modified":"2016-05-29T09:34:36","modified_gmt":"2016-05-29T08:34:36","slug":"certains-elus-de-lopposition-devraient-suivre-des-formations-en-urgence","status":"publish","type":"post","link":"https:\/\/www.ades-grenoble.org\/wordpress\/2016\/05\/27\/certains-elus-de-lopposition-devraient-suivre-des-formations-en-urgence\/","title":{"rendered":"Certains \u00e9lus de l\u2019opposition devraient suivre des formations en urgence"},"content":{"rendered":"<p style=\"text-align: justify;\"><img loading=\"lazy\" decoding=\"async\" class=\"size-medium wp-image-11126 alignleft\" src=\"http:\/\/www.ades-grenoble.org\/wordpress\/wp-content\/uploads\/2016\/01\/Conseil-Municipal-300x200.jpg\" alt=\"Conseil municipal\" width=\"300\" height=\"200\" srcset=\"https:\/\/www.ades-grenoble.org\/wordpress\/wp-content\/uploads\/2016\/01\/Conseil-Municipal-300x200.jpg 300w, https:\/\/www.ades-grenoble.org\/wordpress\/wp-content\/uploads\/2016\/01\/Conseil-Municipal-150x100.jpg 150w, https:\/\/www.ades-grenoble.org\/wordpress\/wp-content\/uploads\/2016\/01\/Conseil-Municipal.jpg 400w\" sizes=\"auto, (max-width: 300px) 100vw, 300px\" \/>Au conseil municipal on a eu droit \u00e0 une intervention d\u2019O. Noblecourt qui n\u2019a toujours pas compris comment fonctionnent les imp\u00f4ts locaux.<\/p>\n<p style=\"text-align: justify;\">Pour lui les imp\u00f4ts locaux ne sont pas si injustes qu\u2019on veut bien le dire puisqu\u2019environ 40 % des m\u00e9nages grenoblois en seraient exon\u00e9r\u00e9s ou d\u00e9grev\u00e9s et donc une augmentation des taux n\u2019atteindraient pas les moins fortun\u00e9s. C&rsquo;est d\u2019ailleurs exactement ce que la majorit\u00e9 \u00e9lue en 2008 consid\u00e9rait lorsqu\u2019elle a augment\u00e9 le taux de 9 % apr\u00e8s avoir promis, pour se faire \u00e9lire, qu\u2019elle ne les augmenterait pas.<\/p>\n<p style=\"text-align: justify;\">Il n\u2019y a rien de plus faux et il serait utile que la ville propose \u00e0 certains \u00e9lus des formations pour qu\u2019ils comprennent enfin comment tout cela fonctionne.<\/p>\n<p style=\"text-align: justify;\"><!--more--><\/p>\n<p style=\"text-align: justify;\">A Grenoble, les m\u00e9nages sont soumis \u00e0 deux imp\u00f4ts\u00a0: les propri\u00e9taires payent la taxe fonci\u00e8re sur le b\u00e2ti (TFB) et les occupants (au 1<sup>er<\/sup> janvier de l\u2019ann\u00e9e) payent la taxe d\u2019habitation (TH).<\/p>\n<ul style=\"text-align: justify;\">\n<li>La taxe fonci\u00e8re ne d\u00e9pend pas des revenus des propri\u00e9taires et il y a tr\u00e8s peu d\u2019exon\u00e9rations et pas de d\u00e9gr\u00e8vement. Toute augmentation de la TFB se r\u00e9percute \u00e0 terme sur l\u2019occupant du logement soit directement s\u2019il en est propri\u00e9taire, soit sur le niveau du loyer s\u2019il est locataire, lorsque le propri\u00e9taire pourra r\u00e9percuter la hausse. Donc il ne s\u2019agit pas d\u2019un imp\u00f4t redistributif et il p\u00e8se plus fort, proportionnellement, sur les occupants \u00e0 faibles ressources.<\/li>\n<\/ul>\n<ul style=\"text-align: justify;\">\n<li>En 2000 une petite r\u00e9forme avait permis de limiter le poids de la TH pour les faibles revenus ; c\u2019est le plafonnement (ou d\u00e9gr\u00e8vement) en fonction des revenus qui int\u00e9ressent environ 40 % des m\u00e9nages grenoblois. Ce que le m\u00e9nage ne paye pas par ce m\u00e9canisme, c\u2019est l\u2019Etat qui le reverse \u00e0 la ville. Donc si tout se passait comme cela, une augmentation des taux n\u2019atteindrait pas les m\u00e9nages d\u00e9grev\u00e9s mais seulement les autres m\u00e9nages, il y aurait alors un m\u00e9canisme de solidarit\u00e9 et la ville n\u2019y perdrait rien puisque l\u2019Etat compenserait ce manque \u00e0 gagner. Mais l\u2019Etat s\u2019est pr\u00e9muni contre ce genre de pratique et le code des imp\u00f4ts interdit en partie le d\u00e9gr\u00e8vement lorsque le taux des imp\u00f4ts d\u00e9passe le taux global de l\u2019ann\u00e9e 2000. Actuellement le taux global de TH pour les Grenoblois est de 30,4 % alors qu\u2019il n\u2019\u00e9tait que de 26,6 % en 2000.<\/li>\n<\/ul>\n<p style=\"text-align: justify;\">Ce que ne sait pas O. Noblecourt, c\u2019est que depuis 2000, toute augmentation des taux frappe plus durement (en proportion) les m\u00e9nages partiellement d\u00e9grev\u00e9s que les autres. Toute augmentation du taux de TH est donc socialement tr\u00e8s injuste.<\/p>\n<p style=\"text-align: justify;\">Exemple simple\u00a0en supposant une augmentation du taux de TH de 10 %. Un m\u00e9nage qui devait payer 1000 \u20ac de TH, mais qui \u00e9tait d\u00e9grev\u00e9 \u00e0 50%, ne payait donc que 500 \u20ac de TH. Avec l\u2019augmentation sa TH th\u00e9orique devrait \u00eatre de 1100 \u20ac et son d\u00e9gr\u00e8vement ne lui enl\u00e8vera que 500 \u20ac. Il devra donc payer 600 \u20ac soit une augmentation de 20 %\u00a0!! S\u2019il \u00e9tait d\u00e9grev\u00e9 \u00e0 80 % car il avait tr\u00e8s peu de ressources il ne payait que 200 \u20ac, avec l\u2019augmentation il devra alors payer 300 \u20ac soit une augmentation de son imp\u00f4t local de 50 %\u00a0!!! Vive la solidarit\u00e9\u00a0!<\/p>\n<p style=\"text-align: justify;\">L\u2019intervention d\u2019O. Noblecourt au Conseil municipal du 23 mai 2016 indique que le PS grenoblois est toujours pr\u00eat \u00e0 augmenter les imp\u00f4ts au pr\u00e9texte que c\u2019est une imposition juste et solidaire. Heureusement qu\u2019ils ne sont plus aux affaires car ils n\u2019auraient pas h\u00e9sit\u00e9 \u00e0 compenser les pertes des dizaines de millions d\u2019euros des baisses des dotations de l\u2019Etat par des hausses d\u2019imp\u00f4ts encore plus fortes qu\u2019en 2009.<\/p>\n","protected":false},"excerpt":{"rendered":"<p>Au conseil municipal on a eu droit \u00e0 une intervention d\u2019O. Noblecourt qui n\u2019a toujours pas compris comment fonctionnent les imp\u00f4ts locaux. Pour lui les imp\u00f4ts locaux ne sont pas si injustes qu\u2019on veut bien le dire puisqu\u2019environ 40 % des m\u00e9nages grenoblois en seraient exon\u00e9r\u00e9s ou d\u00e9grev\u00e9s et donc une augmentation des taux n\u2019atteindraient [&hellip;]<\/p>\n","protected":false},"author":1,"featured_media":0,"comment_status":"closed","ping_status":"open","sticky":false,"template":"","format":"standard","meta":{"twitterCardType":"","cardImageID":0,"cardImage":"","cardTitle":"","cardDesc":"","cardImageAlt":"","cardPlayer":"","cardPlayerWidth":0,"cardPlayerHeight":0,"cardPlayerStream":"","cardPlayerCodec":"","footnotes":""},"categories":[62,11],"tags":[67,215,19],"class_list":["post-11691","post","type-post","status-publish","format-standard","hentry","category-le-rouge-le-vert-hebdo","category-politique-locale","tag-conseil-municipal","tag-grenoble","tag-impots"],"_links":{"self":[{"href":"https:\/\/www.ades-grenoble.org\/wordpress\/wp-json\/wp\/v2\/posts\/11691","targetHints":{"allow":["GET"]}}],"collection":[{"href":"https:\/\/www.ades-grenoble.org\/wordpress\/wp-json\/wp\/v2\/posts"}],"about":[{"href":"https:\/\/www.ades-grenoble.org\/wordpress\/wp-json\/wp\/v2\/types\/post"}],"author":[{"embeddable":true,"href":"https:\/\/www.ades-grenoble.org\/wordpress\/wp-json\/wp\/v2\/users\/1"}],"replies":[{"embeddable":true,"href":"https:\/\/www.ades-grenoble.org\/wordpress\/wp-json\/wp\/v2\/comments?post=11691"}],"version-history":[{"count":3,"href":"https:\/\/www.ades-grenoble.org\/wordpress\/wp-json\/wp\/v2\/posts\/11691\/revisions"}],"predecessor-version":[{"id":11694,"href":"https:\/\/www.ades-grenoble.org\/wordpress\/wp-json\/wp\/v2\/posts\/11691\/revisions\/11694"}],"wp:attachment":[{"href":"https:\/\/www.ades-grenoble.org\/wordpress\/wp-json\/wp\/v2\/media?parent=11691"}],"wp:term":[{"taxonomy":"category","embeddable":true,"href":"https:\/\/www.ades-grenoble.org\/wordpress\/wp-json\/wp\/v2\/categories?post=11691"},{"taxonomy":"post_tag","embeddable":true,"href":"https:\/\/www.ades-grenoble.org\/wordpress\/wp-json\/wp\/v2\/tags?post=11691"}],"curies":[{"name":"wp","href":"https:\/\/api.w.org\/{rel}","templated":true}]}}