{"id":11695,"date":"2016-06-03T16:29:59","date_gmt":"2016-06-03T15:29:59","guid":{"rendered":"http:\/\/www.ades-grenoble.org\/wordpress\/?p=11695"},"modified":"2016-06-03T18:17:51","modified_gmt":"2016-06-03T17:17:51","slug":"cour-des-comptes-letat-ne-maitrise-pas-ses-depenses-et-le-fait-payer-aux-collectivites","status":"publish","type":"post","link":"https:\/\/www.ades-grenoble.org\/wordpress\/2016\/06\/03\/cour-des-comptes-letat-ne-maitrise-pas-ses-depenses-et-le-fait-payer-aux-collectivites\/","title":{"rendered":"Cour des comptes : l\u2019\u00c9tat ne maitrise pas ses d\u00e9penses et le fait payer aux collectivit\u00e9s"},"content":{"rendered":"<p style=\"text-align: justify;\"><img loading=\"lazy\" decoding=\"async\" class=\"size-medium wp-image-11212 alignleft\" src=\"http:\/\/www.ades-grenoble.org\/wordpress\/wp-content\/uploads\/2016\/01\/Cour-des-comptes-300x285.jpg\" alt=\"Cour-des-comptes\" width=\"300\" height=\"285\" srcset=\"https:\/\/www.ades-grenoble.org\/wordpress\/wp-content\/uploads\/2016\/01\/Cour-des-comptes-300x285.jpg 300w, https:\/\/www.ades-grenoble.org\/wordpress\/wp-content\/uploads\/2016\/01\/Cour-des-comptes-150x142.jpg 150w, https:\/\/www.ades-grenoble.org\/wordpress\/wp-content\/uploads\/2016\/01\/Cour-des-comptes.jpg 350w\" sizes=\"auto, (max-width: 300px) 100vw, 300px\" \/>La Cour des comptes a rendu public, le 25 mai 2016, son rapport sur le budget de l\u2019\u00c9tat en 2015. Ce rapport indique que <em>\u00ab\u00a0l<\/em><em>a ma\u00eetrise des d\u00e9penses en 2015 est incompl\u00e8te et ses r\u00e9sultats restent fragiles. Les conditions d\u2019une ma\u00eetrise durable des d\u00e9penses de l\u2019\u00c9tat ne sont pas encore r\u00e9unies\u00a0\u00bb.<\/em> A la lecture de ce rapport on s\u2019aper\u00e7oit que le d\u00e9ficit budg\u00e9taire de l\u2019Etat n\u2019a pas diminu\u00e9 notamment \u00e0 cause du CICE. Donc l\u2019effort d\u2019\u00e9conomie a \u00e9t\u00e9 port\u00e9 uniquement par les collectivit\u00e9s locales\u00a0: en 2015, l\u2019Etat leur a pris 3,7 milliards d\u2019euros qu\u2019il a d\u00e9pens\u00e9 sans probl\u00e8me. L\u2019aust\u00e9rit\u00e9 c\u2019est pour les autres\u00a0!<\/p>\n<p style=\"text-align: justify;\"><!--more--><\/p>\n<p style=\"text-align: justify;\"><em>\u00ab\u00a0Le d\u00e9ficit budg\u00e9taire (70,5 Md\u20ac) est inf\u00e9rieur de 15,1 Md\u20ac \u00e0 celui de 2014. <strong>Une fois retrait\u00e9e des \u00e9l\u00e9ments exceptionnels, cette diminution se limite toutefois \u00e0 0,3 Md\u20ac<\/strong>. La prise en charge par le budget de l\u2019\u00c9tat du co\u00fbt du Pacte de responsabilit\u00e9 et de solidarit\u00e9 et de la mont\u00e9e en charge du CICE a pes\u00e9 sur l\u2019\u00e9volution du d\u00e9ficit. Celui-ci reste \u00e9lev\u00e9 et repr\u00e9sente l\u2019\u00e9quivalent de pr\u00e8s de trois mois de d\u00e9penses.<\/em><\/p>\n<p style=\"text-align: justify;\"><em>L\u2019\u00e9volution spontan\u00e9e des recettes fiscales a \u00e9t\u00e9 conforme aux pr\u00e9visions, ce qui constitue un progr\u00e8s, mais leur dynamisme a repos\u00e9 en partie sur des \u00e9l\u00e9ments non reconductibles. <strong>Les pr\u00e9l\u00e8vements sur les recettes de l\u2019\u00c9tat au profit des collectivit\u00e9s territoriales et de l\u2019Union europ\u00e9enne ont diminu\u00e9. Au total, les recettes nettes de l\u2019\u00c9tat ont sensiblement augment\u00e9.<\/strong><\/em><\/p>\n<p style=\"text-align: justify;\"><em>Les d\u00e9penses nettes du budget g\u00e9n\u00e9ral sont proches des pr\u00e9visions initiales. Des red\u00e9ploiements importants ont cependant \u00e9t\u00e9 n\u00e9cessaires pour faire face \u00e0 des mesures nouvelles ainsi qu\u2019\u00e0 des sous-budg\u00e9tisations. Les d\u00e9penses de personnel ont augment\u00e9 pour la deuxi\u00e8me ann\u00e9e cons\u00e9cutive et l\u2019\u00c9tat a cr\u00e9\u00e9 des emplois publics suppl\u00e9mentaires pour la premi\u00e8re fois depuis 2002. Les d\u00e9penses de fonctionnement et d\u2019investissement de l\u2019\u00c9tat ont fortement progress\u00e9. Les normes de d\u00e9penses ont \u00e9t\u00e9 assouplies en fin de gestion et n\u2019ont \u00e9t\u00e9 respect\u00e9es qu\u2019au prix de contournements de la charte de budg\u00e9tisation.<\/em><\/p>\n<p style=\"text-align: justify;\"><em>La dette de l\u2019\u00c9tat a continu\u00e9 \u00e0 progresser et atteint 1 576 Md\u20ac fin 2015. Le ralentissement de sa croissance par rapport aux ann\u00e9es pr\u00e9c\u00e9dentes est li\u00e9 aux sp\u00e9cificit\u00e9s de la politique d\u2019\u00e9mission suivie au cours de l\u2019ann\u00e9e.\u00a0\u00bb<\/em><\/p>\n<p>Pour lire le rapport, cliquez <a href=\"https:\/\/www.ccomptes.fr\/Actualites\/A-la-une\/Le-budget-de-l-Etat-en-2015-resultats-et-gestion\" target=\"_blank\">ici<\/a>.<\/p>\n","protected":false},"excerpt":{"rendered":"<p>La Cour des comptes a rendu public, le 25 mai 2016, son rapport sur le budget de l\u2019\u00c9tat en 2015. Ce rapport indique que \u00ab\u00a0la ma\u00eetrise des d\u00e9penses en 2015 est incompl\u00e8te et ses r\u00e9sultats restent fragiles. Les conditions d\u2019une ma\u00eetrise durable des d\u00e9penses de l\u2019\u00c9tat ne sont pas encore r\u00e9unies\u00a0\u00bb. A la lecture de [&hellip;]<\/p>\n","protected":false},"author":1,"featured_media":0,"comment_status":"closed","ping_status":"open","sticky":false,"template":"","format":"standard","meta":{"twitterCardType":"","cardImageID":0,"cardImage":"","cardTitle":"","cardDesc":"","cardImageAlt":"","cardPlayer":"","cardPlayerWidth":0,"cardPlayerHeight":0,"cardPlayerStream":"","cardPlayerCodec":"","footnotes":""},"categories":[62,11],"tags":[226,196,138],"class_list":["post-11695","post","type-post","status-publish","format-standard","hentry","category-le-rouge-le-vert-hebdo","category-politique-locale","tag-collectivites","tag-etat","tag-finances"],"_links":{"self":[{"href":"https:\/\/www.ades-grenoble.org\/wordpress\/wp-json\/wp\/v2\/posts\/11695","targetHints":{"allow":["GET"]}}],"collection":[{"href":"https:\/\/www.ades-grenoble.org\/wordpress\/wp-json\/wp\/v2\/posts"}],"about":[{"href":"https:\/\/www.ades-grenoble.org\/wordpress\/wp-json\/wp\/v2\/types\/post"}],"author":[{"embeddable":true,"href":"https:\/\/www.ades-grenoble.org\/wordpress\/wp-json\/wp\/v2\/users\/1"}],"replies":[{"embeddable":true,"href":"https:\/\/www.ades-grenoble.org\/wordpress\/wp-json\/wp\/v2\/comments?post=11695"}],"version-history":[{"count":2,"href":"https:\/\/www.ades-grenoble.org\/wordpress\/wp-json\/wp\/v2\/posts\/11695\/revisions"}],"predecessor-version":[{"id":11698,"href":"https:\/\/www.ades-grenoble.org\/wordpress\/wp-json\/wp\/v2\/posts\/11695\/revisions\/11698"}],"wp:attachment":[{"href":"https:\/\/www.ades-grenoble.org\/wordpress\/wp-json\/wp\/v2\/media?parent=11695"}],"wp:term":[{"taxonomy":"category","embeddable":true,"href":"https:\/\/www.ades-grenoble.org\/wordpress\/wp-json\/wp\/v2\/categories?post=11695"},{"taxonomy":"post_tag","embeddable":true,"href":"https:\/\/www.ades-grenoble.org\/wordpress\/wp-json\/wp\/v2\/tags?post=11695"}],"curies":[{"name":"wp","href":"https:\/\/api.w.org\/{rel}","templated":true}]}}