{"id":11813,"date":"2016-07-01T11:03:19","date_gmt":"2016-07-01T10:03:19","guid":{"rendered":"http:\/\/www.ades-grenoble.org\/wordpress\/?p=11813"},"modified":"2016-07-01T15:29:21","modified_gmt":"2016-07-01T14:29:21","slug":"limpact-social-du-bruit-57-milliards-par-an","status":"publish","type":"post","link":"https:\/\/www.ades-grenoble.org\/wordpress\/2016\/07\/01\/limpact-social-du-bruit-57-milliards-par-an\/","title":{"rendered":"L\u2019impact social du bruit : 57 milliards par an !"},"content":{"rendered":"<p style=\"text-align: justify;\"><img loading=\"lazy\" decoding=\"async\" class=\"size-medium wp-image-11735 alignleft\" src=\"http:\/\/www.ades-grenoble.org\/wordpress\/wp-content\/uploads\/2016\/06\/lutte-bruit-300x97.jpg\" alt=\"lutte-bruit\" width=\"300\" height=\"97\" srcset=\"https:\/\/www.ades-grenoble.org\/wordpress\/wp-content\/uploads\/2016\/06\/lutte-bruit-300x97.jpg 300w, https:\/\/www.ades-grenoble.org\/wordpress\/wp-content\/uploads\/2016\/06\/lutte-bruit-150x49.jpg 150w, https:\/\/www.ades-grenoble.org\/wordpress\/wp-content\/uploads\/2016\/06\/lutte-bruit.jpg 568w\" sizes=\"auto, (max-width: 300px) 100vw, 300px\" \/>Le Conseil National du Bruit (CNB) a command\u00e9 une \u00e9tude sur le co\u00fbt social du bruit, elle est rendue publique le 14 juin. \u00ab<em> La m\u00e9thodologie de cette \u00e9tude repose sur une analyse critique des travaux disponibles \u00e0 l\u2019\u00e9chelle fran\u00e7aise et europ\u00e9enne : \u00e9tudes scientifiques, \u00e9tudes technico-\u00e9conomiques, enqu\u00eates et sondages aupr\u00e8s des populations, articles de presse\u2026 A partir de cette base, une description des co\u00fbts sociaux directs et indirects des principales sources de nuisances sonores (transport, voisinage, milieu professionnel) est r\u00e9alis\u00e9e, puis une traduction \u00e9conomique de chaque poste de co\u00fbt lorsque des donn\u00e9es le permettent.<\/em> \u00bb<\/p>\n<p style=\"text-align: justify;\">L\u2019\u00e9tude rappelle que le bruit \u00e0 des effets tr\u00e8s n\u00e9gatifs sur l\u2019\u00eatre humain : \u00ab d<em>e nuit comme de jour, quelle que soit l\u2019origine du bruit (transports, voisinage, milieu professionnel, loisirs\u2026), le bruit est susceptible d\u2019engendrer des cons\u00e9quences directes pour la sant\u00e9 : des effets sur l\u2019audition pour des niveaux \u00e9lev\u00e9s d\u2019exposition et de nombreux effets extra-auditifs non sp\u00e9cifiques.<\/em> \u00bb<\/p>\n<p style=\"text-align: justify;\"><!--more--><br \/>\nL\u2019\u00e9tude examine les co\u00fbts de l\u2019exposition aux bruits des transports (9 millions de personnes fortement impact\u00e9es), pour les accidents du travail et la surdit\u00e9 provoqu\u00e9s par le bruit en milieu professionnel et indique que les bruits du voisinage sont un ph\u00e9nom\u00e8ne cons\u00e9quent mais dont le co\u00fbt social n\u2019est pas mesur\u00e9. Pour le bruit de voisinage l\u2019\u00e9tude indique : \u00ab Celui-ci figure en effet parmi les bruits les plus durement ressentis par les Fran\u00e7ais, comme en atteste le sondage \u00ab <em>Les Fran\u00e7ais et les nuisances sonores \u00bb publi\u00e9 en septembre 2014 par l\u2019IFOP. D\u2019apr\u00e8s les r\u00e9sultats de ce sondage, les personnes interrog\u00e9es citent les bruits de voisinage comme la nuisance sonore la plus g\u00eanante \u00e0 leur domicile avec la m\u00eame occurrence que le bruit des transports.<\/em> \u00bb<\/p>\n<p style=\"text-align: justify;\">En conclusion : \u00ab <em>Au total donc, les pollutions sonores pourraient donc co\u00fbter en France environ 57 milliards d\u2019euros chaque ann\u00e9e, avec des inconnues qui justifient d\u2019approfondir les connaissances sur le sujet et qui laissent supposer que ce chiffre est susceptible d\u2019\u00e9voluer \u00e0 la hausse. Lors de la pr\u00e9sentation de cette \u00e9tude au conseil National du Bruit (CNB), il a \u00e9t\u00e9 mentionn\u00e9 que le co\u00fbt social du bruit s\u2019\u00e9levant \u00e0 plus de 57 milliards d\u2019euros par an pouvait \u00eatre compar\u00e9 au budget de l\u2019Education Nationale qui s\u2019\u00e9l\u00e8ve, lui, \u00e0 65 milliards d\u2019euros chaque ann\u00e9e. Ce co\u00fbt correspondrait \u00e9galement \u00e0 3% du PIB en 2016 (le PIB s\u2019\u00e9levait \u00e0 2085 milliards d\u2019euros pour l\u2019ann\u00e9e 2015 en France).<\/em> \u00bb<\/p>\n<p style=\"text-align: justify;\">\nPour lire l&rsquo;\u00e9tude cliquez <a href=\"http:\/\/www.bruit.fr\/cout-social-du-bruit-en-france-57-milliards-deuros.html\" target=\"_blank\">ici<\/a>.<\/p>\n","protected":false},"excerpt":{"rendered":"<p>Le Conseil National du Bruit (CNB) a command\u00e9 une \u00e9tude sur le co\u00fbt social du bruit, elle est rendue publique le 14 juin. \u00ab La m\u00e9thodologie de cette \u00e9tude repose sur une analyse critique des travaux disponibles \u00e0 l\u2019\u00e9chelle fran\u00e7aise et europ\u00e9enne : \u00e9tudes scientifiques, \u00e9tudes technico-\u00e9conomiques, enqu\u00eates et sondages aupr\u00e8s des populations, articles de [&hellip;]<\/p>\n","protected":false},"author":1,"featured_media":0,"comment_status":"closed","ping_status":"open","sticky":false,"template":"","format":"standard","meta":{"twitterCardType":"","cardImageID":0,"cardImage":"","cardTitle":"","cardDesc":"","cardImageAlt":"","cardPlayer":"","cardPlayerWidth":0,"cardPlayerHeight":0,"cardPlayerStream":"","cardPlayerCodec":"","footnotes":""},"categories":[62,11],"tags":[138,152,99],"class_list":["post-11813","post","type-post","status-publish","format-standard","hentry","category-le-rouge-le-vert-hebdo","category-politique-locale","tag-finances","tag-pollution-2","tag-sante"],"_links":{"self":[{"href":"https:\/\/www.ades-grenoble.org\/wordpress\/wp-json\/wp\/v2\/posts\/11813","targetHints":{"allow":["GET"]}}],"collection":[{"href":"https:\/\/www.ades-grenoble.org\/wordpress\/wp-json\/wp\/v2\/posts"}],"about":[{"href":"https:\/\/www.ades-grenoble.org\/wordpress\/wp-json\/wp\/v2\/types\/post"}],"author":[{"embeddable":true,"href":"https:\/\/www.ades-grenoble.org\/wordpress\/wp-json\/wp\/v2\/users\/1"}],"replies":[{"embeddable":true,"href":"https:\/\/www.ades-grenoble.org\/wordpress\/wp-json\/wp\/v2\/comments?post=11813"}],"version-history":[{"count":1,"href":"https:\/\/www.ades-grenoble.org\/wordpress\/wp-json\/wp\/v2\/posts\/11813\/revisions"}],"predecessor-version":[{"id":11814,"href":"https:\/\/www.ades-grenoble.org\/wordpress\/wp-json\/wp\/v2\/posts\/11813\/revisions\/11814"}],"wp:attachment":[{"href":"https:\/\/www.ades-grenoble.org\/wordpress\/wp-json\/wp\/v2\/media?parent=11813"}],"wp:term":[{"taxonomy":"category","embeddable":true,"href":"https:\/\/www.ades-grenoble.org\/wordpress\/wp-json\/wp\/v2\/categories?post=11813"},{"taxonomy":"post_tag","embeddable":true,"href":"https:\/\/www.ades-grenoble.org\/wordpress\/wp-json\/wp\/v2\/tags?post=11813"}],"curies":[{"name":"wp","href":"https:\/\/api.w.org\/{rel}","templated":true}]}}