{"id":11885,"date":"2016-07-15T15:45:52","date_gmt":"2016-07-15T14:45:52","guid":{"rendered":"http:\/\/www.ades-grenoble.org\/wordpress\/?p=11885"},"modified":"2016-07-15T15:46:48","modified_gmt":"2016-07-15T14:46:48","slug":"le-terrorisme-a-encore-frappe-contre-nos-valeurs-fondamentales","status":"publish","type":"post","link":"https:\/\/www.ades-grenoble.org\/wordpress\/2016\/07\/15\/le-terrorisme-a-encore-frappe-contre-nos-valeurs-fondamentales\/","title":{"rendered":"Le terrorisme a encore frapp\u00e9 contre nos valeurs fondamentales"},"content":{"rendered":"<p style=\"text-align: justify;\"><img loading=\"lazy\" decoding=\"async\" class=\"size-full wp-image-11886 alignleft\" src=\"http:\/\/www.ades-grenoble.org\/wordpress\/wp-content\/uploads\/2016\/07\/Marianne-pleurs.jpg\" alt=\"Marianne-pleurs\" width=\"400\" height=\"184\" srcset=\"https:\/\/www.ades-grenoble.org\/wordpress\/wp-content\/uploads\/2016\/07\/Marianne-pleurs.jpg 400w, https:\/\/www.ades-grenoble.org\/wordpress\/wp-content\/uploads\/2016\/07\/Marianne-pleurs-150x69.jpg 150w, https:\/\/www.ades-grenoble.org\/wordpress\/wp-content\/uploads\/2016\/07\/Marianne-pleurs-300x138.jpg 300w\" sizes=\"auto, (max-width: 400px) 100vw, 400px\" \/>L\u2019attentat terroriste de Nice montre que notre soci\u00e9t\u00e9 est encore attaqu\u00e9e dans ses valeurs les plus profondes. Apr\u00e8s la remise en cause de la libert\u00e9 d\u2019expression par l\u2019attaque contre Charlie Hebdo, l\u2019attaque antis\u00e9mite de l\u2019Hyper cascher, le massacre du Bataclan et des mitraillages des restaurants c\u2019est l\u2019atteinte directe \u00e0 la R\u00e9publique en assassinant des participants \u00e0 la f\u00eate nationale du 14 juillet \u00e0 Nice.<\/p>\n<p style=\"text-align: justify;\">Souhaitons que les r\u00e9actions de toutes les couches de la soci\u00e9t\u00e9 convergent vers la d\u00e9fense de nos valeurs d\u00e9mocratiques et ne se laissent pas d\u00e9tourner par des petites man\u0153uvres politiciennes et \u00e9lectoralistes.<\/p>\n<p style=\"text-align: justify;\">L\u2019ADES s\u2019associe \u00e0 toutes les marques de solidarit\u00e9 avec les victimes et participera aux actions qui seront propos\u00e9es dans le sens ci-dessus pour montrer la volont\u00e9 de r\u00e9sister contre le terrorisme d\u2019o\u00f9 qu\u2019il vienne et surtout \u00e9viter les amalgames qui ne manqueront malheureusement pas d\u2019\u00eatre prof\u00e9r\u00e9s.<\/p>\n<hr \/>\n<p style=\"text-align: justify;\"><em>Notre envoi hebdomadaire va cesser durant l\u2019\u00e9t\u00e9, sauf en cas d\u2019urgence.<\/em><\/p>\n<p>&nbsp;<\/p>\n","protected":false},"excerpt":{"rendered":"<p>L\u2019attentat terroriste de Nice montre que notre soci\u00e9t\u00e9 est encore attaqu\u00e9e dans ses valeurs les plus profondes. Apr\u00e8s la remise en cause de la libert\u00e9 d\u2019expression par l\u2019attaque contre Charlie Hebdo, l\u2019attaque antis\u00e9mite de l\u2019Hyper cascher, le massacre du Bataclan et des mitraillages des restaurants c\u2019est l\u2019atteinte directe \u00e0 la R\u00e9publique en assassinant des participants [&hellip;]<\/p>\n","protected":false},"author":1,"featured_media":0,"comment_status":"closed","ping_status":"open","sticky":false,"template":"","format":"standard","meta":{"twitterCardType":"","cardImageID":0,"cardImage":"","cardTitle":"","cardDesc":"","cardImageAlt":"","cardPlayer":"","cardPlayerWidth":0,"cardPlayerHeight":0,"cardPlayerStream":"","cardPlayerCodec":"","footnotes":""},"categories":[62,11],"tags":[279,182,251],"class_list":["post-11885","post","type-post","status-publish","format-standard","hentry","category-le-rouge-le-vert-hebdo","category-politique-locale","tag-libertes","tag-solidarite","tag-terrorisme"],"_links":{"self":[{"href":"https:\/\/www.ades-grenoble.org\/wordpress\/wp-json\/wp\/v2\/posts\/11885","targetHints":{"allow":["GET"]}}],"collection":[{"href":"https:\/\/www.ades-grenoble.org\/wordpress\/wp-json\/wp\/v2\/posts"}],"about":[{"href":"https:\/\/www.ades-grenoble.org\/wordpress\/wp-json\/wp\/v2\/types\/post"}],"author":[{"embeddable":true,"href":"https:\/\/www.ades-grenoble.org\/wordpress\/wp-json\/wp\/v2\/users\/1"}],"replies":[{"embeddable":true,"href":"https:\/\/www.ades-grenoble.org\/wordpress\/wp-json\/wp\/v2\/comments?post=11885"}],"version-history":[{"count":1,"href":"https:\/\/www.ades-grenoble.org\/wordpress\/wp-json\/wp\/v2\/posts\/11885\/revisions"}],"predecessor-version":[{"id":11887,"href":"https:\/\/www.ades-grenoble.org\/wordpress\/wp-json\/wp\/v2\/posts\/11885\/revisions\/11887"}],"wp:attachment":[{"href":"https:\/\/www.ades-grenoble.org\/wordpress\/wp-json\/wp\/v2\/media?parent=11885"}],"wp:term":[{"taxonomy":"category","embeddable":true,"href":"https:\/\/www.ades-grenoble.org\/wordpress\/wp-json\/wp\/v2\/categories?post=11885"},{"taxonomy":"post_tag","embeddable":true,"href":"https:\/\/www.ades-grenoble.org\/wordpress\/wp-json\/wp\/v2\/tags?post=11885"}],"curies":[{"name":"wp","href":"https:\/\/api.w.org\/{rel}","templated":true}]}}