{"id":11893,"date":"2016-09-02T12:46:25","date_gmt":"2016-09-02T11:46:25","guid":{"rendered":"http:\/\/www.ades-grenoble.org\/wordpress\/?p=11893"},"modified":"2016-09-02T14:35:56","modified_gmt":"2016-09-02T13:35:56","slug":"de-dangereuses-derives-aux-droits-individuels-quil-faut-vite-arreter","status":"publish","type":"post","link":"https:\/\/www.ades-grenoble.org\/wordpress\/2016\/09\/02\/de-dangereuses-derives-aux-droits-individuels-quil-faut-vite-arreter\/","title":{"rendered":"De dangereuses d\u00e9rives aux droits individuels qu\u2019il faut vite arr\u00eater"},"content":{"rendered":"<p style=\"text-align: justify;\"><img loading=\"lazy\" decoding=\"async\" class=\"size-full wp-image-10217 alignleft\" src=\"http:\/\/www.ades-grenoble.org\/wordpress\/wp-content\/uploads\/2015\/05\/Conseil-d-etat.jpg\" alt=\"Conseil d'\u00e9tat\" width=\"265\" height=\"236\" srcset=\"https:\/\/www.ades-grenoble.org\/wordpress\/wp-content\/uploads\/2015\/05\/Conseil-d-etat.jpg 265w, https:\/\/www.ades-grenoble.org\/wordpress\/wp-content\/uploads\/2015\/05\/Conseil-d-etat-150x134.jpg 150w\" sizes=\"auto, (max-width: 265px) 100vw, 265px\" \/>Depuis quelques ann\u00e9es se d\u00e9veloppe une offensive s\u00e9curitaire qui prend des proportions tr\u00e8s inqui\u00e9tantes en s\u2019attaquant aux libert\u00e9s fondamentales de notre soci\u00e9t\u00e9. L\u2019affaire du burkini a d\u00e9montr\u00e9 que certains \u00e9lus \u00e9taient pr\u00eats \u00e0 s\u2019affranchir des r\u00e8gles les plus \u00e9l\u00e9mentaires de notre Constitution. Heureusement le Conseil d\u2019Etat saisi par la Ligue des droits de l\u2019homme dans une ordonnance de r\u00e9f\u00e9r\u00e9 libert\u00e9 a suspendu un arr\u00eat\u00e9 municipal interdisant ce type de tenue sur une plage, qui a port\u00e9 \u00ab\u00a0<em>une atteinte grave et manifestement ill\u00e9gale aux libert\u00e9s fondamentales que sont la libert\u00e9 d\u2019aller et venir, la libert\u00e9 de conscience et la libert\u00e9 personnelle<\/em>\u00a0\u00bb.<\/p>\n<p style=\"text-align: justify;\"><!--more--><\/p>\n<p style=\"text-align: justify;\">Le juge des r\u00e9f\u00e9r\u00e9s<em> \u00ab\u00a0rappelle que le maire est charg\u00e9 de la police municipale. Mais il souligne, conform\u00e9ment \u00e0 une jurisprudence constante depuis plus d\u2019un si\u00e8cle, que le maire doit concilier l\u2019accomplissement de sa mission de maintien de l\u2019ordre dans la commune avec le respect des libert\u00e9s garanties par les lois. Les mesures de police que le maire d\u2019une commune du littoral \u00e9dicte en vue de r\u00e9glementer l\u2019acc\u00e8s \u00e0 la plage et la pratique de la baignade doivent donc \u00eatre adapt\u00e9es, n\u00e9cessaires et proportionn\u00e9es au regard des seules n\u00e9cessit\u00e9s de l\u2019ordre public, telles qu\u2019elles d\u00e9coulent des circonstances de temps et de lieu, et compte tenu des exigences qu\u2019impliquent le bon acc\u00e8s au rivage, la s\u00e9curit\u00e9 de la baignade ainsi que l\u2019hygi\u00e8ne et la d\u00e9cence sur la plage. Il n\u2019appartient pas au maire de se fonder sur d\u2019autres consid\u00e9rations et les restrictions qu\u2019il apporte aux libert\u00e9s doivent \u00eatre justifi\u00e9es par des risques av\u00e9r\u00e9s d\u2019atteinte \u00e0 l\u2019ordre public.<\/em><\/p>\n<p style=\"text-align: justify;\"><em>\u00a0<\/em><em>Le juge des r\u00e9f\u00e9r\u00e9s en d\u00e9duit que, dans ces conditions, le maire ne pouvait, sans exc\u00e9der ses pouvoirs de police, \u00e9dicter des dispositions qui interdisent l\u2019acc\u00e8s \u00e0 la plage et la baignade alors qu\u2019elles ne reposent ni sur des risques av\u00e9r\u00e9s de troubles \u00e0 l\u2019ordre public ni, par ailleurs, sur des motifs d\u2019hygi\u00e8ne ou de d\u00e9cence.<\/em><em><br \/>\nLe juge des r\u00e9f\u00e9r\u00e9s du Conseil d\u2019\u00c9tat conclut donc que l\u2019article 4.3 de <strong>l\u2019arr\u00eat\u00e9 contest\u00e9 a port\u00e9 une atteinte grave et manifestement ill\u00e9gale aux libert\u00e9s fondamentales que sont la libert\u00e9 d\u2019aller et venir, la libert\u00e9 de conscience et la libert\u00e9 personnelle.<\/strong> La situation d\u2019urgence \u00e9tant par ailleurs caract\u00e9ris\u00e9e, il annule l\u2019ordonnance du juge des r\u00e9f\u00e9r\u00e9s du tribunal administratif de Nice et ordonne la suspension de cet article.\u00a0\u00bb<\/em><\/p>\n<p style=\"text-align: justify;\">Ceci ne signifie pas qu\u2019il ne faut pas critiquer des comportements qui cherchent \u00e0 imposer des signes religieux ou autres dans l\u2019espace public, dont certains attentent \u00e0 l\u2019\u00e9mancipation et \u00e0 la dignit\u00e9 des femmes.<\/p>\n","protected":false},"excerpt":{"rendered":"<p>Depuis quelques ann\u00e9es se d\u00e9veloppe une offensive s\u00e9curitaire qui prend des proportions tr\u00e8s inqui\u00e9tantes en s\u2019attaquant aux libert\u00e9s fondamentales de notre soci\u00e9t\u00e9. L\u2019affaire du burkini a d\u00e9montr\u00e9 que certains \u00e9lus \u00e9taient pr\u00eats \u00e0 s\u2019affranchir des r\u00e8gles les plus \u00e9l\u00e9mentaires de notre Constitution. Heureusement le Conseil d\u2019Etat saisi par la Ligue des droits de l\u2019homme dans [&hellip;]<\/p>\n","protected":false},"author":1,"featured_media":0,"comment_status":"closed","ping_status":"open","sticky":false,"template":"","format":"standard","meta":{"twitterCardType":"","cardImageID":0,"cardImage":"","cardTitle":"","cardDesc":"","cardImageAlt":"","cardPlayer":"","cardPlayerWidth":0,"cardPlayerHeight":0,"cardPlayerStream":"","cardPlayerCodec":"","footnotes":""},"categories":[62,11],"tags":[278,279],"class_list":["post-11893","post","type-post","status-publish","format-standard","hentry","category-le-rouge-le-vert-hebdo","category-politique-locale","tag-droits-humains","tag-libertes"],"_links":{"self":[{"href":"https:\/\/www.ades-grenoble.org\/wordpress\/wp-json\/wp\/v2\/posts\/11893","targetHints":{"allow":["GET"]}}],"collection":[{"href":"https:\/\/www.ades-grenoble.org\/wordpress\/wp-json\/wp\/v2\/posts"}],"about":[{"href":"https:\/\/www.ades-grenoble.org\/wordpress\/wp-json\/wp\/v2\/types\/post"}],"author":[{"embeddable":true,"href":"https:\/\/www.ades-grenoble.org\/wordpress\/wp-json\/wp\/v2\/users\/1"}],"replies":[{"embeddable":true,"href":"https:\/\/www.ades-grenoble.org\/wordpress\/wp-json\/wp\/v2\/comments?post=11893"}],"version-history":[{"count":3,"href":"https:\/\/www.ades-grenoble.org\/wordpress\/wp-json\/wp\/v2\/posts\/11893\/revisions"}],"predecessor-version":[{"id":11897,"href":"https:\/\/www.ades-grenoble.org\/wordpress\/wp-json\/wp\/v2\/posts\/11893\/revisions\/11897"}],"wp:attachment":[{"href":"https:\/\/www.ades-grenoble.org\/wordpress\/wp-json\/wp\/v2\/media?parent=11893"}],"wp:term":[{"taxonomy":"category","embeddable":true,"href":"https:\/\/www.ades-grenoble.org\/wordpress\/wp-json\/wp\/v2\/categories?post=11893"},{"taxonomy":"post_tag","embeddable":true,"href":"https:\/\/www.ades-grenoble.org\/wordpress\/wp-json\/wp\/v2\/tags?post=11893"}],"curies":[{"name":"wp","href":"https:\/\/api.w.org\/{rel}","templated":true}]}}