{"id":11911,"date":"2016-09-02T13:21:41","date_gmt":"2016-09-02T12:21:41","guid":{"rendered":"http:\/\/www.ades-grenoble.org\/wordpress\/?p=11911"},"modified":"2016-09-02T14:39:20","modified_gmt":"2016-09-02T13:39:20","slug":"on-a-trouve-qui-a-ruine-grenoble-la-corruption","status":"publish","type":"post","link":"https:\/\/www.ades-grenoble.org\/wordpress\/2016\/09\/02\/on-a-trouve-qui-a-ruine-grenoble-la-corruption\/","title":{"rendered":"On a trouv\u00e9 qui a ruin\u00e9 Grenoble : la corruption !"},"content":{"rendered":"<p style=\"text-align: justify;\">L\u2019ancien maire corrompu de Grenoble, A. Carignon lance une campagne avec son groupe <em>\u00ab Les R\u00e9publicains de Grenoble <\/em>\u00bb sur le th\u00e8me, \u00ab <em>ils ont ruin\u00e9 Grenoble <\/em>\u00bb, sous la forme d\u2019affiches et de tracts o\u00f9 sont mis en cause des \u00e9lus et anciens \u00e9lus de gauche et \u00e9cologistes sous l\u2019appel bien connu des western \u00ab <em>Wanted <\/em>\u00bb. La forme de cette attaque ad-hominem est inadmissible et doit \u00eatre condamn\u00e9e par tous les d\u00e9fenseurs des libert\u00e9s et des valeurs de la R\u00e9publique.<\/p>\n<p style=\"text-align: justify;\">Encore une fois cet ancien maire montre qu\u2019il est capable de tout pour revenir aux affaires.<\/p>\n<p style=\"text-align: justify;\">Sur le fond de savoir qui a ruin\u00e9 Grenoble, toutes celles et ceux qui ont suivi l\u2019histoire politique r\u00e9cente de Grenoble savent quelles ont \u00e9t\u00e9 les actions d\u2019Alain Carignon entre 1983 et 1995 qui lui ont valu de la prison suite \u00e0 de nombreuses malversations allant jusqu\u2019\u00e0 la corruption et \u00e0 l\u2019enrichissement personnel.<\/p>\n<p style=\"text-align: justify;\">L\u2019ADES et ses \u00e9lus se sont \u00e9lev\u00e9s contre cette politique dramatique pour les habitants qui ont pay\u00e9 tr\u00e8s cher cette gestion. L\u2019ADES et ses \u00e9lus ont fait de nombreuses actions contre les privatisations et les m\u00e9thodes scandaleuses et ill\u00e9gales de cet ancien maire.<\/p>\n<p style=\"text-align: justify;\">Pour trouver un r\u00e9sum\u00e9 des malversations de cette \u00e9poque peu glorieuse on peut <a href=\"http:\/\/www.ades-grenoble.org\/wordpress\/2007\/06\/01\/alain-carignon-un-corrompu-de-retour-aux-affaires\/\">lire la brochure \u00e9dit\u00e9e par l\u2019ADES en 2007<\/a> sur le retour aux affaires du corrompu.<\/p>\n<p style=\"text-align: justify;\">Pour les questions financi\u00e8res, <a href=\"http:\/\/www.ades-grenoble.org\/wordpress\/2013\/07\/12\/finances-de-grenoble-de-1982-a-2012\/\" target=\"_blank\">un article de 2013 sur le site internet de l\u2019ADES<\/a> r\u00e9sume rapidement ce qu\u2019a co\u00fbt\u00e9 aux Grenoblois le passage au pouvoir du maire corrompu : une dette \u00e9norme, des finances totalement d\u00e9grad\u00e9es.<\/p>\n<p style=\"text-align: justify;\"><!--more--><\/p>\n<p style=\"text-align: justify;\">La corruption a co\u00fbt\u00e9 tr\u00e8s cher aux Grenoblois et il aura fallu plusieurs ann\u00e9es \u00e0 une coalition de la gauche et des \u00e9cologistes pour redresser la situation \u00e0 partir de 1995.<\/p>\n<p style=\"text-align: justify;\">Si Grenoble a la dette par habitant la plus importante des grandes villes elle le doit \u00e0 la gestion calamiteuse de la droite entre 1983 et 1995.<\/p>\n<p style=\"text-align: justify;\"><img loading=\"lazy\" decoding=\"async\" class=\"size-full wp-image-7341 aligncenter\" src=\"http:\/\/www.ades-grenoble.org\/wordpress\/wp-content\/uploads\/2013\/07\/Grenoble1982-2012BPdette.jpg\" alt=\"Grenoble1982-2012BPdette\" width=\"753\" height=\"451\" srcset=\"https:\/\/www.ades-grenoble.org\/wordpress\/wp-content\/uploads\/2013\/07\/Grenoble1982-2012BPdette.jpg 753w, https:\/\/www.ades-grenoble.org\/wordpress\/wp-content\/uploads\/2013\/07\/Grenoble1982-2012BPdette-150x89.jpg 150w, https:\/\/www.ades-grenoble.org\/wordpress\/wp-content\/uploads\/2013\/07\/Grenoble1982-2012BPdette-300x179.jpg 300w\" sizes=\"auto, (max-width: 753px) 100vw, 753px\" \/><\/p>\n<p style=\"text-align: justify;\">A noter que fin 2015 la dette du budget principal est de 252 millions d\u2019euros ce qui montre une stabilit\u00e9 au niveau o\u00f9 le maire corrompu a laiss\u00e9 la dette \u00e0 ses successeurs.<\/p>\n<p style=\"text-align: justify;\">La parenth\u00e8se de la corruption a co\u00fbt\u00e9 tr\u00e8s cher aux Grenoblois. C\u2019est bien la politique de la droite qui a \u00ab\u00a0<em>ruin\u00e9 les Grenoblois<\/em>\u00a0\u00bb.<\/p>\n","protected":false},"excerpt":{"rendered":"<p>L\u2019ancien maire corrompu de Grenoble, A. Carignon lance une campagne avec son groupe \u00ab Les R\u00e9publicains de Grenoble \u00bb sur le th\u00e8me, \u00ab ils ont ruin\u00e9 Grenoble \u00bb, sous la forme d\u2019affiches et de tracts o\u00f9 sont mis en cause des \u00e9lus et anciens \u00e9lus de gauche et \u00e9cologistes sous l\u2019appel bien connu des western [&hellip;]<\/p>\n","protected":false},"author":1,"featured_media":0,"comment_status":"closed","ping_status":"open","sticky":false,"template":"","format":"standard","meta":{"twitterCardType":"","cardImageID":0,"cardImage":"","cardTitle":"","cardDesc":"","cardImageAlt":"","cardPlayer":"","cardPlayerWidth":0,"cardPlayerHeight":0,"cardPlayerStream":"","cardPlayerCodec":"","footnotes":""},"categories":[62,11],"tags":[30,262],"class_list":["post-11911","post","type-post","status-publish","format-standard","hentry","category-le-rouge-le-vert-hebdo","category-politique-locale","tag-corrompu","tag-dette"],"_links":{"self":[{"href":"https:\/\/www.ades-grenoble.org\/wordpress\/wp-json\/wp\/v2\/posts\/11911","targetHints":{"allow":["GET"]}}],"collection":[{"href":"https:\/\/www.ades-grenoble.org\/wordpress\/wp-json\/wp\/v2\/posts"}],"about":[{"href":"https:\/\/www.ades-grenoble.org\/wordpress\/wp-json\/wp\/v2\/types\/post"}],"author":[{"embeddable":true,"href":"https:\/\/www.ades-grenoble.org\/wordpress\/wp-json\/wp\/v2\/users\/1"}],"replies":[{"embeddable":true,"href":"https:\/\/www.ades-grenoble.org\/wordpress\/wp-json\/wp\/v2\/comments?post=11911"}],"version-history":[{"count":3,"href":"https:\/\/www.ades-grenoble.org\/wordpress\/wp-json\/wp\/v2\/posts\/11911\/revisions"}],"predecessor-version":[{"id":11924,"href":"https:\/\/www.ades-grenoble.org\/wordpress\/wp-json\/wp\/v2\/posts\/11911\/revisions\/11924"}],"wp:attachment":[{"href":"https:\/\/www.ades-grenoble.org\/wordpress\/wp-json\/wp\/v2\/media?parent=11911"}],"wp:term":[{"taxonomy":"category","embeddable":true,"href":"https:\/\/www.ades-grenoble.org\/wordpress\/wp-json\/wp\/v2\/categories?post=11911"},{"taxonomy":"post_tag","embeddable":true,"href":"https:\/\/www.ades-grenoble.org\/wordpress\/wp-json\/wp\/v2\/tags?post=11911"}],"curies":[{"name":"wp","href":"https:\/\/api.w.org\/{rel}","templated":true}]}}