{"id":1199,"date":"2010-03-11T23:19:19","date_gmt":"2010-03-11T21:19:19","guid":{"rendered":"http:\/\/www.ades-grenoble.org\/wordpress\/?p=1199"},"modified":"2010-03-31T21:40:23","modified_gmt":"2010-03-31T19:40:23","slug":"le-rouge-et-le-vert-hebdo-bulletin-de-naissance-de-la-version-electronique","status":"publish","type":"post","link":"https:\/\/www.ades-grenoble.org\/wordpress\/2010\/03\/11\/le-rouge-et-le-vert-hebdo-bulletin-de-naissance-de-la-version-electronique\/","title":{"rendered":"Le Rouge et le Vert hebdo, bulletin de naissance de la version \u00e9lectronique"},"content":{"rendered":"<p><a href=\"http:\/\/www.ades-grenoble.org\/wordpress\/category\/le-rouge-le-vert\/\" target=\"_self\">Le Rouge &amp; le Vert<\/a> a vu le jour fin 1983. Le choix de ce titre \u00e9tait \u00e0 la fois un message politique et un <a href=\"http:\/\/www.ades-grenoble.org\/wordpress\/2010\/03\/11\/quelle-histoire-dapres-stendhal\/\" target=\"_self\">clin d\u2019oeil au roman du \u00ab\u00a0Grenobloua\u00a0\u00bb Stendhal,<\/a> de son vrai nom Henri Beyle, qui est n\u00e9 rue des Vieux J\u00e9suites (aujourd&rsquo;hui rue Jean-Jacques Rousseau) \u00e0 Grenoble et y a s\u00e9journ\u00e9 de 1783 \u00e0 1799.<\/p>\n<p>Voici ce que nous \u00e9crivions il y a 26 ans\u00a0:<\/p>\n<p style=\"padding-left: 30px;\">\u00ab\u00a0Pourquoi Le Rouge et le Vert\u00a0? S\u2019agit-il d\u2019une lecture daltonienne de l\u2019\u0153uvre de Henri Beyle\u00a0?&#8230; Certains penseront aux couleurs de la l\u00e9gion \u00e9trang\u00e8re, d\u2019autres \u00e0 un symbolisme politique ou \u00e0 une politique symbolique. Lisons plut\u00f4t l\u2019interpr\u00e9tation de Jo\u00ebl de Rosnay dans \u00ab\u00a0les chemins de la vie\u00a0\u00bb : Parmi les couleurs chatoyantes de la vie, celles que nous connaissons peut \u00eatre le mieux sont le rouge et le vert, tons compl\u00e9mentaires qui composent la palette des peintres. Le rouge du sang, c\u2019est l\u2019h\u00e9moglobine. Le vert des feuilles la chlorophylle. Deux pigments essentiels de la vie, mais que tout semble s\u00e9parer, comme la fronti\u00e8re entre le monde animal et le monde v\u00e9g\u00e9tal. Et pourtant la structure chimique de base qui les compose est tr\u00e8s voisine\u2026 Sans les plantes pas d\u2019animaux, sans les animaux, pas de plantes\u00a0: compl\u00e9mentarit\u00e9 et interd\u00e9pendance\u2026\u00a0\u00bb<\/p>\n<p>C\u2019est pourquoi <a href=\"http:\/\/www.ades-grenoble.org\/wordpress\/lades-un-opni\/\" target=\"_self\">nous lions solidarit\u00e9 et \u00e9cologie, le rouge et le vert, le tout ciment\u00e9 par la d\u00e9mocratie<\/a>. Il n\u2019y a pas de plus beau programme politique.<\/p>\n<p>La version papier de Le Rouge et le Vert en est \u00e0 son 116\u00e8me num\u00e9ro. Nous avons d\u00e9cid\u00e9 de mettre en place un outil d\u2019information  hebdomadaire pour r\u00e9pondre rapidement \u00e0 l\u2019actualit\u00e9. Il sera \u00e9dit\u00e9 uniquement en version \u00e9lectronique.<\/p>\n<p><strong>Pour vous abonner : <a href=\"mailto:info-subscribe@ades-grenoble.org\">cliquer ici<\/a><\/strong>, vous  recevrez un message de confirmation auquel il faudra r\u00e9pondre pour  valider l\u2019inscription.<\/p>\n","protected":false},"excerpt":{"rendered":"<p>Le Rouge &amp; le Vert a vu le jour fin 1983. Le choix de ce titre \u00e9tait \u00e0 la fois un message politique et un clin d\u2019oeil au roman du \u00ab\u00a0Grenobloua\u00a0\u00bb Stendhal, de son vrai nom Henri Beyle, qui est n\u00e9 rue des Vieux J\u00e9suites (aujourd&rsquo;hui rue Jean-Jacques Rousseau) \u00e0 Grenoble et y a s\u00e9journ\u00e9 [&hellip;]<\/p>\n","protected":false},"author":1,"featured_media":0,"comment_status":"open","ping_status":"open","sticky":false,"template":"","format":"standard","meta":{"twitterCardType":"","cardImageID":0,"cardImage":"","cardTitle":"","cardDesc":"","cardImageAlt":"","cardPlayer":"","cardPlayerWidth":0,"cardPlayerHeight":0,"cardPlayerStream":"","cardPlayerCodec":"","footnotes":""},"categories":[62],"tags":[],"class_list":["post-1199","post","type-post","status-publish","format-standard","hentry","category-le-rouge-le-vert-hebdo"],"_links":{"self":[{"href":"https:\/\/www.ades-grenoble.org\/wordpress\/wp-json\/wp\/v2\/posts\/1199","targetHints":{"allow":["GET"]}}],"collection":[{"href":"https:\/\/www.ades-grenoble.org\/wordpress\/wp-json\/wp\/v2\/posts"}],"about":[{"href":"https:\/\/www.ades-grenoble.org\/wordpress\/wp-json\/wp\/v2\/types\/post"}],"author":[{"embeddable":true,"href":"https:\/\/www.ades-grenoble.org\/wordpress\/wp-json\/wp\/v2\/users\/1"}],"replies":[{"embeddable":true,"href":"https:\/\/www.ades-grenoble.org\/wordpress\/wp-json\/wp\/v2\/comments?post=1199"}],"version-history":[{"count":6,"href":"https:\/\/www.ades-grenoble.org\/wordpress\/wp-json\/wp\/v2\/posts\/1199\/revisions"}],"predecessor-version":[{"id":1371,"href":"https:\/\/www.ades-grenoble.org\/wordpress\/wp-json\/wp\/v2\/posts\/1199\/revisions\/1371"}],"wp:attachment":[{"href":"https:\/\/www.ades-grenoble.org\/wordpress\/wp-json\/wp\/v2\/media?parent=1199"}],"wp:term":[{"taxonomy":"category","embeddable":true,"href":"https:\/\/www.ades-grenoble.org\/wordpress\/wp-json\/wp\/v2\/categories?post=1199"},{"taxonomy":"post_tag","embeddable":true,"href":"https:\/\/www.ades-grenoble.org\/wordpress\/wp-json\/wp\/v2\/tags?post=1199"}],"curies":[{"name":"wp","href":"https:\/\/api.w.org\/{rel}","templated":true}]}}