{"id":120,"date":"2008-06-04T22:00:53","date_gmt":"2008-06-04T20:00:53","guid":{"rendered":"http:\/\/www.ades-grenoble.org\/wordpress\/?p=120"},"modified":"2010-02-18T21:56:21","modified_gmt":"2010-02-18T19:56:21","slug":"retrait-de-la-base-eleves","status":"publish","type":"post","link":"https:\/\/www.ades-grenoble.org\/wordpress\/2008\/06\/04\/retrait-de-la-base-eleves\/","title":{"rendered":"Retrait de la base \u00e9l\u00e8ves !"},"content":{"rendered":"<p style=\"text-align: left;\"><a href=\"http:\/\/www.ades-grenoble.org\/wordpress\/wp-content\/uploads\/2008\/06\/base-eleves.jpg\"><img loading=\"lazy\" decoding=\"async\" class=\"alignleft alignnone size-medium wp-image-118\" style=\"border: 0pt none; margin: 2px; float: left;\" title=\"base-eleves\" src=\"http:\/\/www.ades-grenoble.org\/wordpress\/wp-content\/uploads\/2008\/06\/base-eleves.jpg\" alt=\"logo retrait base \u00e9l\u00e8ves\" width=\"200\" height=\"152\" \/><\/a><strong>MANIFESTATION SAMEDI 14 JUIN 2008<br \/>\nNon \u00e0 une \u00e9cole priv\u00e9e de moyens, instrument de contr\u00f4le social.<br \/>\nPour le retrait de \u00ab Bases \u00e9l\u00e8ves \u00bb, le fichage des enfants<\/strong><\/p>\n<p><strong>\u00e0 14 h place Grenette \u00e0 Grenoble<\/strong>, pour obtenir le retrait de Base \u00e9l\u00e8ves et de SCONET.<\/p>\n<p><a href=\"http:\/\/www.ades-grenoble.org\/wordpress\/wp-content\/uploads\/2008\/06\/080614-manif-baseeleves.pdf\" target=\"_blank\">Tract d&rsquo;appel \u00e0 la manifestation PDF (400 Ko)<\/a><\/p>\n<p>Contactez le CIRBE (Collectif Is\u00e9rois pour le Retrait de Base \u00c9l\u00e8ves) en envoyant un m\u00e9l \u00e0 <a href=\"mailto:baseeleves@gmail.com\">baseeleves@gmail.com<\/a><br \/>\nConsultez notre blog : <a title=\"cirbe\" href=\"http:\/\/baseeleves38.wordpress.com\" target=\"_blank\">http:\/\/baseeleves38.wordpress.com<\/a><\/p>\n<p>Les organisations de l&rsquo;Is\u00e8re qui appellent \u00e0 la manifestation : le CIRBE et les syndicats de l&rsquo;\u00e9ducation SNUIPP et FSU, le PAS, SUD \u00c9ducation, la SDEN CGT, le SNEP, la Ligue des Droits de l&rsquo;Homme (LDH), <span style=\"color: #008000;\"><strong>l&rsquo;Association D\u00e9mocratie \u00c9cologie et Solidarit\u00e9 (ADES)<\/strong><\/span>, le Centre d&rsquo;Information Inter Peuples (CIIP), le Collectif Unitaire AntiD\u00e9lation (CUAD), le R\u00e9seau \u00c9ducation Sans Fronti\u00e8res (RESF), la Conf\u00e9d\u00e9ration Syndicale des Familles (CSF), Ras l&rsquo;Front, ATTAC, les Alternatifs, les Verts, la LCR, le PCF, le PS, CMA250.<\/p>\n","protected":false},"excerpt":{"rendered":"<p>MANIFESTATION SAMEDI 14 JUIN 2008 Non \u00e0 une \u00e9cole priv\u00e9e de moyens, instrument de contr\u00f4le social. Pour le retrait de \u00ab Bases \u00e9l\u00e8ves \u00bb, le fichage des enfants \u00e0 14 h place Grenette \u00e0 Grenoble, pour obtenir le retrait de Base \u00e9l\u00e8ves et de SCONET. Tract d&rsquo;appel \u00e0 la manifestation PDF (400 Ko) Contactez le [&hellip;]<\/p>\n","protected":false},"author":1,"featured_media":0,"comment_status":"open","ping_status":"open","sticky":false,"template":"","format":"standard","meta":{"twitterCardType":"","cardImageID":0,"cardImage":"","cardTitle":"","cardDesc":"","cardImageAlt":"","cardPlayer":"","cardPlayerWidth":0,"cardPlayerHeight":0,"cardPlayerStream":"","cardPlayerCodec":"","footnotes":""},"categories":[],"tags":[56,57,12],"class_list":["post-120","post","type-post","status-publish","format-standard","hentry","tag-base-eleves","tag-fichage","tag-mobilisations"],"_links":{"self":[{"href":"https:\/\/www.ades-grenoble.org\/wordpress\/wp-json\/wp\/v2\/posts\/120","targetHints":{"allow":["GET"]}}],"collection":[{"href":"https:\/\/www.ades-grenoble.org\/wordpress\/wp-json\/wp\/v2\/posts"}],"about":[{"href":"https:\/\/www.ades-grenoble.org\/wordpress\/wp-json\/wp\/v2\/types\/post"}],"author":[{"embeddable":true,"href":"https:\/\/www.ades-grenoble.org\/wordpress\/wp-json\/wp\/v2\/users\/1"}],"replies":[{"embeddable":true,"href":"https:\/\/www.ades-grenoble.org\/wordpress\/wp-json\/wp\/v2\/comments?post=120"}],"version-history":[{"count":1,"href":"https:\/\/www.ades-grenoble.org\/wordpress\/wp-json\/wp\/v2\/posts\/120\/revisions"}],"predecessor-version":[{"id":1038,"href":"https:\/\/www.ades-grenoble.org\/wordpress\/wp-json\/wp\/v2\/posts\/120\/revisions\/1038"}],"wp:attachment":[{"href":"https:\/\/www.ades-grenoble.org\/wordpress\/wp-json\/wp\/v2\/media?parent=120"}],"wp:term":[{"taxonomy":"category","embeddable":true,"href":"https:\/\/www.ades-grenoble.org\/wordpress\/wp-json\/wp\/v2\/categories?post=120"},{"taxonomy":"post_tag","embeddable":true,"href":"https:\/\/www.ades-grenoble.org\/wordpress\/wp-json\/wp\/v2\/tags?post=120"}],"curies":[{"name":"wp","href":"https:\/\/api.w.org\/{rel}","templated":true}]}}