{"id":12006,"date":"2016-09-23T09:06:05","date_gmt":"2016-09-23T08:06:05","guid":{"rendered":"http:\/\/www.ades-grenoble.org\/wordpress\/?p=12006"},"modified":"2016-09-23T15:06:16","modified_gmt":"2016-09-23T14:06:16","slug":"comparaison-des-donnees-salariales-entre-la-ville-de-grenoble-et-lensemble-de-la-fonction-publique-territoriale","status":"publish","type":"post","link":"https:\/\/www.ades-grenoble.org\/wordpress\/2016\/09\/23\/comparaison-des-donnees-salariales-entre-la-ville-de-grenoble-et-lensemble-de-la-fonction-publique-territoriale\/","title":{"rendered":"Comparaison des donn\u00e9es salariales entre la ville de Grenoble et l\u2019ensemble de la fonction publique territoriale"},"content":{"rendered":"<p style=\"text-align: justify;\"><img loading=\"lazy\" decoding=\"async\" class=\"size-full wp-image-9025 alignleft\" src=\"http:\/\/www.ades-grenoble.org\/wordpress\/wp-content\/uploads\/2014\/09\/logo_insee.png\" alt=\"logo insee\" width=\"396\" height=\"81\" srcset=\"https:\/\/www.ades-grenoble.org\/wordpress\/wp-content\/uploads\/2014\/09\/logo_insee.png 396w, https:\/\/www.ades-grenoble.org\/wordpress\/wp-content\/uploads\/2014\/09\/logo_insee-150x30.png 150w, https:\/\/www.ades-grenoble.org\/wordpress\/wp-content\/uploads\/2014\/09\/logo_insee-300x61.png 300w\" sizes=\"auto, (max-width: 396px) 100vw, 396px\" \/>L\u2019INSEE vient de publier une \u00e9tude sur \u00ab\u00a0<em>les salaires dans la fonction publique territoriale<\/em>\u00a0\u00bb (INSEE premi\u00e8re n\u00b0 1616 de septembre 2016) pour l\u2019ann\u00e9e 2014.<\/p>\n<p style=\"text-align: justify;\">La moyenne des salaires nets dans la fonction publique territoriale (FTP) pour un plein temps est de 1952 \u20ac\/mois. A Grenoble c\u2019est \u00e0 peu pr\u00e8s cette valeur puisqu\u2019en 2014 le salaire net moyen \u00e9tait de 2000 \u20ac\/mois. Mais dans les 36 000 communes la moyenne est de seulement 1787 \u20ac. Ce sont les d\u00e9partements qui paient le mieux les fonctionnaires\u00a0: 2089 \u20ac, mais d\u00e9pass\u00e9s par les Services d\u00e9partementaux d\u2019incendie et de secours 2540 \u20ac.<\/p>\n<p style=\"text-align: justify;\"><!--more--><\/p>\n<p style=\"text-align: justify;\">Par cat\u00e9gories, \u00e0 Grenoble les cat\u00e9gories A sont moins r\u00e9mun\u00e9r\u00e9es (2967 \u20ac) que la moyenne nationale (3280) de m\u00eame les cat\u00e9gories B (2058 \u20ac \u00e0 Grenoble contre 2299 \u20ac en moyenne nationale). En revanche, les cat\u00e9gories C sont r\u00e9mun\u00e9r\u00e9es (1744 \u20ac) \u00e0 peu pr\u00e8s au m\u00eame niveau (1723 \u20ac) que la moyenne nationale.<\/p>\n<p style=\"text-align: justify;\">A noter, \u00e0 Grenoble, une \u00e9volution de la structure des effectifs entre 2014 et 2015, vers moins de cat\u00e9gorie A (13,7 % au lieu de 15,5%) et de cat\u00e9gorie B (21,5 \u00e0 20,7 %) et donc plus de cat\u00e9gorie C (de 63 \u00e0 65,6%).<\/p>\n<p style=\"text-align: justify;\">Chiffres issus de <a href=\"http:\/\/www.insee.fr\/fr\/ffc\/ipweb\/ip1616\/ip1616.pdf\" target=\"_blank\">l\u2019\u00e9tude de l\u2019INSEE<\/a>\u00a0 et du bilan social de la ville.<\/p>\n","protected":false},"excerpt":{"rendered":"<p>L\u2019INSEE vient de publier une \u00e9tude sur \u00ab\u00a0les salaires dans la fonction publique territoriale\u00a0\u00bb (INSEE premi\u00e8re n\u00b0 1616 de septembre 2016) pour l\u2019ann\u00e9e 2014. La moyenne des salaires nets dans la fonction publique territoriale (FTP) pour un plein temps est de 1952 \u20ac\/mois. A Grenoble c\u2019est \u00e0 peu pr\u00e8s cette valeur puisqu\u2019en 2014 le salaire [&hellip;]<\/p>\n","protected":false},"author":1,"featured_media":0,"comment_status":"closed","ping_status":"open","sticky":false,"template":"","format":"standard","meta":{"twitterCardType":"","cardImageID":0,"cardImage":"","cardTitle":"","cardDesc":"","cardImageAlt":"","cardPlayer":"","cardPlayerWidth":0,"cardPlayerHeight":0,"cardPlayerStream":"","cardPlayerCodec":"","footnotes":""},"categories":[62,11],"tags":[226,215,208],"class_list":["post-12006","post","type-post","status-publish","format-standard","hentry","category-le-rouge-le-vert-hebdo","category-politique-locale","tag-collectivites","tag-grenoble","tag-salaires"],"_links":{"self":[{"href":"https:\/\/www.ades-grenoble.org\/wordpress\/wp-json\/wp\/v2\/posts\/12006","targetHints":{"allow":["GET"]}}],"collection":[{"href":"https:\/\/www.ades-grenoble.org\/wordpress\/wp-json\/wp\/v2\/posts"}],"about":[{"href":"https:\/\/www.ades-grenoble.org\/wordpress\/wp-json\/wp\/v2\/types\/post"}],"author":[{"embeddable":true,"href":"https:\/\/www.ades-grenoble.org\/wordpress\/wp-json\/wp\/v2\/users\/1"}],"replies":[{"embeddable":true,"href":"https:\/\/www.ades-grenoble.org\/wordpress\/wp-json\/wp\/v2\/comments?post=12006"}],"version-history":[{"count":2,"href":"https:\/\/www.ades-grenoble.org\/wordpress\/wp-json\/wp\/v2\/posts\/12006\/revisions"}],"predecessor-version":[{"id":12008,"href":"https:\/\/www.ades-grenoble.org\/wordpress\/wp-json\/wp\/v2\/posts\/12006\/revisions\/12008"}],"wp:attachment":[{"href":"https:\/\/www.ades-grenoble.org\/wordpress\/wp-json\/wp\/v2\/media?parent=12006"}],"wp:term":[{"taxonomy":"category","embeddable":true,"href":"https:\/\/www.ades-grenoble.org\/wordpress\/wp-json\/wp\/v2\/categories?post=12006"},{"taxonomy":"post_tag","embeddable":true,"href":"https:\/\/www.ades-grenoble.org\/wordpress\/wp-json\/wp\/v2\/tags?post=12006"}],"curies":[{"name":"wp","href":"https:\/\/api.w.org\/{rel}","templated":true}]}}