{"id":12167,"date":"2016-10-28T16:34:26","date_gmt":"2016-10-28T14:34:26","guid":{"rendered":"http:\/\/www.ades-grenoble.org\/wordpress\/?p=12167"},"modified":"2016-10-28T16:34:26","modified_gmt":"2016-10-28T14:34:26","slug":"prevenir-la-radicalisation-dans-lanimation-et-le-sport","status":"publish","type":"post","link":"https:\/\/www.ades-grenoble.org\/wordpress\/2016\/10\/28\/prevenir-la-radicalisation-dans-lanimation-et-le-sport\/","title":{"rendered":"Pr\u00e9venir la radicalisation dans l\u2019animation et le sport"},"content":{"rendered":"<p style=\"text-align: justify;\"><img loading=\"lazy\" decoding=\"async\" class=\"size-full wp-image-9639 alignleft\" src=\"http:\/\/www.ades-grenoble.org\/wordpress\/wp-content\/uploads\/2015\/01\/siteon0.jpg\" alt=\"minist\u00e8re ville, jeunesse et sports\" width=\"117\" height=\"150\" \/>Le minist\u00e8re de la Ville, de la Jeunesse et des Sports publie un guide intitul\u00e9 <em>\u00ab\u00a0Acteurs du sport et de l&rsquo;animation, mieux conna\u00eetre, mieux comprendre et mieux pr\u00e9venir les ph\u00e9nom\u00e8nes de radicalisation\u00a0\u00bb.<br \/>\n<\/em><\/p>\n<p style=\"text-align: justify;\">Le document pr\u00e9sente cinq fiches. Comment d\u00e9finir la radicalisation ?, Depuis quand parle-t-on de radicalisation ?, Comment expliquer et pr\u00e9venir un basculement dans la radicalisation ?, Comment le champ du sport et de l&rsquo;animation contribue-t-il \u00e0 pr\u00e9venir la radicalisation ? et Acteurs du sport et de l&rsquo;animation : quelles pistes pour pr\u00e9venir au mieux les ph\u00e9nom\u00e8nes de radicalisation ?<\/p>\n<p style=\"text-align: justify;\"><!--more--><\/p>\n<p style=\"text-align: justify;\"><em>\u00ab\u00a0Le pr\u00e9sent guide s\u2019inscrit dans le cadre du plan d\u2019action du gouvernement contre la radicalisation et le terrorisme du 9 mai 2016, et plus particuli\u00e8rement dans le cadre de la mesure 45 destin\u00e9e \u00e0 pr\u00e9venir la radicalisation dans le champ sportif par le d\u00e9veloppement du contr\u00f4le des clubs et des \u00e9ducateurs et la mise en jeu de \u00ab\u00a0l\u2019agr\u00e9ment sport\u00a0\u00bb en cas de d\u00e9rive. Il est le fruit d\u2019un travail men\u00e9 par divers experts r\u00e9unis au sein d\u2019un groupe de travail pilot\u00e9 par le minist\u00e8re de la Ville, de la Jeunesse et des Sports. Le guide a vocation \u00e0 s\u2019adresser aux acteurs du sport et de l\u2019animation (agents jeunesse et sports, \u00e9ducateurs sportifs, animateurs, dirigeants sportifs) afin de les accompagner dans l\u2019appr\u00e9hension des ph\u00e9nom\u00e8nes de radicalisation et des moyens pour pr\u00e9venir ou r\u00e9agir efficacement. Les acteurs du sport et de l\u2019animation pr\u00e9cit\u00e9s pourront ou ont d\u00e9j\u00e0 \u00e9t\u00e9 confront\u00e9s \u00e0 de telles situations voire interrogations. Pour r\u00e9pondre \u00e0 cette double vocation, le guide poursuit les objectifs suivants\u00a0: <\/em><\/p>\n<ul style=\"text-align: justify;\">\n<li><em>\u25cf fournir des cl\u00e9s de compr\u00e9hension objectives pour mieux appr\u00e9hender les ph\u00e9nom\u00e8nes de radicalisation et en particulier le ph\u00e9nom\u00e8ne actuel qui est complexe\u00a0; <\/em><\/li>\n<li><em>\u25cf fournir des pistes pour accompagner les acteurs du sport et de l\u2019animation \u00e0 exercer leur r\u00f4le de vigilance citoyenne que ce soit de mani\u00e8re directe (intervention directe pour pr\u00e9venir une radicalisation) ou indirecte (dans l\u2019exercice de missions de sensibilisation et de formation sur la probl\u00e9matique ou dans le d\u00e9veloppement d\u2019actions destin\u00e9es \u00e0 promouvoir le vivre ensemble que ce ph\u00e9nom\u00e8ne de radicalisation tend \u00e0 remettre en cause). Dans tous les cas, un acteur du sport et de l\u2019animation ne doit pas rester isol\u00e9 face \u00e0 des doutes, d\u2019o\u00f9 l\u2019int\u00e9r\u00eat qu\u2019il puisse en discuter avec d\u2019autres coll\u00e8gues, sa hi\u00e9rarchie voire des dispositifs d\u2019\u00e9coute existants. En effet, il est important de partager voire de relayer avec discernement les doutes l\u00e9gitimes (compte tenu de la complexit\u00e9 du ph\u00e9nom\u00e8ne) qu\u2019un acteur du sport et de l\u2019animation pourrait avoir face \u00e0 des situations qui l\u2019interpellent.\u00a0\u00bb<\/em><\/li>\n<\/ul>\n<p style=\"text-align: justify;\">Pour t\u00e9l\u00e9charger le guide cliquez <a href=\"http:\/\/www.sports.gouv.fr\/IMG\/pdf\/prevention_radicalisationsport_3_2_.pdf\">ici<\/a>.<\/p>\n","protected":false},"excerpt":{"rendered":"<p>Le minist\u00e8re de la Ville, de la Jeunesse et des Sports publie un guide intitul\u00e9 \u00ab\u00a0Acteurs du sport et de l&rsquo;animation, mieux conna\u00eetre, mieux comprendre et mieux pr\u00e9venir les ph\u00e9nom\u00e8nes de radicalisation\u00a0\u00bb. Le document pr\u00e9sente cinq fiches. Comment d\u00e9finir la radicalisation ?, Depuis quand parle-t-on de radicalisation ?, Comment expliquer et pr\u00e9venir un basculement dans [&hellip;]<\/p>\n","protected":false},"author":1,"featured_media":0,"comment_status":"closed","ping_status":"open","sticky":false,"template":"","format":"standard","meta":{"twitterCardType":"","cardImageID":0,"cardImage":"","cardTitle":"","cardDesc":"","cardImageAlt":"","cardPlayer":"","cardPlayerWidth":0,"cardPlayerHeight":0,"cardPlayerStream":"","cardPlayerCodec":"","footnotes":""},"categories":[62,11],"tags":[249,196,132],"class_list":["post-12167","post","type-post","status-publish","format-standard","hentry","category-le-rouge-le-vert-hebdo","category-politique-locale","tag-derives-sectaires","tag-etat","tag-sport"],"_links":{"self":[{"href":"https:\/\/www.ades-grenoble.org\/wordpress\/wp-json\/wp\/v2\/posts\/12167","targetHints":{"allow":["GET"]}}],"collection":[{"href":"https:\/\/www.ades-grenoble.org\/wordpress\/wp-json\/wp\/v2\/posts"}],"about":[{"href":"https:\/\/www.ades-grenoble.org\/wordpress\/wp-json\/wp\/v2\/types\/post"}],"author":[{"embeddable":true,"href":"https:\/\/www.ades-grenoble.org\/wordpress\/wp-json\/wp\/v2\/users\/1"}],"replies":[{"embeddable":true,"href":"https:\/\/www.ades-grenoble.org\/wordpress\/wp-json\/wp\/v2\/comments?post=12167"}],"version-history":[{"count":2,"href":"https:\/\/www.ades-grenoble.org\/wordpress\/wp-json\/wp\/v2\/posts\/12167\/revisions"}],"predecessor-version":[{"id":12169,"href":"https:\/\/www.ades-grenoble.org\/wordpress\/wp-json\/wp\/v2\/posts\/12167\/revisions\/12169"}],"wp:attachment":[{"href":"https:\/\/www.ades-grenoble.org\/wordpress\/wp-json\/wp\/v2\/media?parent=12167"}],"wp:term":[{"taxonomy":"category","embeddable":true,"href":"https:\/\/www.ades-grenoble.org\/wordpress\/wp-json\/wp\/v2\/categories?post=12167"},{"taxonomy":"post_tag","embeddable":true,"href":"https:\/\/www.ades-grenoble.org\/wordpress\/wp-json\/wp\/v2\/tags?post=12167"}],"curies":[{"name":"wp","href":"https:\/\/api.w.org\/{rel}","templated":true}]}}