{"id":12274,"date":"2016-11-25T16:13:18","date_gmt":"2016-11-25T14:13:18","guid":{"rendered":"http:\/\/www.ades-grenoble.org\/wordpress\/?p=12274"},"modified":"2016-11-25T17:11:55","modified_gmt":"2016-11-25T15:11:55","slug":"definition-des-equipements-culturels-et-sportifs-dinteret-metropolitain","status":"publish","type":"post","link":"https:\/\/www.ades-grenoble.org\/wordpress\/2016\/11\/25\/definition-des-equipements-culturels-et-sportifs-dinteret-metropolitain\/","title":{"rendered":"D\u00e9finition des \u00e9quipements culturels et sportifs d&rsquo;int\u00e9r\u00eat m\u00e9tropolitain"},"content":{"rendered":"<p style=\"text-align: justify;\"><img loading=\"lazy\" decoding=\"async\" class=\"size-full wp-image-8502 alignleft\" src=\"http:\/\/www.ades-grenoble.org\/wordpress\/wp-content\/uploads\/2014\/05\/logoMetro-e1402725527726.png\" alt=\"logo M\u00e9tro\" width=\"300\" height=\"278\" \/>Le 3 novembre, le Conseil de la m\u00e9tropole a adopt\u00e9 (\u00e0 l\u2019unanimit\u00e9 moins 24 abstentions) la liste des \u00e9quipements sportifs et les \u00e9quipements culturels d\u2019int\u00e9r\u00eat m\u00e9tropolitain.<\/p>\n<p style=\"text-align: justify;\">La loi impose que la M\u00e9tropole soit comp\u00e9tente pour la cr\u00e9ation, l\u2019am\u00e9nagement, l\u2019entretien et le fonctionnement d&rsquo;\u00e9quipements culturels, socioculturels, socio-\u00e9ducatifs et sportifs d&rsquo;int\u00e9r\u00eat m\u00e9tropolitain.<\/p>\n<p style=\"text-align: justify;\">Cet int\u00e9r\u00eat m\u00e9tropolitain est d\u00e9termin\u00e9 \u00e0 la majorit\u00e9 des deux tiers de l\u2019assembl\u00e9e d\u00e9lib\u00e9rative. La M\u00e9tro devait choisir avant le 1<sup>er<\/sup> janvier 2017 sur ces nouvelles comp\u00e9tences, sinon elle \u00e9tait oblig\u00e9e d\u2019en prendre l\u2019int\u00e9gralit\u00e9\u00a0!<\/p>\n<p style=\"text-align: justify;\"><!--more--><\/p>\n<p style=\"text-align: justify;\"><em>\u00ab\u00a0D\u00e9finir l\u2019int\u00e9r\u00eat m\u00e9tropolitain revient \u00e0 distinguer dans une comp\u00e9tence donn\u00e9e les actions et les \u00e9quipements qui continueront \u00e0 relever de la commune, de ceux qui par leur \u00e9tendue, leur contenu, leur objet strat\u00e9gique, leur dimension financi\u00e8re ou leur rayonnement sur le territoire intercommunal ont vocation \u00e0 \u00eatre g\u00e9r\u00e9s par la m\u00e9tropole, et donc lui \u00eatre transf\u00e9r\u00e9s.<\/em><\/p>\n<p style=\"text-align: justify;\"><em>Le travail de r\u00e9flexion, men\u00e9 au cours de l\u2019ann\u00e9e 2016, a permis d\u2019identifier les \u00e9quipements susceptibles d\u2019\u00eatre d\u00e9clar\u00e9s d\u2019int\u00e9r\u00eat m\u00e9tropolitain, au regard de l\u2019enjeu qu\u2019ils repr\u00e9sentent en termes d\u2019affirmation de l\u2019identit\u00e9 culturelle et sportive de la M\u00e9tropole, de renforcement du rayonnement et de l\u2019attractivit\u00e9 de la M\u00e9tropole, de d\u00e9veloppement social du territoire.\u00a0\u00bb<\/em><\/p>\n<p style=\"text-align: justify;\"><strong>Sont d\u00e9clar\u00e9s d\u2019int\u00e9r\u00eat m\u00e9tropolitain, les \u00e9quipements sportifs\u00a0:\u00a0 Stade des Alpes, patinoire Polesud, base nautique situ\u00e9e au pont d\u2019Oxford, V\u00e9lodrome d\u2019Eybens. <\/strong><\/p>\n<p style=\"text-align: justify;\"><strong>Les \u00e9quipements culturels\u00a0: MC2, Maison de la Culture de Grenoble et Hexagone de Meylan.<\/strong><\/p>\n<p style=\"text-align: justify;\">Il faudrait tout de m\u00eame que la M\u00e9tro adopte des statuts o\u00f9 la liste des comp\u00e9tences soit pr\u00e9cis\u00e9e, car il est anormal qu\u2019une m\u00e9tropole fonctionne sans statut, pourtant le Pr\u00e9fet lui a rappel\u00e9 cette n\u00e9cessit\u00e9.<\/p>\n<p style=\"text-align: justify;\">La d\u00e9lib\u00e9ration a consid\u00e9r\u00e9<em> \u00ab\u00a0qu\u2019aucun \u00e9quipement socioculturel et socio-\u00e9ducatif n\u2019\u00e9tait d\u2019int\u00e9r\u00eat m\u00e9tropolitain.\u00a0\u00bb<\/em><\/p>\n<p style=\"text-align: justify;\">La M\u00e9tro a d\u00e9cid\u00e9 d\u2019\u00e9tudier, au cours de l\u2019ann\u00e9e 2017, l\u2019opportunit\u00e9 de faire \u00e9voluer la d\u00e9finition de l\u2019int\u00e9r\u00eat m\u00e9tropolitain des \u00e9quipements sportifs suivants\u00a0: le Palais des Sports, les \u00e9quipements couverts pour la pratique du tennis. Par ailleurs \u00ab\u00a0<em>Les modalit\u00e9s d\u2019intervention de la M\u00e9tropole dans le projet de d\u00e9veloppement du site du Col de Porte seront \u00e9tudi\u00e9es\u00a0\u00bb. <\/em>Et les \u00e9quipements culturels suivants<em>\u00a0: <\/em>Le Conservatoire \u00e0 rayonnement r\u00e9gional (CRR), le Mus\u00e9e de Grenoble, le Mus\u00e9um de Grenoble et le Centre national d\u2019art contemporain (CNAC).<\/p>\n<p style=\"text-align: justify;\">La question des piscines n\u2019a pas \u00e9t\u00e9 prise en compte, pourtant il y a d\u2019importants d\u00e9s\u00e9quilibres \u00e0 ce sujet dans l\u2019agglom\u00e9ration.<\/p>\n","protected":false},"excerpt":{"rendered":"<p>Le 3 novembre, le Conseil de la m\u00e9tropole a adopt\u00e9 (\u00e0 l\u2019unanimit\u00e9 moins 24 abstentions) la liste des \u00e9quipements sportifs et les \u00e9quipements culturels d\u2019int\u00e9r\u00eat m\u00e9tropolitain. La loi impose que la M\u00e9tropole soit comp\u00e9tente pour la cr\u00e9ation, l\u2019am\u00e9nagement, l\u2019entretien et le fonctionnement d&rsquo;\u00e9quipements culturels, socioculturels, socio-\u00e9ducatifs et sportifs d&rsquo;int\u00e9r\u00eat m\u00e9tropolitain. Cet int\u00e9r\u00eat m\u00e9tropolitain est d\u00e9termin\u00e9 [&hellip;]<\/p>\n","protected":false},"author":1,"featured_media":0,"comment_status":"closed","ping_status":"open","sticky":false,"template":"","format":"standard","meta":{"twitterCardType":"","cardImageID":0,"cardImage":"","cardTitle":"","cardDesc":"","cardImageAlt":"","cardPlayer":"","cardPlayerWidth":0,"cardPlayerHeight":0,"cardPlayerStream":"","cardPlayerCodec":"","footnotes":""},"categories":[62,11],"tags":[96,32,73],"class_list":["post-12274","post","type-post","status-publish","format-standard","hentry","category-le-rouge-le-vert-hebdo","category-politique-locale","tag-culture","tag-metro","tag-sports"],"_links":{"self":[{"href":"https:\/\/www.ades-grenoble.org\/wordpress\/wp-json\/wp\/v2\/posts\/12274","targetHints":{"allow":["GET"]}}],"collection":[{"href":"https:\/\/www.ades-grenoble.org\/wordpress\/wp-json\/wp\/v2\/posts"}],"about":[{"href":"https:\/\/www.ades-grenoble.org\/wordpress\/wp-json\/wp\/v2\/types\/post"}],"author":[{"embeddable":true,"href":"https:\/\/www.ades-grenoble.org\/wordpress\/wp-json\/wp\/v2\/users\/1"}],"replies":[{"embeddable":true,"href":"https:\/\/www.ades-grenoble.org\/wordpress\/wp-json\/wp\/v2\/comments?post=12274"}],"version-history":[{"count":1,"href":"https:\/\/www.ades-grenoble.org\/wordpress\/wp-json\/wp\/v2\/posts\/12274\/revisions"}],"predecessor-version":[{"id":12275,"href":"https:\/\/www.ades-grenoble.org\/wordpress\/wp-json\/wp\/v2\/posts\/12274\/revisions\/12275"}],"wp:attachment":[{"href":"https:\/\/www.ades-grenoble.org\/wordpress\/wp-json\/wp\/v2\/media?parent=12274"}],"wp:term":[{"taxonomy":"category","embeddable":true,"href":"https:\/\/www.ades-grenoble.org\/wordpress\/wp-json\/wp\/v2\/categories?post=12274"},{"taxonomy":"post_tag","embeddable":true,"href":"https:\/\/www.ades-grenoble.org\/wordpress\/wp-json\/wp\/v2\/tags?post=12274"}],"curies":[{"name":"wp","href":"https:\/\/api.w.org\/{rel}","templated":true}]}}