{"id":12293,"date":"2016-11-25T17:10:42","date_gmt":"2016-11-25T15:10:42","guid":{"rendered":"http:\/\/www.ades-grenoble.org\/wordpress\/?p=12293"},"modified":"2016-11-25T17:12:50","modified_gmt":"2016-11-25T15:12:50","slug":"agenda-30","status":"publish","type":"post","link":"https:\/\/www.ades-grenoble.org\/wordpress\/2016\/11\/25\/agenda-30\/","title":{"rendered":"Agenda"},"content":{"rendered":"<p><strong><img loading=\"lazy\" decoding=\"async\" class=\"size-full wp-image-8856 alignleft\" src=\"http:\/\/www.ades-grenoble.org\/wordpress\/wp-content\/uploads\/2014\/07\/PLU-PADD.jpg\" alt=\"PLU-PADD\" width=\"268\" height=\"201\" srcset=\"https:\/\/www.ades-grenoble.org\/wordpress\/wp-content\/uploads\/2014\/07\/PLU-PADD.jpg 268w, https:\/\/www.ades-grenoble.org\/wordpress\/wp-content\/uploads\/2014\/07\/PLU-PADD-150x112.jpg 150w\" sizes=\"auto, (max-width: 268px) 100vw, 268px\" \/>Mardi 6 d\u00e9cembre \u00e0 18 h 30 \u00e0 l\u2019h\u00f4tel de ville<\/strong>, dans le cadre de la pr\u00e9paration du PLU intercommunal, la ville organise un temps de synth\u00e8se et de cl\u00f4ture sur le Projet de ville de Grenoble<\/p>\n","protected":false},"excerpt":{"rendered":"<p>Mardi 6 d\u00e9cembre \u00e0 18 h 30 \u00e0 l\u2019h\u00f4tel de ville, dans le cadre de la pr\u00e9paration du PLU intercommunal, la ville organise un temps de synth\u00e8se et de cl\u00f4ture sur le Projet de ville de Grenoble<\/p>\n","protected":false},"author":1,"featured_media":0,"comment_status":"closed","ping_status":"open","sticky":false,"template":"","format":"standard","meta":{"twitterCardType":"","cardImageID":0,"cardImage":"","cardTitle":"","cardDesc":"","cardImageAlt":"","cardPlayer":"","cardPlayerWidth":0,"cardPlayerHeight":0,"cardPlayerStream":"","cardPlayerCodec":"","footnotes":""},"categories":[62,11],"tags":[215,280,65],"class_list":["post-12293","post","type-post","status-publish","format-standard","hentry","category-le-rouge-le-vert-hebdo","category-politique-locale","tag-grenoble","tag-metropole","tag-urbanisme"],"_links":{"self":[{"href":"https:\/\/www.ades-grenoble.org\/wordpress\/wp-json\/wp\/v2\/posts\/12293","targetHints":{"allow":["GET"]}}],"collection":[{"href":"https:\/\/www.ades-grenoble.org\/wordpress\/wp-json\/wp\/v2\/posts"}],"about":[{"href":"https:\/\/www.ades-grenoble.org\/wordpress\/wp-json\/wp\/v2\/types\/post"}],"author":[{"embeddable":true,"href":"https:\/\/www.ades-grenoble.org\/wordpress\/wp-json\/wp\/v2\/users\/1"}],"replies":[{"embeddable":true,"href":"https:\/\/www.ades-grenoble.org\/wordpress\/wp-json\/wp\/v2\/comments?post=12293"}],"version-history":[{"count":1,"href":"https:\/\/www.ades-grenoble.org\/wordpress\/wp-json\/wp\/v2\/posts\/12293\/revisions"}],"predecessor-version":[{"id":12294,"href":"https:\/\/www.ades-grenoble.org\/wordpress\/wp-json\/wp\/v2\/posts\/12293\/revisions\/12294"}],"wp:attachment":[{"href":"https:\/\/www.ades-grenoble.org\/wordpress\/wp-json\/wp\/v2\/media?parent=12293"}],"wp:term":[{"taxonomy":"category","embeddable":true,"href":"https:\/\/www.ades-grenoble.org\/wordpress\/wp-json\/wp\/v2\/categories?post=12293"},{"taxonomy":"post_tag","embeddable":true,"href":"https:\/\/www.ades-grenoble.org\/wordpress\/wp-json\/wp\/v2\/tags?post=12293"}],"curies":[{"name":"wp","href":"https:\/\/api.w.org\/{rel}","templated":true}]}}