{"id":12324,"date":"2016-12-09T13:59:44","date_gmt":"2016-12-09T12:59:44","guid":{"rendered":"http:\/\/www.ades-grenoble.org\/wordpress\/?p=12324"},"modified":"2016-12-09T15:01:53","modified_gmt":"2016-12-09T14:01:53","slug":"prevenir-alerter","status":"publish","type":"post","link":"https:\/\/www.ades-grenoble.org\/wordpress\/2016\/12\/09\/prevenir-alerter\/","title":{"rendered":"Pr\u00e9venir, alerter\u2026"},"content":{"rendered":"<p style=\"text-align: justify;\"><img loading=\"lazy\" decoding=\"async\" class=\"size-full wp-image-12325 alignleft\" src=\"http:\/\/www.ades-grenoble.org\/wordpress\/wp-content\/uploads\/2016\/12\/LanceurAlerte.jpg\" alt=\"lanceuralerte\" width=\"392\" height=\"132\" srcset=\"https:\/\/www.ades-grenoble.org\/wordpress\/wp-content\/uploads\/2016\/12\/LanceurAlerte.jpg 392w, https:\/\/www.ades-grenoble.org\/wordpress\/wp-content\/uploads\/2016\/12\/LanceurAlerte-150x51.jpg 150w, https:\/\/www.ades-grenoble.org\/wordpress\/wp-content\/uploads\/2016\/12\/LanceurAlerte-300x101.jpg 300w\" sizes=\"auto, (max-width: 392px) 100vw, 392px\" \/>Un journaliste du magazine \u00ab\u00a0<em>Lyon Capitale<\/em>\u00a0\u00bb relate l\u2019opacit\u00e9 du dossier des autoroutes <a href=\"http:\/\/www.lyoncapitale.fr\/Journal\/Lyon\/Politique\/Politique\/Autoroutes-le-combat-du-ministere-contre-la-transparence\" target=\"_blank\">ici<\/a>, et le site internet \u00ab\u00a0<a href=\"http:\/\/www.lelanceur.fr\/\" target=\"_blank\">Lelanceur.fr\u00a0<\/a>\u00bb, reprend un entretien avec Raymond Avrillier\u00a0: <em>\u00ab\u00a0Entre le syst\u00e8me de corruption autour de l\u2019ancien maire de Grenoble Alain Carignon, l\u2019affaire des sondages de l\u2019\u00c9lys\u00e9e, le r\u00e9acteur nucl\u00e9aire Superph\u00e9nix ou, plus r\u00e9cemment, les contrats de concession aux soci\u00e9t\u00e9s d\u2019autoroute, Raymond Avrillier se bat depuis trente ans pour mettre au jour la corruption et les conflits d\u2019int\u00e9r\u00eats qui polluent l\u2019action publique. Pour Lelanceur.fr, il revient sur les obstacles pos\u00e9s par l\u2019Administration dans l\u2019acc\u00e8s aux informations publiques et regrette certains \u00e9l\u00e9ments du statut de lanceur d\u2019alerte pr\u00e9sents dans la loi Sapin\u00a0II.<\/em>\u00a0\u00bb<\/p>\n<p style=\"text-align: justify;\">Lire l&rsquo;interview de Raymond Avrillier en ligne<a href=\"http:\/\/www.lelanceur.fr\/raymond-avrillier-cest-ladministration-qui-est-proceduriere\/\"> ici<\/a>,<\/p>\n<p style=\"text-align: justify;\"><!--more--><\/p>\n<p style=\"text-align: justify;\">Lors du salon tenu \u00e0 la Maison des M\u00e9tallos les 26 et 27 novembre 2016\u00a0: <a href=\"http:\/\/deslivresetlalerte.fr\/\">http:\/\/deslivresetlalerte.fr\/<\/a> des d\u00e9bats retranscrivent les actions des lanceurs d&rsquo;alerte, dont<a href=\"https:\/\/www.youtube.com\/watch?v=C4fLZvQSkpA\"> celle-ci<\/a>.<\/p>\n<p style=\"text-align: justify;\">Par ailleurs, le site \u00ab\u00a0<a href=\"https:\/\/reporterre.net\/\" target=\"_blank\">Reporterre<\/a>\u00a0\u00bb analyse les emb\u00fbches \u00e0 l&rsquo;acc\u00e8s aux informations concernant le nucl\u00e9aire, dont celles auxquelles les militants ont \u00e9t\u00e9 confront\u00e9es <a href=\"https:\/\/reporterre.net\/Dans-le-nucleaire-la-transparence-est-un-combat\" target=\"_blank\">ici<\/a>.<\/p>\n","protected":false},"excerpt":{"rendered":"<p>Un journaliste du magazine \u00ab\u00a0Lyon Capitale\u00a0\u00bb relate l\u2019opacit\u00e9 du dossier des autoroutes ici, et le site internet \u00ab\u00a0Lelanceur.fr\u00a0\u00bb, reprend un entretien avec Raymond Avrillier\u00a0: \u00ab\u00a0Entre le syst\u00e8me de corruption autour de l\u2019ancien maire de Grenoble Alain Carignon, l\u2019affaire des sondages de l\u2019\u00c9lys\u00e9e, le r\u00e9acteur nucl\u00e9aire Superph\u00e9nix ou, plus r\u00e9cemment, les contrats de concession aux soci\u00e9t\u00e9s [&hellip;]<\/p>\n","protected":false},"author":1,"featured_media":0,"comment_status":"closed","ping_status":"open","sticky":false,"template":"","format":"standard","meta":{"twitterCardType":"","cardImageID":0,"cardImage":"","cardTitle":"","cardDesc":"","cardImageAlt":"","cardPlayer":"","cardPlayerWidth":0,"cardPlayerHeight":0,"cardPlayerStream":"","cardPlayerCodec":"","footnotes":""},"categories":[62,11],"tags":[272,219,153],"class_list":["post-12324","post","type-post","status-publish","format-standard","hentry","category-le-rouge-le-vert-hebdo","category-politique-locale","tag-citoyennete","tag-corruption","tag-ecologie"],"_links":{"self":[{"href":"https:\/\/www.ades-grenoble.org\/wordpress\/wp-json\/wp\/v2\/posts\/12324","targetHints":{"allow":["GET"]}}],"collection":[{"href":"https:\/\/www.ades-grenoble.org\/wordpress\/wp-json\/wp\/v2\/posts"}],"about":[{"href":"https:\/\/www.ades-grenoble.org\/wordpress\/wp-json\/wp\/v2\/types\/post"}],"author":[{"embeddable":true,"href":"https:\/\/www.ades-grenoble.org\/wordpress\/wp-json\/wp\/v2\/users\/1"}],"replies":[{"embeddable":true,"href":"https:\/\/www.ades-grenoble.org\/wordpress\/wp-json\/wp\/v2\/comments?post=12324"}],"version-history":[{"count":2,"href":"https:\/\/www.ades-grenoble.org\/wordpress\/wp-json\/wp\/v2\/posts\/12324\/revisions"}],"predecessor-version":[{"id":12333,"href":"https:\/\/www.ades-grenoble.org\/wordpress\/wp-json\/wp\/v2\/posts\/12324\/revisions\/12333"}],"wp:attachment":[{"href":"https:\/\/www.ades-grenoble.org\/wordpress\/wp-json\/wp\/v2\/media?parent=12324"}],"wp:term":[{"taxonomy":"category","embeddable":true,"href":"https:\/\/www.ades-grenoble.org\/wordpress\/wp-json\/wp\/v2\/categories?post=12324"},{"taxonomy":"post_tag","embeddable":true,"href":"https:\/\/www.ades-grenoble.org\/wordpress\/wp-json\/wp\/v2\/tags?post=12324"}],"curies":[{"name":"wp","href":"https:\/\/api.w.org\/{rel}","templated":true}]}}