{"id":12341,"date":"2016-12-09T14:42:29","date_gmt":"2016-12-09T13:42:29","guid":{"rendered":"http:\/\/www.ades-grenoble.org\/wordpress\/?p=12341"},"modified":"2016-12-09T15:25:56","modified_gmt":"2016-12-09T14:25:56","slug":"episode-severe-de-pollution-atmospherique","status":"publish","type":"post","link":"https:\/\/www.ades-grenoble.org\/wordpress\/2016\/12\/09\/episode-severe-de-pollution-atmospherique\/","title":{"rendered":"\u00c9pisode s\u00e9v\u00e8re de pollution atmosph\u00e9rique"},"content":{"rendered":"<p style=\"text-align: justify;\"><img loading=\"lazy\" decoding=\"async\" class=\"size-full wp-image-10041 alignleft\" src=\"http:\/\/www.ades-grenoble.org\/wordpress\/wp-content\/uploads\/2015\/04\/pollution-cuvette.jpg\" alt=\"pollution-cuvette\" width=\"307\" height=\"229\" srcset=\"https:\/\/www.ades-grenoble.org\/wordpress\/wp-content\/uploads\/2015\/04\/pollution-cuvette.jpg 307w, https:\/\/www.ades-grenoble.org\/wordpress\/wp-content\/uploads\/2015\/04\/pollution-cuvette-150x112.jpg 150w, https:\/\/www.ades-grenoble.org\/wordpress\/wp-content\/uploads\/2015\/04\/pollution-cuvette-300x224.jpg 300w\" sizes=\"auto, (max-width: 307px) 100vw, 307px\" \/>Des zones importantes du pays sont atteintes par de fortes pollutions atmosph\u00e9riques. A Grenoble l\u2019indice de qualit\u00e9 de l\u2019air s\u2019est fortement d\u00e9grad\u00e9 depuis le 29 novembre.<\/p>\n<p style=\"text-align: justify;\">Air Rh\u00f4ne-Alpes donne chaque jour un niveau de qualit\u00e9 de l\u2019air. Dans le bassin grenoblois il est pass\u00e9 de 61\/100 le premier d\u00e9cembre \u00e0 93\/100 estim\u00e9 pour le 9 d\u00e9cembre. Le dispositif pr\u00e9fectoral a \u00e9t\u00e9 activ\u00e9 le 6 d\u00e9cembre et a d\u00e9clar\u00e9 le bassin grenoblois au niveau d\u2019information pour une pollution aux particules fines contrairement \u00e0 d\u2019autres zones de Rh\u00f4ne-Alpes qui ont d\u00e9pass\u00e9 le niveau d\u2019alerte.<\/p>\n<p style=\"text-align: justify;\">La qualit\u00e9 de l\u2019air est m\u00e9diocre \u00e0 partir de 60\/100 et mauvaise \u00e0 partir de 90\/100<\/p>\n<p style=\"text-align: justify;\"><span style=\"color: #ff0000;\">ATTENTION \u00e0 partir de samedi 10 d\u00e9cembre de nouvelles restrictions vont \u00eatre impos\u00e9es puisque le pic de pollution ne diminue pas :<\/span><\/p>\n<p style=\"text-align: justify;\"><!--more--><br \/>\n\u00ab <em>Les v\u00e9hicules particuliers immatricul\u00e9s avant le premier janvier 1997 et les Poids Lourds immatricul\u00e9s <strong>avant le premier octobre 2001, non class\u00e9s au titre des certificats de qualit\u00e9 de l\u2019air, sont interdits \u00e0 la circulation <\/strong>sur le p\u00e9rim\u00e8tre des 49 communes de la M\u00e9tropole grenobloise et sur les acc\u00e8s par autoroute \u00e0 la m\u00e9tropole grenobloise \u00e0 partir des p\u00e9ages A48 Voreppe et A41 Crolles.<\/em><br \/>\n<em>.<strong>La vitesse est r\u00e9duite de 20 km\/h<\/strong> sur les voies o\u00f9 la vitesse maximale est sup\u00e9rieure ou \u00e9gale \u00e0 90 km\/h (sur le territoire des 49 communes de la M\u00e9tropole grenobloise, de la Communaut\u00e9 de communes du Gr\u00e9sivaudan et de certaines communes de la Communaut\u00e9 d\u2019agglom\u00e9ration du Pays Voironnais).<\/em><br \/>\n<em><strong>La vitesse est r\u00e9duite \u00e0 70 km\/h<\/strong> sur les autoroutes A51, A480, A48 entre les p\u00e9ages de Vif et Voreppe, et A41 entre Carronnerie et le p\u00e9age de Crolles.<\/em><br \/>\n<em>Afin de faciliter les d\u00e9placements sans voiture, <strong>tout titre a l\u2019unit\u00e9 valid\u00e9 sera valable pour l\u2019ensemble de la journ\u00e9e sur les r\u00e9seaux TAG, Gr\u00e9sivaudan TouGo et Pays-Voironnais. La location de M\u00e9trov\u00e9lo est \u00e0 demi-tarif.<\/strong><\/em> \u00bb<\/p>\n<p style=\"text-align: justify;\"><img loading=\"lazy\" decoding=\"async\" class=\"alignnone size-full wp-image-12342\" src=\"http:\/\/www.ades-grenoble.org\/wordpress\/wp-content\/uploads\/2016\/12\/Pollution-12-2016.jpg\" alt=\"pollution-12-2016\" width=\"794\" height=\"476\" srcset=\"https:\/\/www.ades-grenoble.org\/wordpress\/wp-content\/uploads\/2016\/12\/Pollution-12-2016.jpg 794w, https:\/\/www.ades-grenoble.org\/wordpress\/wp-content\/uploads\/2016\/12\/Pollution-12-2016-150x90.jpg 150w, https:\/\/www.ades-grenoble.org\/wordpress\/wp-content\/uploads\/2016\/12\/Pollution-12-2016-300x180.jpg 300w, https:\/\/www.ades-grenoble.org\/wordpress\/wp-content\/uploads\/2016\/12\/Pollution-12-2016-768x460.jpg 768w, https:\/\/www.ades-grenoble.org\/wordpress\/wp-content\/uploads\/2016\/12\/Pollution-12-2016-600x360.jpg 600w\" sizes=\"auto, (max-width: 794px) 100vw, 794px\" \/><\/p>\n<p style=\"text-align: justify;\">Ces pollutions sont domin\u00e9es par les particules fines, \u00e9mises par le chauffage et le trafic, dont voici l\u2019\u00e9volution mesur\u00e9e par la station grenobloise \u00ab\u00a0<em>les Fr\u00eanes<\/em>\u00a0\u00bb situ\u00e9e \u00e0 l\u2019Ecole Maternelle all\u00e9e de la Pelouse \u00e0 Grenoble. L\u2019OMS indique, pour les PM2,5, qu\u2019il ne faudrait pas d\u00e9passer 25 microg\/m3 plus de 3 jours par an, afin de ne pas avoir d\u2019impact nuisible sur la sant\u00e9\u00a0!<\/p>\n<p style=\"text-align: justify;\"><img loading=\"lazy\" decoding=\"async\" class=\"alignnone size-full wp-image-12344\" src=\"http:\/\/www.ades-grenoble.org\/wordpress\/wp-content\/uploads\/2016\/12\/Pollution-Fresnes12-2016.jpg\" alt=\"pollution-fresnes12-2016\" width=\"790\" height=\"473\" srcset=\"https:\/\/www.ades-grenoble.org\/wordpress\/wp-content\/uploads\/2016\/12\/Pollution-Fresnes12-2016.jpg 790w, https:\/\/www.ades-grenoble.org\/wordpress\/wp-content\/uploads\/2016\/12\/Pollution-Fresnes12-2016-150x90.jpg 150w, https:\/\/www.ades-grenoble.org\/wordpress\/wp-content\/uploads\/2016\/12\/Pollution-Fresnes12-2016-300x180.jpg 300w, https:\/\/www.ades-grenoble.org\/wordpress\/wp-content\/uploads\/2016\/12\/Pollution-Fresnes12-2016-768x460.jpg 768w, https:\/\/www.ades-grenoble.org\/wordpress\/wp-content\/uploads\/2016\/12\/Pollution-Fresnes12-2016-600x359.jpg 600w\" sizes=\"auto, (max-width: 790px) 100vw, 790px\" \/><\/p>\n<p style=\"text-align: justify;\">Voici les recommandations sanitaires pr\u00e9vues r\u00e8glementairement pour les 2 niveaux\u00a0: information et alerte.<\/p>\n<p style=\"text-align: justify;\"><strong><u>Territoires au niveau d&rsquo;information :<\/u><\/strong><\/p>\n<p style=\"text-align: justify;\"><strong>Populations vuln\u00e9rables* ou sensibles**\u00a0:<\/strong><\/p>\n<p style=\"text-align: justify;\">Limitez les d\u00e9placements sur les grands axes routiers et \u00e0 leurs abords, aux p\u00e9riodes de pointe (7h-10h \/ 17h-20h)\u00a0;<\/p>\n<p style=\"text-align: justify;\">Limitez les activit\u00e9s physiques et sportives intenses (dont les comp\u00e9titions), autant en plein air qu\u2019\u00e0 l\u2019int\u00e9rieur\u00a0;<\/p>\n<p style=\"text-align: justify;\">En cas de sympt\u00f4mes ou d\u2019inqui\u00e9tudes, prenez conseil aupr\u00e8s de votre pharmacien ou de votre m\u00e9decin.<\/p>\n<p style=\"text-align: justify;\"><strong>Population g\u00e9n\u00e9rale\u00a0:<\/strong>\u00a0il n\u2019est pas n\u00e9cessaire de modifier les activit\u00e9s habituelles.<\/p>\n<p style=\"text-align: justify;\"><strong><u>Territoires au niveau d&rsquo;alerte :<\/u><\/strong><\/p>\n<p style=\"text-align: justify;\"><strong>Populations vuln\u00e9rables* ou sensibles**\u00a0:<\/strong><\/p>\n<p style=\"text-align: justify;\">Evitez les d\u00e9placements sur les grands axes routiers et \u00e0 leurs abords, aux p\u00e9riodes de pointe (7h-10h \/ 17h-20h)\u00a0;<\/p>\n<p style=\"text-align: justify;\">Evitez les activit\u00e9s physiques et sportives intenses (dont les comp\u00e9titions), autant en plein air qu\u2019\u00e0 l\u2019int\u00e9rieur\u00a0;<\/p>\n<p style=\"text-align: justify;\">Reportez les activit\u00e9s qui demandent le plus d\u2019effort\u00a0;<\/p>\n<p style=\"text-align: justify;\">En cas de g\u00eane respiratoire ou cardiaque (par exemple\u00a0: essoufflement, sifflements, palpitations)\u00a0:<\/p>\n<p style=\"text-align: justify;\">Prenez conseil aupr\u00e8s de de votre pharmacien ou de votre m\u00e9decin\u00a0;<\/p>\n<p style=\"text-align: justify;\">Prenez conseil aupr\u00e8s de de votre m\u00e9decin pour savoir si votre traitement m\u00e9dical doit \u00eatre adapt\u00e9 le cas \u00e9ch\u00e9ant\u00a0;<\/p>\n<p style=\"text-align: justify;\">Privil\u00e9giez des sorties plus br\u00e8ves et celles qui demandent le moins d\u2019effort.<\/p>\n<p style=\"text-align: justify;\"><strong>Population g\u00e9n\u00e9rale\u00a0:<\/strong><\/p>\n<p style=\"text-align: justify;\">En cas de g\u00eane respiratoire ou cardiaque (par exemple\u00a0: essoufflement, sifflements, palpitations), prenez conseil aupr\u00e8s de de votre pharmacien ou de votre m\u00e9decin.<\/p>\n<p style=\"text-align: justify;\">R\u00e9duisez les activit\u00e9s physiques et sportives intenses (dont les comp\u00e9titions)\u00a0;<\/p>\n<p style=\"padding-left: 30px; text-align: justify;\">*Populations vuln\u00e9rables\u00a0:\u00a0femmes enceintes, nourrissons et jeunes enfants, personnes de plus de 65 ans, personnes souffrant de pathologies cardiovasculaires, insuffisants cardiaques ou respiratoires, personnes asthmatiques.<\/p>\n<p style=\"padding-left: 30px; text-align: justify;\">**Populations sensibles\u00a0:\u00a0personnes se reconnaissant comme sensibles\u00a0lors des pics de pollution et\/ou dont les sympt\u00f4mes apparaissent ou sont amplifi\u00e9s lors des pics (par exemple\u00a0: personnes diab\u00e9tiques, personnes immunod\u00e9prim\u00e9es, personnes souffrant d\u2019affections neurologiques ou \u00e0 risque cardiaque, respiratoire, infectieux).<\/p>\n<p style=\"padding-left: 30px; text-align: justify;\">\n","protected":false},"excerpt":{"rendered":"<p>Des zones importantes du pays sont atteintes par de fortes pollutions atmosph\u00e9riques. A Grenoble l\u2019indice de qualit\u00e9 de l\u2019air s\u2019est fortement d\u00e9grad\u00e9 depuis le 29 novembre. Air Rh\u00f4ne-Alpes donne chaque jour un niveau de qualit\u00e9 de l\u2019air. Dans le bassin grenoblois il est pass\u00e9 de 61\/100 le premier d\u00e9cembre \u00e0 93\/100 estim\u00e9 pour le 9 [&hellip;]<\/p>\n","protected":false},"author":1,"featured_media":0,"comment_status":"closed","ping_status":"open","sticky":false,"template":"","format":"standard","meta":{"twitterCardType":"","cardImageID":0,"cardImage":"","cardTitle":"","cardDesc":"","cardImageAlt":"","cardPlayer":"","cardPlayerWidth":0,"cardPlayerHeight":0,"cardPlayerStream":"","cardPlayerCodec":"","footnotes":""},"categories":[62,11],"tags":[215,122],"class_list":["post-12341","post","type-post","status-publish","format-standard","hentry","category-le-rouge-le-vert-hebdo","category-politique-locale","tag-grenoble","tag-pollution-atmospherique"],"_links":{"self":[{"href":"https:\/\/www.ades-grenoble.org\/wordpress\/wp-json\/wp\/v2\/posts\/12341","targetHints":{"allow":["GET"]}}],"collection":[{"href":"https:\/\/www.ades-grenoble.org\/wordpress\/wp-json\/wp\/v2\/posts"}],"about":[{"href":"https:\/\/www.ades-grenoble.org\/wordpress\/wp-json\/wp\/v2\/types\/post"}],"author":[{"embeddable":true,"href":"https:\/\/www.ades-grenoble.org\/wordpress\/wp-json\/wp\/v2\/users\/1"}],"replies":[{"embeddable":true,"href":"https:\/\/www.ades-grenoble.org\/wordpress\/wp-json\/wp\/v2\/comments?post=12341"}],"version-history":[{"count":5,"href":"https:\/\/www.ades-grenoble.org\/wordpress\/wp-json\/wp\/v2\/posts\/12341\/revisions"}],"predecessor-version":[{"id":12352,"href":"https:\/\/www.ades-grenoble.org\/wordpress\/wp-json\/wp\/v2\/posts\/12341\/revisions\/12352"}],"wp:attachment":[{"href":"https:\/\/www.ades-grenoble.org\/wordpress\/wp-json\/wp\/v2\/media?parent=12341"}],"wp:term":[{"taxonomy":"category","embeddable":true,"href":"https:\/\/www.ades-grenoble.org\/wordpress\/wp-json\/wp\/v2\/categories?post=12341"},{"taxonomy":"post_tag","embeddable":true,"href":"https:\/\/www.ades-grenoble.org\/wordpress\/wp-json\/wp\/v2\/tags?post=12341"}],"curies":[{"name":"wp","href":"https:\/\/api.w.org\/{rel}","templated":true}]}}