{"id":12381,"date":"2016-12-16T18:05:04","date_gmt":"2016-12-16T17:05:04","guid":{"rendered":"http:\/\/www.ades-grenoble.org\/wordpress\/?p=12381"},"modified":"2016-12-16T18:12:37","modified_gmt":"2016-12-16T17:12:37","slug":"transfert-de-competence-du-departement-a-la-metropole","status":"publish","type":"post","link":"https:\/\/www.ades-grenoble.org\/wordpress\/2016\/12\/16\/transfert-de-competence-du-departement-a-la-metropole\/","title":{"rendered":"Transfert de comp\u00e9tence du D\u00e9partement \u00e0 la M\u00e9tropole"},"content":{"rendered":"<p style=\"text-align: justify;\"><img loading=\"lazy\" decoding=\"async\" class=\"size-full wp-image-8502 alignleft\" src=\"http:\/\/www.ades-grenoble.org\/wordpress\/wp-content\/uploads\/2014\/05\/logoMetro-e1402725527726.png\" alt=\"\" width=\"300\" height=\"278\" \/>Le 16 d\u00e9cembre, la M\u00e9tro vote le transfert de comp\u00e9tences provenant du d\u00e9partement, conform\u00e9ment \u00e0 la loi du 7 ao\u00fbt 2015 portant nouvelle organisation territoriale de la R\u00e9publique (dite loi NOTRe). La m\u00e9tropole et le d\u00e9partement ont trouv\u00e9 un accord sur le transfert obligatoire de certaines comp\u00e9tences du d\u00e9partement \u00e0 la M\u00e9tro au 1<sup>er<\/sup> janvier 2017. S\u2019il n\u2019y avait pas eu accord, le d\u00e9partement aurait \u00e9t\u00e9 d\u00e9pouill\u00e9 de ses comp\u00e9tences sur le territoire de l\u2019agglom\u00e9ration. Le d\u00e9partement devait c\u00e9der la comp\u00e9tence route et au minimum trois autres comp\u00e9tences choisies parmi une liste de 9 pr\u00e9vue par la loi.<\/p>\n<ul style=\"text-align: justify;\">\n<li><strong>Le transfert des 442 km de routes d\u00e9partementales<\/strong> sur le territoire de l\u2019agglom\u00e9ration et de 44 salari\u00e9s. La M\u00e9tro recevant une compensation financi\u00e8re de 12,5 M\u20ac qui correspond aux d\u00e9penses du conseil d\u00e9partemental pour la gestion de ce r\u00e9seau routier.<\/li>\n<\/ul>\n<ul style=\"text-align: justify;\">\n<li><strong>Le transfert de deux comp\u00e9tences sociales<\/strong> : le FAJ et le SPS (\u00e0 signaler la pauvret\u00e9 de l\u2019encadrement pr\u00e9vu)\u00a0:<\/li>\n<\/ul>\n<p><!--more--><\/p>\n<p style=\"text-align: justify;\"><u>Le fonds d\u2019aides aux jeunes en difficult\u00e9<\/u> (FAJ<strong>)<\/strong>, <strong>\u00ab\u00a0<\/strong><em>est un dispositif destin\u00e9 \u00e0 aider tout jeune, de 18 \u00e0 25 ans, en difficult\u00e9 dans son parcours d\u2019insertion et ce dans le cadre d\u2019un accompagnement assur\u00e9 par un professionnel. Les aides attribu\u00e9es par le fonds d\u2019aide aux jeunes (FAJ) prennent la forme d\u2019aides financi\u00e8res individuelles ou de financement de mesures d\u2019accompagnement au travers d\u2019actions collectives.<\/em><\/p>\n<p style=\"text-align: justify;\"><em>Ce sont en moyenne 500 jeunes qui sont aid\u00e9s par le FAJ par l\u2019interm\u00e9diaire d\u2019actions confi\u00e9es aux associations et aux missions locales.<\/em><\/p>\n<p style=\"text-align: justify;\"><em>L\u2019exercice de la comp\u00e9tence, s\u2019accompagnera d\u2019un transfert de personnel \u00e0 hauteur de 0,5 ETP. Les services d\u00e9partementaux seront toujours prescripteurs du FAJ, comme les missions locales ou d\u2019autres acteurs de l\u2019insertion.<\/em><\/p>\n<p style=\"text-align: justify;\"><em>L\u2019\u00e9valuation des ressources et charges compens\u00e9es s\u2019\u00e9l\u00e8ve \u00e0 317 152 \u20ac.\u00a0\u00bb<\/em><\/p>\n<p style=\"text-align: justify;\"><u>La Pr\u00e9vention Sp\u00e9cialis\u00e9e<\/u> (SPS) :<strong> <em>\u00ab\u00a0<\/em><\/strong><em>La pr\u00e9vention sp\u00e9cialis\u00e9e consiste \u00e0 apporter des r\u00e9ponses \u00e9ducatives dans les espaces de vie, notamment sur les quartiers prioritaires de la politique de la ville, l\u00e0 o\u00f9 les enfants et les adolescents sont confront\u00e9s \u00e0 des risques de marginalisation, par le biais d\u2019accompagnement individuel ou collectif des personnes dans leurs d\u00e9marches d\u2019insertion sociale et\/ou professionnelles.<\/em><\/p>\n<p style=\"text-align: justify;\"><em>L\u2019exercice de la comp\u00e9tence est confi\u00e9 par convention \u00e0 des associations labellis\u00e9es de la pr\u00e9vention sp\u00e9cialis\u00e9e : APASE, CODASE, Animation de pr\u00e9vention (AP) de Saint Martin d\u2019H\u00e8res.<\/em><\/p>\n<p style=\"text-align: justify;\"><em>La M\u00e9tropole se substituera au D\u00e9partement dans ces conventions \u00e0 la date du transfert.<\/em><\/p>\n<p style=\"text-align: justify;\"><em>L\u2019exercice de la comp\u00e9tence, s\u2019accompagnera d\u2019un transfert de personnel \u00e0 hauteur de 1ETP.<\/em><\/p>\n<p style=\"text-align: justify;\"><em>L\u2019\u00e9valuation des ressources et charges compens\u00e9es s\u2019\u00e9l\u00e8ve \u00e0 4 226 070 \u20ac.\u00a0\u00bb<\/em><\/p>\n<ul style=\"text-align: justify;\">\n<li><strong>Le transfert de comp\u00e9tences dans le champ du Tourisme et de la Culture<\/strong><\/li>\n<\/ul>\n<p style=\"text-align: justify;\">Ce groupe de comp\u00e9tences, \u00e0 la diff\u00e9rence des autres groupes de comp\u00e9tences pr\u00e9cit\u00e9s, peut faire l\u2019objet d\u2019un transfert partiel <em>\u00ab \u00e0 la carte \u00bb<\/em> en fonction de l\u2019accord des deux collectivit\u00e9s. Il est ainsi propos\u00e9 de proc\u00e9der aux transferts suivants :<\/p>\n<p style=\"text-align: justify;\"><u>Tourisme :<\/u><\/p>\n<p style=\"text-align: justify;\"><em>\u00ab\u00a0Il est propos\u00e9 que le D\u00e9partement transf\u00e8re \u00e0 la M\u00e9tropole l\u2019\u00e9laboration du Sch\u00e9ma du tourisme sur son territoire et la part de ressources d\u00e9di\u00e9es \u00e0 la pr\u00e9paration et la mise en \u0153uvre de ce sch\u00e9ma\u2026<\/em><\/p>\n<p style=\"text-align: justify;\"><em>Le d\u00e9partement transf\u00e8rerait \u00e9galement le plan d\u00e9partemental des itin\u00e9raires de promenade et de randonn\u00e9e sur le p\u00e9rim\u00e8tre de la M\u00e9tropole\u2026<\/em><\/p>\n<p style=\"text-align: justify;\"><em>L\u2019\u00e9valuation des ressources et charges compens\u00e9es s\u2019\u00e9l\u00e8ve \u00e0 234 672 \u20ac.\u00a0\u00bb<\/em><\/p>\n<p style=\"text-align: justify;\"><u>Culture :<\/u><\/p>\n<p style=\"text-align: justify;\"><em>\u00ab\u00a0Il est propos\u00e9 un transfert partiel de la comp\u00e9tence culture correspondant \u00e0 l\u2019activit\u00e9 spectacle vivant op\u00e9r\u00e9e par la MC2 sur le territoire de la M\u00e9tropole.<\/em><\/p>\n<p style=\"text-align: justify;\"><em>Le D\u00e9partement conserverait une intervention au sein de la MC2 au titre des publics is\u00e9rois hors M\u00e9tropole, des actions de diffusion hors les murs, et des aides aux coll\u00e9giens. La M\u00e9tropole se verrait transf\u00e9rer les autres champs de soutien du D\u00e9partement pour renforcer son champ d\u2019intervention au sein de la MC2 en coh\u00e9rence avec les transferts envisag\u00e9s au titre de l\u2019int\u00e9r\u00eat m\u00e9tropolitain.<\/em><\/p>\n<p style=\"text-align: justify;\"><em>L\u2019\u00e9valuation des ressources et charges compens\u00e9es s\u2019\u00e9l\u00e8ve \u00e0 765 000 \u20ac.\u00a0\u00bb<\/em><\/p>\n<p style=\"text-align: justify;\"><strong>La globalit\u00e9 des transferts repr\u00e9sente une compensation nette de l\u2019ordre de 18 040 829 M\u20ac par an et environ 45,8 ETP <\/strong>(\u00c9quivalents Temps Plein).<\/p>\n<p style=\"text-align: justify;\"><em>\u00ab\u00a0Pour garantir la bonne ex\u00e9cution du service public, et en particulier de la viabilit\u00e9 hivernale 2016-2017, il est propos\u00e9 que les r\u00e9organisations de service cons\u00e9cutives aux transferts de personnel ne soient effectu\u00e9es qu\u2019\u00e0 compter du 1er mai 2017. Dans la phase transitoire, entre la prise de comp\u00e9tence au 1er janvier 2017 et le 30 avril 2017, la M\u00e9tropole et le D\u00e9partement conviendraient d\u2019une convention de gestion.\u00a0\u00bb<\/em><\/p>\n<p>&nbsp;<\/p>\n","protected":false},"excerpt":{"rendered":"<p>Le 16 d\u00e9cembre, la M\u00e9tro vote le transfert de comp\u00e9tences provenant du d\u00e9partement, conform\u00e9ment \u00e0 la loi du 7 ao\u00fbt 2015 portant nouvelle organisation territoriale de la R\u00e9publique (dite loi NOTRe). La m\u00e9tropole et le d\u00e9partement ont trouv\u00e9 un accord sur le transfert obligatoire de certaines comp\u00e9tences du d\u00e9partement \u00e0 la M\u00e9tro au 1er janvier [&hellip;]<\/p>\n","protected":false},"author":1,"featured_media":0,"comment_status":"closed","ping_status":"open","sticky":false,"template":"","format":"standard","meta":{"twitterCardType":"","cardImageID":0,"cardImage":"","cardTitle":"","cardDesc":"","cardImageAlt":"","cardPlayer":"","cardPlayerWidth":0,"cardPlayerHeight":0,"cardPlayerStream":"","cardPlayerCodec":"","footnotes":""},"categories":[62,11],"tags":[216,280],"class_list":["post-12381","post","type-post","status-publish","format-standard","hentry","category-le-rouge-le-vert-hebdo","category-politique-locale","tag-conseil-departemental-de-lisere","tag-metropole"],"_links":{"self":[{"href":"https:\/\/www.ades-grenoble.org\/wordpress\/wp-json\/wp\/v2\/posts\/12381","targetHints":{"allow":["GET"]}}],"collection":[{"href":"https:\/\/www.ades-grenoble.org\/wordpress\/wp-json\/wp\/v2\/posts"}],"about":[{"href":"https:\/\/www.ades-grenoble.org\/wordpress\/wp-json\/wp\/v2\/types\/post"}],"author":[{"embeddable":true,"href":"https:\/\/www.ades-grenoble.org\/wordpress\/wp-json\/wp\/v2\/users\/1"}],"replies":[{"embeddable":true,"href":"https:\/\/www.ades-grenoble.org\/wordpress\/wp-json\/wp\/v2\/comments?post=12381"}],"version-history":[{"count":1,"href":"https:\/\/www.ades-grenoble.org\/wordpress\/wp-json\/wp\/v2\/posts\/12381\/revisions"}],"predecessor-version":[{"id":12382,"href":"https:\/\/www.ades-grenoble.org\/wordpress\/wp-json\/wp\/v2\/posts\/12381\/revisions\/12382"}],"wp:attachment":[{"href":"https:\/\/www.ades-grenoble.org\/wordpress\/wp-json\/wp\/v2\/media?parent=12381"}],"wp:term":[{"taxonomy":"category","embeddable":true,"href":"https:\/\/www.ades-grenoble.org\/wordpress\/wp-json\/wp\/v2\/categories?post=12381"},{"taxonomy":"post_tag","embeddable":true,"href":"https:\/\/www.ades-grenoble.org\/wordpress\/wp-json\/wp\/v2\/tags?post=12381"}],"curies":[{"name":"wp","href":"https:\/\/api.w.org\/{rel}","templated":true}]}}