{"id":12409,"date":"2016-12-23T14:51:40","date_gmt":"2016-12-23T13:51:40","guid":{"rendered":"http:\/\/www.ades-grenoble.org\/wordpress\/?p=12409"},"modified":"2016-12-23T15:12:41","modified_gmt":"2016-12-23T14:12:41","slug":"pic-de-pollution-ca-vient-ca-part-et-ca-revient","status":"publish","type":"post","link":"https:\/\/www.ades-grenoble.org\/wordpress\/2016\/12\/23\/pic-de-pollution-ca-vient-ca-part-et-ca-revient\/","title":{"rendered":"Pic de pollution, \u00e7a vient, \u00e7a part et \u00e7a revient\u2026"},"content":{"rendered":"<p style=\"text-align: justify;\"><img loading=\"lazy\" decoding=\"async\" class=\"size-full wp-image-8531 alignleft\" src=\"http:\/\/www.ades-grenoble.org\/wordpress\/wp-content\/uploads\/2014\/05\/Pollution-Depuis-Le-Sappey.jpg\" alt=\"Pollution depuis Le Sappey\" width=\"400\" height=\"267\" srcset=\"https:\/\/www.ades-grenoble.org\/wordpress\/wp-content\/uploads\/2014\/05\/Pollution-Depuis-Le-Sappey.jpg 400w, https:\/\/www.ades-grenoble.org\/wordpress\/wp-content\/uploads\/2014\/05\/Pollution-Depuis-Le-Sappey-150x100.jpg 150w, https:\/\/www.ades-grenoble.org\/wordpress\/wp-content\/uploads\/2014\/05\/Pollution-Depuis-Le-Sappey-300x200.jpg 300w\" sizes=\"auto, (max-width: 400px) 100vw, 400px\" \/>Apr\u00e8s le tr\u00e8s premier long pic de pollution, le plus grave depuis plus de 10 ans, le niveau d\u2019alerte a \u00e9t\u00e9 arr\u00eat\u00e9. Malheureusement juste apr\u00e8s le pic est revenu, mais les mesures de gratuit\u00e9 des transports ont \u00e9t\u00e9 arr\u00eat\u00e9es, car elles ne d\u00e9marrent que 5 jours apr\u00e8s le d\u00e9but d\u2019un pic de pollution. Ceci n\u2019est pas adapt\u00e9 si la r\u00e9p\u00e9tition des pics de pollution est rapide. Les mesures prises ont \u00e9t\u00e9 efficaces puisqu\u2019il y a eu une augmentation de la fr\u00e9quentation des transports gratuits (7%), une diminution du trafic automobile (5%) et une augmentation de l\u2019utilisation des v\u00e9los (16%).<\/p>\n<p style=\"text-align: justify;\"><!--more--><\/p>\n<p style=\"text-align: justify;\">A noter l\u2019importance du chauffage au bois dans la pollution atmosph\u00e9rique pour les particules fines (notamment en hiver), par contre c\u2019est bien le diesel qui apporte une tr\u00e8s forte contribution pour les particules ultra fines (moins de 1 micron de diam\u00e8tre). C\u2019est donc le taux de PM<sub>2,5 <\/sub>qu\u2019il faut surveiller de plus pr\u00e8s que celui de PM<sub>10<\/sub>. Les donn\u00e9es montrent que malheureusement ce sont les PM<sub>2,5 <\/sub>qui dominent (voir graphique) \u00e0 85 % du total.<\/p>\n<p style=\"text-align: justify;\">La M\u00e9tro fait un effort pour aider les m\u00e9nages qui se chauffent au bois \u00e0 adopter des syst\u00e8mes moins polluants, mais ces syst\u00e8mes n\u2019atteindront jamais les performances des centrales du chauffage urbain.<\/p>\n<p style=\"text-align: justify;\">Vu de P\u00e9kin, nous avons un air hyper-pur, le taux de particules fines y a d\u00e9pass\u00e9 les 400 microg\/m<sup>3<\/sup> et pour les PM<sub>2,5 <\/sub>(les plus nocives) le maximum a \u00e9t\u00e9 de 496\u00a0!!! voir <a href=\"http:\/\/aqicn.org\/city\/beijing\/fr\/\" target=\"_blank\">ici<\/a> . Certainement que les chinois sont plus r\u00e9sistants avec l\u2019aide de la pens\u00e9e de Mao\u2026<\/p>\n<p style=\"text-align: justify;\"><img loading=\"lazy\" decoding=\"async\" class=\"size-full wp-image-12410 aligncenter\" src=\"http:\/\/www.ades-grenoble.org\/wordpress\/wp-content\/uploads\/2016\/12\/particules-dec1016.jpg\" alt=\"\" width=\"783\" height=\"469\" srcset=\"https:\/\/www.ades-grenoble.org\/wordpress\/wp-content\/uploads\/2016\/12\/particules-dec1016.jpg 783w, https:\/\/www.ades-grenoble.org\/wordpress\/wp-content\/uploads\/2016\/12\/particules-dec1016-150x90.jpg 150w, https:\/\/www.ades-grenoble.org\/wordpress\/wp-content\/uploads\/2016\/12\/particules-dec1016-300x180.jpg 300w, https:\/\/www.ades-grenoble.org\/wordpress\/wp-content\/uploads\/2016\/12\/particules-dec1016-768x460.jpg 768w, https:\/\/www.ades-grenoble.org\/wordpress\/wp-content\/uploads\/2016\/12\/particules-dec1016-600x359.jpg 600w\" sizes=\"auto, (max-width: 783px) 100vw, 783px\" \/><\/p>\n","protected":false},"excerpt":{"rendered":"<p>Apr\u00e8s le tr\u00e8s premier long pic de pollution, le plus grave depuis plus de 10 ans, le niveau d\u2019alerte a \u00e9t\u00e9 arr\u00eat\u00e9. Malheureusement juste apr\u00e8s le pic est revenu, mais les mesures de gratuit\u00e9 des transports ont \u00e9t\u00e9 arr\u00eat\u00e9es, car elles ne d\u00e9marrent que 5 jours apr\u00e8s le d\u00e9but d\u2019un pic de pollution. Ceci n\u2019est [&hellip;]<\/p>\n","protected":false},"author":1,"featured_media":0,"comment_status":"closed","ping_status":"open","sticky":false,"template":"","format":"standard","meta":{"twitterCardType":"","cardImageID":0,"cardImage":"","cardTitle":"","cardDesc":"","cardImageAlt":"","cardPlayer":"","cardPlayerWidth":0,"cardPlayerHeight":0,"cardPlayerStream":"","cardPlayerCodec":"","footnotes":""},"categories":[62,11],"tags":[280,122,99],"class_list":["post-12409","post","type-post","status-publish","format-standard","hentry","category-le-rouge-le-vert-hebdo","category-politique-locale","tag-metropole","tag-pollution-atmospherique","tag-sante"],"_links":{"self":[{"href":"https:\/\/www.ades-grenoble.org\/wordpress\/wp-json\/wp\/v2\/posts\/12409","targetHints":{"allow":["GET"]}}],"collection":[{"href":"https:\/\/www.ades-grenoble.org\/wordpress\/wp-json\/wp\/v2\/posts"}],"about":[{"href":"https:\/\/www.ades-grenoble.org\/wordpress\/wp-json\/wp\/v2\/types\/post"}],"author":[{"embeddable":true,"href":"https:\/\/www.ades-grenoble.org\/wordpress\/wp-json\/wp\/v2\/users\/1"}],"replies":[{"embeddable":true,"href":"https:\/\/www.ades-grenoble.org\/wordpress\/wp-json\/wp\/v2\/comments?post=12409"}],"version-history":[{"count":1,"href":"https:\/\/www.ades-grenoble.org\/wordpress\/wp-json\/wp\/v2\/posts\/12409\/revisions"}],"predecessor-version":[{"id":12411,"href":"https:\/\/www.ades-grenoble.org\/wordpress\/wp-json\/wp\/v2\/posts\/12409\/revisions\/12411"}],"wp:attachment":[{"href":"https:\/\/www.ades-grenoble.org\/wordpress\/wp-json\/wp\/v2\/media?parent=12409"}],"wp:term":[{"taxonomy":"category","embeddable":true,"href":"https:\/\/www.ades-grenoble.org\/wordpress\/wp-json\/wp\/v2\/categories?post=12409"},{"taxonomy":"post_tag","embeddable":true,"href":"https:\/\/www.ades-grenoble.org\/wordpress\/wp-json\/wp\/v2\/tags?post=12409"}],"curies":[{"name":"wp","href":"https:\/\/api.w.org\/{rel}","templated":true}]}}