{"id":12435,"date":"2017-01-06T17:25:54","date_gmt":"2017-01-06T16:25:54","guid":{"rendered":"http:\/\/www.ades-grenoble.org\/wordpress\/?p=12435"},"modified":"2017-01-06T19:24:21","modified_gmt":"2017-01-06T18:24:21","slug":"lhypersensibilite-aux-ondes-electromagnetiques","status":"publish","type":"post","link":"https:\/\/www.ades-grenoble.org\/wordpress\/2017\/01\/06\/lhypersensibilite-aux-ondes-electromagnetiques\/","title":{"rendered":"L\u2019hypersensibilit\u00e9 aux ondes \u00e9lectromagn\u00e9tiques"},"content":{"rendered":"<p style=\"text-align: justify;\"><img loading=\"lazy\" decoding=\"async\" class=\"size-full wp-image-8714 alignleft\" src=\"http:\/\/www.ades-grenoble.org\/wordpress\/wp-content\/uploads\/2014\/06\/AntennesVO.jpg\" alt=\"\" width=\"300\" height=\"201\" srcset=\"https:\/\/www.ades-grenoble.org\/wordpress\/wp-content\/uploads\/2014\/06\/AntennesVO.jpg 300w, https:\/\/www.ades-grenoble.org\/wordpress\/wp-content\/uploads\/2014\/06\/AntennesVO-150x100.jpg 150w\" sizes=\"auto, (max-width: 300px) 100vw, 300px\" \/>Deux d\u00e9cisions r\u00e9centes de justice reconnaissent, suite \u00e0 des expertises m\u00e9dicales, un handicap li\u00e9 \u00e0 l\u2019hypersensibilit\u00e9 aux ondes \u00e9lectromagn\u00e9tiques.<\/p>\n<p style=\"text-align: justify;\">En ao\u00fbt 2015, le tribunal du\u00a0contentieux\u00a0de l\u2019incapacit\u00e9 de Toulouse qui reconnait, apr\u00e8s expertise m\u00e9dicale, qu\u2019une plaignante souffre du syndrome d\u2019hypersensibilit\u00e9 aux\u00a0ondes\u00a0\u00e9lectromagn\u00e9tiques, dont\u00a0<em>\u00ab\u00a0la description des\u00a0signes\u00a0cliniques est irr\u00e9futable\u00a0\u00bb.<\/em><\/p>\n<p style=\"text-align: justify;\">Plus r\u00e9cemment c\u2019est le juge des r\u00e9f\u00e9r\u00e9s du Tribunal de Grande Instance de Grenoble qui, dans son ordonnance du 17 novembre 2016, ordonne \u00e0 l\u2019OPAC38 <em>de demander au gestionnaire du service des eaux d\u2019enlever le compteur d\u2019eau communiquant et de le remplacer par un compteur avec relev\u00e9 manuel\u00a0:<\/em><\/p>\n<p style=\"text-align: justify;\"><!--more--><\/p>\n<p style=\"text-align: justify;\"><em>\u00ab\u00a0Il r\u00e9sulte des nombreux certificats m\u00e9dicaux vers\u00e9s aux d\u00e9bats que Mme Christine X pr\u00e9sente une Hyper Sensibilit\u00e9 aux champs \u00e9lectromagn\u00e9tiques, ce qui n\u00e9cessite imp\u00e9rativement sa mise \u00e0 l\u2019abri d\u2019un maximum de sources \u00e9lectromagn\u00e9tiques m\u00eame de faible intensit\u00e9, sous peine d\u2019atteinte \u00e0 sa sant\u00e9 sous forme d\u2019une d\u00e9t\u00e9rioration c\u00e9r\u00e9brale s\u00e9v\u00e8re.<\/em><em><br \/>\nQu\u2019il n\u2019est pas contest\u00e9 qu\u2019un compteur d\u2019eau communiquant a \u00e9t\u00e9 install\u00e9 dans l\u2019appartement de Mme Christine X qui transmet en temps r\u00e9el la consommation d\u2019eau par ondes de radio au gestionnaire du r\u00e9seau de distribution charg\u00e9 du comptage. Ce compteur d\u2019eau appartient au gestionnaire des eaux de la commune de \u2026 .<br \/>\nIl a cependant \u00e9t\u00e9 install\u00e9 avec l\u2019accord du bailleur l\u2019OPAC 38, Christine X en simple locataire ne pouvant en demander l\u2019enl\u00e8vement au gestionnaire de l\u2019eau et son remplacement par un compteur avec relev\u00e9 manuel ne pr\u00e9sentant pas de risque pour la sant\u00e9.<br \/>\nNe devront pas \u00eatre install\u00e9s de compteur Linky, Gazpar qui d\u00e9gagent des ondes \u00e9lectromagn\u00e9tiques, ni de compteurs avec utilisation du CPL (Courants Porteurs en Ligne, les c\u00e2bles \u00e9lectriques n\u2019\u00e9tant pas blind\u00e9s d\u00e9gagent des champs \u00e9lectriques et magn\u00e9tiques tr\u00e8s \u00e9lev\u00e9s).<br \/>\n\u2026\/ \u2026<br \/>\nD\u00e9s lors, et il y a lieu d\u2019\u00e9viter que l\u2019\u00e9tat de sant\u00e9 de Mme Christine X ne s\u2019aggrave, \u2026<br \/>\nPAR CES MOTIFS<br \/>\n\u2013 Ordonnons \u00e0 l\u2019OPAC38 de demander au gestionnaire du service des eaux d\u2019enlever le compteur d\u2019eau install\u00e9 dans l\u2019appartement de Mme Christine X et celui install\u00e9 \u00e9ventuellement dans la chaufferie et de les remplacer par des compteurs avec relev\u00e9 manuel<br \/>\n\u2013 Disons que l\u2019OPAC 38 devra justifier de la demande aupr\u00e8s de l\u2019organisme de gestion des eaux et de la r\u00e9ponse faite par ce dernier ;<br \/>\n\u2013 D\u00e9boutons Mme Christine X de sa demande tendant \u00e0 voir prononcer une astreinte ;<br \/>\n\u2013 Rappelons que la pr\u00e9sente Ordonnance b\u00e9n\u00e9ficie de l\u2019ex\u00e9cution provisoire de droit ;<br \/>\n\u2013 Condamnons l\u2019OPAC 38 aux d\u00e9pens.\u00a0\u00bb<\/em><\/p>\n<hr \/>\n<p style=\"text-align: justify;\"><strong>Quelques pr\u00e9cisions sur l\u2019hypersensibilit\u00e9 aux ondes \u00e9lectromagn\u00e9tiques\u00a0: <\/strong><\/p>\n<p style=\"text-align: justify;\">D\u00e8s 2005, l\u2019Organisation Mondiale de la Sant\u00e9 pr\u00e9cise ce qu\u2019elle entend par le sympt\u00f4me d\u2019hypersensibilit\u00e9 \u00e9lectromagn\u00e9tique (HSEM)\u00a0:<\/p>\n<p style=\"text-align: justify;\">\u00ab\u00a0<em>La HSEM est caract\u00e9ris\u00e9e par divers sympt\u00f4mes que les individus touch\u00e9s attribuent \u00e0 l&rsquo;exposition aux CEM (champs \u00e9lectromagn\u00e9tique). Parmi les sympt\u00f4mes les plus fr\u00e9quemment pr\u00e9sent\u00e9s, on peut mentionner des sympt\u00f4mes dermatologiques (rougeurs, picotements et sensations de br\u00fblure), des sympt\u00f4mes neurasth\u00e9niques et v\u00e9g\u00e9tatifs (fatigue, lassitude, difficult\u00e9s de concentration, \u00e9tourdissements, naus\u00e9es, palpitations cardiaques et troubles digestifs). Cet ensemble de sympt\u00f4mes ne fait partie d&rsquo;aucun syndrome reconnu. <\/em><\/p>\n<p style=\"text-align: justify;\"><em>La HSEM pr\u00e9sente des analogies avec les sensibilit\u00e9s chimiques multiples (SCM), un autre trouble associ\u00e9 \u00e0 des expositions environnementales de bas niveau \u00e0 des produits chimiques. La HSEM, comme les SCM, se caract\u00e9risent par une s\u00e9rie de sympt\u00f4mes non sp\u00e9cifiques, pour lesquels on manque d&rsquo;\u00e9l\u00e9ments tangibles sur le plan toxicologique ou physiologique, ou de v\u00e9rifications ind\u00e9pendantes. Il existe un terme plus g\u00e9n\u00e9ral pour d\u00e9signer la sensibilit\u00e9 aux facteurs environnementaux : l&rsquo;intol\u00e9rance environnementale idiopathique (IEI), d\u00e9finie lors d&rsquo;un atelier convoqu\u00e9 par le Programme international sur la s\u00e9curit\u00e9 des substances chimiques (IPCS) de l&rsquo;OMS \u00e0 Berlin en 1996. L&rsquo;IEI est un descripteur n&rsquo;impliquant aucune \u00e9tiologie chimique ou aucune sensibilit\u00e9 de type immunologique ou \u00e9lectromagn\u00e9tique. Ce terme regroupe un certain nombre de troubles ayant en commun des sympt\u00f4mes non sp\u00e9cifiques similaires, qui restent non expliqu\u00e9s sur le plan m\u00e9dical et dont les effets sont pr\u00e9judiciables pour la sant\u00e9 des personnes\u2026<\/em><\/p>\n<p><strong><em>ETUDES PORTANT SUR DES INDIVIDUS SE PLAIGNANT DE HSEM<\/em><\/strong><\/p>\n<p style=\"text-align: justify;\"><em>On a r\u00e9alis\u00e9 un certain nombre d&rsquo;\u00e9tudes dans lesquelles on exposait des individus pr\u00e9sentant une HSEM \u00e0 des CEM similaires \u00e0 ceux auxquels ils attribuaient leurs sympt\u00f4mes. L&rsquo;objectif de ces \u00e9tudes \u00e9tait de provoquer l&rsquo;apparition de ces sympt\u00f4mes en conditions de laboratoire contr\u00f4l\u00e9es. <\/em><\/p>\n<p style=\"text-align: justify;\"><em>La majorit\u00e9 de ces \u00e9tudes indique que les individus se plaignant de HSEM sont incapables de d\u00e9tecter plus pr\u00e9cis\u00e9ment une exposition \u00e0 des CEM que des individus ordinaires. Des \u00e9tudes bien contr\u00f4l\u00e9es et men\u00e9es en double aveugle ont montr\u00e9 que ces sympt\u00f4mes n&rsquo;\u00e9taient pas corr\u00e9l\u00e9s avec l&rsquo;exposition aux CEM. <\/em><\/p>\n<p style=\"text-align: justify;\"><em>Il a \u00e9t\u00e9 sugg\u00e9r\u00e9 que les sympt\u00f4mes pr\u00e9sent\u00e9s par certains individus se plaignant d&rsquo;une HSEM pouvaient r\u00e9sulter de facteurs environnementaux non li\u00e9s aux CEM, par exemple des papillotements provenant de lampes \u00e0 fluorescence, des reflets et autres probl\u00e8mes visuels associ\u00e9s aux \u00e9crans de visualisation, ainsi qu&rsquo;une mauvaise conception ergonomique des stations de travail informatis\u00e9es. D&rsquo;autres facteurs, comme la mauvaise qualit\u00e9 de l&rsquo;air des locaux ou le stress dans l&rsquo;environnement de travail ou de vie, peuvent jouer un r\u00f4le. <\/em><\/p>\n<p style=\"text-align: justify;\"><em>Il existe aussi certains \u00e9l\u00e9ments indiquant que ces sympt\u00f4mes peuvent \u00eatre dus \u00e0 des maladies psychiatriques pr\u00e9existantes, ainsi qu&rsquo;\u00e0 des r\u00e9actions de stress r\u00e9sultant de la crainte inspir\u00e9e par les \u00e9ventuels effets sur la sant\u00e9 des CEM, plut\u00f4t que de l&rsquo;exposition aux CEM elle-m\u00eame.<\/em><\/p>\n<p><strong><em>CONCLUSIONS <\/em><\/strong><\/p>\n<p style=\"text-align: justify;\"><em>La HSEM est caract\u00e9ris\u00e9e par divers sympt\u00f4mes non sp\u00e9cifiques qui diff\u00e8rent d&rsquo;un individu \u00e0 l&rsquo;autre. Ces sympt\u00f4mes ont une r\u00e9alit\u00e9 certaine et peuvent \u00eatre de gravit\u00e9 tr\u00e8s variable. Quelle qu&rsquo;en soit la cause, la HSEM peut \u00eatre un probl\u00e8me handicapant pour l&rsquo;individu touch\u00e9. Il n&rsquo;existe ni crit\u00e8res diagnostiques clairs pour ce probl\u00e8me sanitaire, ni base scientifique permettant de relier les sympt\u00f4mes de la HSEM \u00e0 une exposition aux CEM. En outre, la HSEM ne constitue pas un diagnostic m\u00e9dical. Il n&rsquo;est pas non plus \u00e9vident qu&rsquo;elle corresponde \u00e0 un probl\u00e8me m\u00e9dical unique.\u00a0\u00bb<\/em><\/p>\n<p style=\"text-align: justify;\">Pour lire le rapport cliquez <a href=\"http:\/\/www.who.int\/peh-emf\/publications\/facts\/fs296_fr\/en\/\">ici<\/a>.<\/p>\n<p style=\"text-align: justify;\">Peu d\u2019\u00e9tudes scientifiques sont men\u00e9es sur la HSEM.<\/p>\n<p style=\"text-align: justify;\">En 2012 une \u00e9tude de l\u2019Institut national de l\u2019environnement industriel et des risques (INERIS) et de l\u2019Universit\u00e9 de Picardie Jules Verne montre que des rats expos\u00e9s \u00e0 un champ \u00e9lectromagn\u00e9tique \u00e9quivalent \u00e0 celui des antennes-relais ont un sommeil et une alimentation perturb\u00e9e.<\/p>\n<p style=\"text-align: justify;\">Le quotidien de m\u00e9decin en fait un article en 2013\u00a0: <em>\u00ab\u00a0R\u00e9veils fr\u00e9quents, difficult\u00e9s pour se rendormir, insomnie&#8230; font partie des sympt\u00f4mes que d\u00e9crivent les personnes dites \u00ab\u00a0\u00e9lectro-sensibles\u00a0\u00bb lorsqu\u2019elles vivent \u00e0 proximit\u00e9 d\u2019une antenne-relais. Le sommeil fait partie des fonctions de l\u2019\u00e9quilibre \u00e9nerg\u00e9tique et l\u2019\u00e9tude des perturbations du sommeil n\u00e9cessite une approche globale qui prenne aussi en compte les trois autres fonctions\u00a0: alimentation, activit\u00e9 locomotrice, production d\u2019\u00e9nergie. \u00c0 ce jour, aucune \u00e9tude sur l\u2019impact des ondes sur l\u2019\u00e9quilibre \u00e9nerg\u00e9tique des organismes en d\u00e9veloppement n\u2019a \u00e9t\u00e9 r\u00e9alis\u00e9e, ce qui a conduit l\u2019\u00e9quipe P\u00e9ritox \u00ab\u00a0P\u00e9rinatalit\u00e9 et risques toxiques\u00a0\u00bb de l\u2019INERIS \u00e0 y consacrer une part de ses recherches.<\/em><\/p>\n<p style=\"text-align: justify;\"><em>L\u2019\u00e9tude porte sur les effets d\u2019une exposition aux radiofr\u00e9quences sur les fonctions de l\u2019\u00e9quilibre \u00e9nerg\u00e9tique du jeune rat\u00a0: le sommeil, la r\u00e9gulation thermique et la prise alimentaire. Le niveau d\u2019exposition simul\u00e9 correspond \u00e0 celui rencontr\u00e9 \u00e0 proximit\u00e9 des antennes-relais de t\u00e9l\u00e9phonie mobile.\u00a0\u00ab\u00a0Il s\u2019agit d\u2019une faible exposition (0,1 \u00e0 0,3\u00a0milliwatt\/kg), tr\u00e8s en dessous des valeurs limites recommand\u00e9es\u00a0\u00bb, souligne Ren\u00e9 de Seze, (directeur de recherche, Unit\u00e9 de toxicologie de l\u2019INERIS).\u00a0\u00bb<\/em><\/p>\n<p style=\"text-align: justify;\"><strong><em>Des m\u00e9canismes d\u2019\u00e9conomie d\u2019\u00e9nergie<\/em><\/strong><\/p>\n<p style=\"text-align: justify;\"><em>Les premi\u00e8res conclusions montrent des effets biologiques \u00e0 long terme des radiofr\u00e9quences. Ces effets qui apparaissent notamment quand la temp\u00e9rature augmente, induisent chez les animaux expos\u00e9s un maintien de la vasoconstriction p\u00e9riph\u00e9rique. Ce ph\u00e9nom\u00e8ne a pour cons\u00e9quence de d\u00e9clencher chez l\u2019animal des processus d\u2019\u00e9conomie d\u2019\u00e9nergie comme s\u2019il avait des besoins \u00e9nerg\u00e9tiques accrus. Les animaux sont dans un \u00e9tat d\u2019alerte augment\u00e9.<\/em><\/p>\n<p style=\"text-align: justify;\"><em>On observe \u00e9galement une prise alimentaire plus importante de la part des animaux expos\u00e9s que dans le groupe t\u00e9moin et un fractionnement du sommeil paradoxal. Au vu des r\u00e9sultats de l\u2019\u00e9tude, ce fractionnement n\u2019occasionne pas de troubles du sommeil.<\/em><\/p>\n<p style=\"text-align: justify;\"><em>L\u2019impact de cet effet sur la sant\u00e9 est encore mal connu, mais on peut supposer, en l\u2019\u00e9tat actuel des connaissances scientifiques, qu\u2019il peut \u00eatre \u00e0 l\u2019origine de difficult\u00e9s de m\u00e9morisation et de troubles de l\u2019humeur.\u00a0\u00ab\u00a0Les r\u00e9sultats de cette \u00e9tude apportent un argument suppl\u00e9mentaire \u00e0 la th\u00e8se selon laquelle les champs \u00e9lectromagn\u00e9tiques peuvent avoir un effet chez l\u2019homme, m\u00eame \u00e0 faible intensit\u00e9. Mais des \u00e9tudes compl\u00e9mentaires sont n\u00e9cessaires pour v\u00e9rifier si ces m\u00e9canismes d\u2019\u00e9conomie d\u2019\u00e9nergie ont un impact sur la sant\u00e9\u00a0\u00bb, conclut Ren\u00e9 de Seze. Reste \u00e0 consolider et \u00e0 approfondir ces premiers r\u00e9sultats exp\u00e9rimentaux.\u00a0\u00bb<\/em><\/p>\n<p style=\"text-align: justify;\">Pour lire l&rsquo;article, suivre <a href=\"http:\/\/www.lequotidiendumedecin.fr\/actualites\/article\/2013\/04\/05\/des-possibles-effets-sur-le-sommeil-des-antennes-relais-ont-ete-mis-en-evidence_663636\" target=\"_blank\">ce lien<\/a>.<em><br \/>\n<\/em><\/p>\n<p style=\"text-align: justify;\">\n","protected":false},"excerpt":{"rendered":"<p>Deux d\u00e9cisions r\u00e9centes de justice reconnaissent, suite \u00e0 des expertises m\u00e9dicales, un handicap li\u00e9 \u00e0 l\u2019hypersensibilit\u00e9 aux ondes \u00e9lectromagn\u00e9tiques. En ao\u00fbt 2015, le tribunal du\u00a0contentieux\u00a0de l\u2019incapacit\u00e9 de Toulouse qui reconnait, apr\u00e8s expertise m\u00e9dicale, qu\u2019une plaignante souffre du syndrome d\u2019hypersensibilit\u00e9 aux\u00a0ondes\u00a0\u00e9lectromagn\u00e9tiques, dont\u00a0\u00ab\u00a0la description des\u00a0signes\u00a0cliniques est irr\u00e9futable\u00a0\u00bb. Plus r\u00e9cemment c\u2019est le juge des r\u00e9f\u00e9r\u00e9s du Tribunal de [&hellip;]<\/p>\n","protected":false},"author":1,"featured_media":0,"comment_status":"closed","ping_status":"open","sticky":false,"template":"","format":"standard","meta":{"twitterCardType":"","cardImageID":0,"cardImage":"","cardTitle":"","cardDesc":"","cardImageAlt":"","cardPlayer":"","cardPlayerWidth":0,"cardPlayerHeight":0,"cardPlayerStream":"","cardPlayerCodec":"","footnotes":""},"categories":[62,11],"tags":[228,174,99],"class_list":["post-12435","post","type-post","status-publish","format-standard","hentry","category-le-rouge-le-vert-hebdo","category-politique-locale","tag-electricite","tag-ondes","tag-sante"],"_links":{"self":[{"href":"https:\/\/www.ades-grenoble.org\/wordpress\/wp-json\/wp\/v2\/posts\/12435","targetHints":{"allow":["GET"]}}],"collection":[{"href":"https:\/\/www.ades-grenoble.org\/wordpress\/wp-json\/wp\/v2\/posts"}],"about":[{"href":"https:\/\/www.ades-grenoble.org\/wordpress\/wp-json\/wp\/v2\/types\/post"}],"author":[{"embeddable":true,"href":"https:\/\/www.ades-grenoble.org\/wordpress\/wp-json\/wp\/v2\/users\/1"}],"replies":[{"embeddable":true,"href":"https:\/\/www.ades-grenoble.org\/wordpress\/wp-json\/wp\/v2\/comments?post=12435"}],"version-history":[{"count":2,"href":"https:\/\/www.ades-grenoble.org\/wordpress\/wp-json\/wp\/v2\/posts\/12435\/revisions"}],"predecessor-version":[{"id":12439,"href":"https:\/\/www.ades-grenoble.org\/wordpress\/wp-json\/wp\/v2\/posts\/12435\/revisions\/12439"}],"wp:attachment":[{"href":"https:\/\/www.ades-grenoble.org\/wordpress\/wp-json\/wp\/v2\/media?parent=12435"}],"wp:term":[{"taxonomy":"category","embeddable":true,"href":"https:\/\/www.ades-grenoble.org\/wordpress\/wp-json\/wp\/v2\/categories?post=12435"},{"taxonomy":"post_tag","embeddable":true,"href":"https:\/\/www.ades-grenoble.org\/wordpress\/wp-json\/wp\/v2\/tags?post=12435"}],"curies":[{"name":"wp","href":"https:\/\/api.w.org\/{rel}","templated":true}]}}