{"id":12437,"date":"2017-01-06T17:27:43","date_gmt":"2017-01-06T16:27:43","guid":{"rendered":"http:\/\/www.ades-grenoble.org\/wordpress\/?p=12437"},"modified":"2017-01-06T19:24:28","modified_gmt":"2017-01-06T18:24:28","slug":"etat-des-associations-en-isere","status":"publish","type":"post","link":"https:\/\/www.ades-grenoble.org\/wordpress\/2017\/01\/06\/etat-des-associations-en-isere\/","title":{"rendered":"Etat des associations en Is\u00e8re"},"content":{"rendered":"<p style=\"text-align: justify;\"><img loading=\"lazy\" decoding=\"async\" class=\"size-full wp-image-9639 alignleft\" src=\"http:\/\/www.ades-grenoble.org\/wordpress\/wp-content\/uploads\/2015\/01\/siteon0.jpg\" alt=\"\" width=\"117\" height=\"150\" \/>Le r\u00e9seau associatif,\u00a0<em>\u00ab\u00a0Recherches &amp; Solidarit\u00e9s\u00a0\u00bb<\/em> \u00e9dite, avec l\u2019aide du minist\u00e8re de la ville, l\u2019\u00e9tat des associations par d\u00e9partements.<\/p>\n<p style=\"text-align: justify;\">Pour chaque d\u00e9partement il a r\u00e9alis\u00e9 sur 4 pages en d\u00e9cembre 2016, une pr\u00e9sentation des principaux chiffres cl\u00e9s : nombre d\u2019associations, de b\u00e9n\u00e9voles, de salari\u00e9s, \u00e9volutions sur 10 ans et rapprochement avec le contexte national&#8230; Cette \u00e9tude montre l\u2019importance du secteur associatif sur le plan social et \u00e9conomique.<\/p>\n<p>L\u2019\u00e9tude compare pour chaque secteur d\u2019activit\u00e9 des associations, les chiffres de chaque d\u00e9partement avec les chiffres nationaux. En Is\u00e8re, les cr\u00e9ations d\u2019associations sont proportionnellement plus nombreuses dans la sant\u00e9, dans l\u2019\u00e9ducation et la formation. Par contre le nombre de salari\u00e9s dans le secteur associatif repr\u00e9sente 9 % du salariat en Is\u00e8re au lieu de 10 % au niveau national.<\/p>\n<p style=\"text-align: justify;\"><!--more--><\/p>\n<p style=\"text-align: justify;\"><em>\u00ab\u00a030 970 salari\u00e9s travaillent dans les associations du d\u00e9partement. Ils sont proportionnellement plus nombreux dans le sport et le secteur des loisirs qu\u2019au plan national, et moins pr\u00e9sents dans les domaines de l\u2019enseignement et de la sant\u00e9\u2026 La moiti\u00e9 des emplois associatifs rel\u00e8ve du secteur social et s\u2019adresse \u00e0 des publics fragiles. Par rapport aux rep\u00e8res nationaux, l\u2019aide \u00e0 domicile, l\u2019aide par le travail ainsi que l\u2019accueil d\u2019enfants et d\u2019adolescents sont plus d\u00e9velopp\u00e9s dans le d\u00e9partement.\u00a0\u00bb<\/em><\/p>\n<p style=\"text-align: justify;\"><strong>Pour t\u00e9l\u00e9charger l&rsquo;\u00e9tude cliquez <a href=\"http:\/\/www.recherches-solidarites.org\/media\/uploads\/essentiel_vie_asso_38.pdf\" target=\"_blank\">ici<\/a>.<\/strong><\/p>\n","protected":false},"excerpt":{"rendered":"<p>Le r\u00e9seau associatif,\u00a0\u00ab\u00a0Recherches &amp; Solidarit\u00e9s\u00a0\u00bb \u00e9dite, avec l\u2019aide du minist\u00e8re de la ville, l\u2019\u00e9tat des associations par d\u00e9partements. Pour chaque d\u00e9partement il a r\u00e9alis\u00e9 sur 4 pages en d\u00e9cembre 2016, une pr\u00e9sentation des principaux chiffres cl\u00e9s : nombre d\u2019associations, de b\u00e9n\u00e9voles, de salari\u00e9s, \u00e9volutions sur 10 ans et rapprochement avec le contexte national&#8230; Cette \u00e9tude [&hellip;]<\/p>\n","protected":false},"author":1,"featured_media":0,"comment_status":"closed","ping_status":"open","sticky":false,"template":"","format":"standard","meta":{"twitterCardType":"","cardImageID":0,"cardImage":"","cardTitle":"","cardDesc":"","cardImageAlt":"","cardPlayer":"","cardPlayerWidth":0,"cardPlayerHeight":0,"cardPlayerStream":"","cardPlayerCodec":"","footnotes":""},"categories":[62,11],"tags":[37,288],"class_list":["post-12437","post","type-post","status-publish","format-standard","hentry","category-le-rouge-le-vert-hebdo","category-politique-locale","tag-associations","tag-isere"],"_links":{"self":[{"href":"https:\/\/www.ades-grenoble.org\/wordpress\/wp-json\/wp\/v2\/posts\/12437","targetHints":{"allow":["GET"]}}],"collection":[{"href":"https:\/\/www.ades-grenoble.org\/wordpress\/wp-json\/wp\/v2\/posts"}],"about":[{"href":"https:\/\/www.ades-grenoble.org\/wordpress\/wp-json\/wp\/v2\/types\/post"}],"author":[{"embeddable":true,"href":"https:\/\/www.ades-grenoble.org\/wordpress\/wp-json\/wp\/v2\/users\/1"}],"replies":[{"embeddable":true,"href":"https:\/\/www.ades-grenoble.org\/wordpress\/wp-json\/wp\/v2\/comments?post=12437"}],"version-history":[{"count":1,"href":"https:\/\/www.ades-grenoble.org\/wordpress\/wp-json\/wp\/v2\/posts\/12437\/revisions"}],"predecessor-version":[{"id":12438,"href":"https:\/\/www.ades-grenoble.org\/wordpress\/wp-json\/wp\/v2\/posts\/12437\/revisions\/12438"}],"wp:attachment":[{"href":"https:\/\/www.ades-grenoble.org\/wordpress\/wp-json\/wp\/v2\/media?parent=12437"}],"wp:term":[{"taxonomy":"category","embeddable":true,"href":"https:\/\/www.ades-grenoble.org\/wordpress\/wp-json\/wp\/v2\/categories?post=12437"},{"taxonomy":"post_tag","embeddable":true,"href":"https:\/\/www.ades-grenoble.org\/wordpress\/wp-json\/wp\/v2\/tags?post=12437"}],"curies":[{"name":"wp","href":"https:\/\/api.w.org\/{rel}","templated":true}]}}