{"id":12440,"date":"2017-01-06T17:35:06","date_gmt":"2017-01-06T16:35:06","guid":{"rendered":"http:\/\/www.ades-grenoble.org\/wordpress\/?p=12440"},"modified":"2017-01-06T19:24:44","modified_gmt":"2017-01-06T18:24:44","slug":"politique-politicienne-90","status":"publish","type":"post","link":"https:\/\/www.ades-grenoble.org\/wordpress\/2017\/01\/06\/politique-politicienne-90\/","title":{"rendered":"Politique politicienne"},"content":{"rendered":"<div id=\"attachment_8411\" style=\"width: 310px\" class=\"wp-caption alignleft\"><img loading=\"lazy\" decoding=\"async\" aria-describedby=\"caption-attachment-8411\" class=\"size-full wp-image-8411\" src=\"http:\/\/www.ades-grenoble.org\/wordpress\/wp-content\/uploads\/2014\/04\/CM260109.jpg\" alt=\"salle du conseil municipal de Grenoble\" width=\"300\" height=\"200\" srcset=\"https:\/\/www.ades-grenoble.org\/wordpress\/wp-content\/uploads\/2014\/04\/CM260109.jpg 300w, https:\/\/www.ades-grenoble.org\/wordpress\/wp-content\/uploads\/2014\/04\/CM260109-150x100.jpg 150w\" sizes=\"auto, (max-width: 300px) 100vw, 300px\" \/><p id=\"caption-attachment-8411\" class=\"wp-caption-text\">\u00a9 ville de Grenoble<\/p><\/div>\n<p style=\"text-align: justify;\">Le groupe PS et assimil\u00e9s du Conseil municipal n\u2019a pas du tout appr\u00e9ci\u00e9 l\u2019intervention de Pierre M\u00e9riaux, conseiller d\u00e9l\u00e9gu\u00e9 \u00e0 la montagne, contre le projet du tunnel Lyon-Turin qui pour lui est un scandale d\u00e9mocratique. A propos de la d\u00e9lib\u00e9ration d\u2019avril 2016 du Conseil municipal qui a retir\u00e9 la participation financi\u00e8re de la ville de Grenoble \u00e0 ce projet pharaonique, Mme Salat (conseill\u00e8re PS) d\u00e9clare \u00ab <em>Cette d\u00e9lib\u00e9ration n\u2019avait aucun fondement juridique, la Ville n\u2019ayant plus la comp\u00e9tence d\u00e9placement.<\/em>\u00bb. Elle semble oublier que la commune a gard\u00e9 la clause de comp\u00e9tence g\u00e9n\u00e9rale et qu\u2019un Conseil municipal peut toujours revenir sur une d\u00e9lib\u00e9ration pass\u00e9e. Il serait bienvenu que les conseillers municipaux d\u2019opposition suivent des formations sur le fonctionnement d\u2019un conseil municipal, cela les emp\u00eacherait, peut-\u00eatre, de dire des b\u00eatises. Heureusement qu\u2019ils ne sont pas aux affaires\u00a0!<\/p>\n<hr \/>\n<p style=\"text-align: justify;\">Les partisans de l\u2019ancien maire corrompu distribuent des tracts pr\u00e9sentant de faux v\u0153ux du maire de Grenoble. Mais ils d\u00e9clarent <em>\u00ab\u00a0Ce ne sont pas des v\u0153ux qui nous font plaisir\u2026 Mais nous sommes contraints de le faire\u00a0\u00bb<\/em>\u00a0! Au bal des \u00ab\u00a0<em>faux culs<\/em>\u00a0\u00bb ils ne sont pas les derniers.<\/p>\n","protected":false},"excerpt":{"rendered":"<p>Le groupe PS et assimil\u00e9s du Conseil municipal n\u2019a pas du tout appr\u00e9ci\u00e9 l\u2019intervention de Pierre M\u00e9riaux, conseiller d\u00e9l\u00e9gu\u00e9 \u00e0 la montagne, contre le projet du tunnel Lyon-Turin qui pour lui est un scandale d\u00e9mocratique. A propos de la d\u00e9lib\u00e9ration d\u2019avril 2016 du Conseil municipal qui a retir\u00e9 la participation financi\u00e8re de la ville de [&hellip;]<\/p>\n","protected":false},"author":1,"featured_media":0,"comment_status":"closed","ping_status":"open","sticky":false,"template":"","format":"standard","meta":{"twitterCardType":"","cardImageID":0,"cardImage":"","cardTitle":"","cardDesc":"","cardImageAlt":"","cardPlayer":"","cardPlayerWidth":0,"cardPlayerHeight":0,"cardPlayerStream":"","cardPlayerCodec":"","footnotes":""},"categories":[62,11],"tags":[67,30,215,54],"class_list":["post-12440","post","type-post","status-publish","format-standard","hentry","category-le-rouge-le-vert-hebdo","category-politique-locale","tag-conseil-municipal","tag-corrompu","tag-grenoble","tag-politique-droite-gauche"],"_links":{"self":[{"href":"https:\/\/www.ades-grenoble.org\/wordpress\/wp-json\/wp\/v2\/posts\/12440","targetHints":{"allow":["GET"]}}],"collection":[{"href":"https:\/\/www.ades-grenoble.org\/wordpress\/wp-json\/wp\/v2\/posts"}],"about":[{"href":"https:\/\/www.ades-grenoble.org\/wordpress\/wp-json\/wp\/v2\/types\/post"}],"author":[{"embeddable":true,"href":"https:\/\/www.ades-grenoble.org\/wordpress\/wp-json\/wp\/v2\/users\/1"}],"replies":[{"embeddable":true,"href":"https:\/\/www.ades-grenoble.org\/wordpress\/wp-json\/wp\/v2\/comments?post=12440"}],"version-history":[{"count":1,"href":"https:\/\/www.ades-grenoble.org\/wordpress\/wp-json\/wp\/v2\/posts\/12440\/revisions"}],"predecessor-version":[{"id":12441,"href":"https:\/\/www.ades-grenoble.org\/wordpress\/wp-json\/wp\/v2\/posts\/12440\/revisions\/12441"}],"wp:attachment":[{"href":"https:\/\/www.ades-grenoble.org\/wordpress\/wp-json\/wp\/v2\/media?parent=12440"}],"wp:term":[{"taxonomy":"category","embeddable":true,"href":"https:\/\/www.ades-grenoble.org\/wordpress\/wp-json\/wp\/v2\/categories?post=12440"},{"taxonomy":"post_tag","embeddable":true,"href":"https:\/\/www.ades-grenoble.org\/wordpress\/wp-json\/wp\/v2\/tags?post=12440"}],"curies":[{"name":"wp","href":"https:\/\/api.w.org\/{rel}","templated":true}]}}