{"id":12442,"date":"2017-01-06T18:42:27","date_gmt":"2017-01-06T17:42:27","guid":{"rendered":"http:\/\/www.ades-grenoble.org\/wordpress\/?p=12442"},"modified":"2017-01-06T19:25:04","modified_gmt":"2017-01-06T18:25:04","slug":"legere-evolution-de-la-population-de-grenoble","status":"publish","type":"post","link":"https:\/\/www.ades-grenoble.org\/wordpress\/2017\/01\/06\/legere-evolution-de-la-population-de-grenoble\/","title":{"rendered":"L\u00e9g\u00e8re \u00e9volution de la population de Grenoble"},"content":{"rendered":"<p>En d\u00e9but de chaque ann\u00e9e, l\u2019INSEE publie les r\u00e9sultats des recensements des populations des communes. Pour Grenoble la population municipale l\u00e9gale pour l\u2019ann\u00e9e 2014 est \u00e9gale \u00e0 160\u00a0779 habitants en l\u00e9g\u00e8re augmentation (+ 564 habitants) par rapport \u00e0 l\u2019ann\u00e9e pass\u00e9e qui \u00e9tait de 160\u00a0215 habitants. Le rythme d\u2019augmentation diminue nettement par rapport \u00e0 l\u2019\u00e9volution depuis 2010 qui \u00e9tait en moyenne de 1500 habitants suppl\u00e9mentaires par an.<\/p>\n<p style=\"text-align: justify;\"><img loading=\"lazy\" decoding=\"async\" class=\"size-full wp-image-12443 aligncenter\" src=\"http:\/\/www.ades-grenoble.org\/wordpress\/wp-content\/uploads\/2017\/01\/population-grenoble.jpg\" alt=\"\" width=\"907\" height=\"535\" srcset=\"https:\/\/www.ades-grenoble.org\/wordpress\/wp-content\/uploads\/2017\/01\/population-grenoble.jpg 907w, https:\/\/www.ades-grenoble.org\/wordpress\/wp-content\/uploads\/2017\/01\/population-grenoble-150x88.jpg 150w, https:\/\/www.ades-grenoble.org\/wordpress\/wp-content\/uploads\/2017\/01\/population-grenoble-300x177.jpg 300w, https:\/\/www.ades-grenoble.org\/wordpress\/wp-content\/uploads\/2017\/01\/population-grenoble-768x453.jpg 768w, https:\/\/www.ades-grenoble.org\/wordpress\/wp-content\/uploads\/2017\/01\/population-grenoble-600x354.jpg 600w\" sizes=\"auto, (max-width: 907px) 100vw, 907px\" \/>Il faut \u00eatre prudent sur l\u2019utilisation de ces chiffres car il ne s\u2019agit pas d\u2019une photographie instantan\u00e9e de la population issue du recensement partiel effectu\u00e9 en 2016. Jusqu\u2019en 1999, la France effectuait des recensements g\u00e9n\u00e9raux de toute la population, ce qui \u00e9tait tr\u00e8s lourd et n\u2019\u00e9tait fait que rarement. Entre 1962 et 1999 il n\u2019y eut que 6 recensements. A partir de 2004 et chaque ann\u00e9e, un \u00e9chantillon de seulement 8 % de la population des communes de plus de 10\u00a0000 habitants est recens\u00e9 et au lieu de donner les r\u00e9sultats de chaque ann\u00e9e, il faut faire la moyenne sur 5 ann\u00e9es cons\u00e9cutives et affecter cette moyenne \u00e0 l\u2019ann\u00e9e centrale. En janvier 2017, l\u2019INSEE a fait la moyenne des 5 ann\u00e9es de 2012 \u00e0 2016 et affect\u00e9 le r\u00e9sultat \u00e0 l\u2019ann\u00e9e 2014.<\/p>\n<p style=\"text-align: justify;\">Vu cette faible augmentation qui a suivi une plus forte depuis 2010, il n\u2019est pas impossible de voir en janvier 2018 une stabilisation ou une l\u00e9g\u00e8re diminution pour le recensement 2015.<\/p>\n<p style=\"text-align: justify;\">Voici la d\u00e9finition de la population municipale\u00a0: <em>\u00ab\u00a0La population municipale comprend les personnes ayant leur r\u00e9sidence habituelle sur le territoire de la commune. Elle inclut les personnes sans abri ou r\u00e9sidant habituellement dans des habitations mobiles recens\u00e9es sur le territoire de la commune ainsi que les d\u00e9tenus dans les \u00e9tablissements p\u00e9nitentiaires de la commune. C\u2019est la population statistique comparable \u00e0 la population sans double compte des pr\u00e9c\u00e9dents recensements\u2026<\/em><\/p>\n<p style=\"text-align: justify;\"><em>Dans les communes de 10 000 habitants ou plus, o\u00f9 les enqu\u00eates de recensement ont lieu tous les ans par sondage, le principe du calcul consiste \u00e0 faire la somme des observations des cinq derni\u00e8res ann\u00e9es, puis \u00e0 en d\u00e9duire la commune tout enti\u00e8re en se r\u00e9f\u00e9rant au nombre de logements du milieu de la p\u00e9riode, connu par le r\u00e9pertoire d\u2019immeubles localis\u00e9s.<\/em><\/p>\n<p style=\"text-align: justify;\"><em>\u00ab\u00a0Le r\u00e9pertoire d\u2019immeubles localis\u00e9s (RIL) est une base de donn\u00e9es g\u00e9ographiques comprenant l\u2019ensemble des adresses et leur localisation g\u00e9ographique des communes de 10 000 habitants ou plus\u2026 ce r\u00e9pertoire est mis \u00e0 jour \u00e0 partir :<\/em><\/p>\n<ul style=\"text-align: justify;\">\n<li><em>des fichiers de permis de construire ;<\/em><\/li>\n<li><em>du r\u00e9pertoire national des entreprises et des \u00e9tablissements (Sirene) ;<\/em><\/li>\n<li><em>des fichiers de La Poste ;<\/em><\/li>\n<li><em>des fichiers administratifs comportant une adresse (que l\u2019Insee est autoris\u00e9 \u00e0 utiliser).<\/em><em><br \/>\n<\/em><\/li>\n<\/ul>\n<p style=\"text-align: justify;\"><em>Il est \u00e9galement entretenu gr\u00e2ce aux \u00e9changes continus d\u2019informations g\u00e9ographiques avec les communes concern\u00e9es.\u00a0\u00bb<\/em><\/p>\n<p style=\"text-align: justify;\"><strong>Evolution sur le long terme\u00a0depuis 1962<\/strong>.<\/p>\n<p style=\"text-align: justify;\">Avant 2006 ce sont les chiffres des recensements suivant l\u2019ancienne m\u00e9thode qui a disparu apr\u00e8s 1999. On peut voir une continuit\u00e9 d\u2019\u00e9volution sur le moyen terme depuis 1990 apr\u00e8s la forte diminution qui s\u2019est faite entre 1975 et 1990.<\/p>\n<p style=\"text-align: justify;\"><img loading=\"lazy\" decoding=\"async\" class=\"size-full wp-image-12444\" src=\"http:\/\/www.ades-grenoble.org\/wordpress\/wp-content\/uploads\/2017\/01\/evolution-population-grenoble.jpg\" alt=\"\" width=\"929\" height=\"556\" srcset=\"https:\/\/www.ades-grenoble.org\/wordpress\/wp-content\/uploads\/2017\/01\/evolution-population-grenoble.jpg 929w, https:\/\/www.ades-grenoble.org\/wordpress\/wp-content\/uploads\/2017\/01\/evolution-population-grenoble-150x90.jpg 150w, https:\/\/www.ades-grenoble.org\/wordpress\/wp-content\/uploads\/2017\/01\/evolution-population-grenoble-300x180.jpg 300w, https:\/\/www.ades-grenoble.org\/wordpress\/wp-content\/uploads\/2017\/01\/evolution-population-grenoble-768x460.jpg 768w, https:\/\/www.ades-grenoble.org\/wordpress\/wp-content\/uploads\/2017\/01\/evolution-population-grenoble-600x359.jpg 600w\" sizes=\"auto, (max-width: 929px) 100vw, 929px\" \/><\/p>\n","protected":false},"excerpt":{"rendered":"<p>En d\u00e9but de chaque ann\u00e9e, l\u2019INSEE publie les r\u00e9sultats des recensements des populations des communes. Pour Grenoble la population municipale l\u00e9gale pour l\u2019ann\u00e9e 2014 est \u00e9gale \u00e0 160\u00a0779 habitants en l\u00e9g\u00e8re augmentation (+ 564 habitants) par rapport \u00e0 l\u2019ann\u00e9e pass\u00e9e qui \u00e9tait de 160\u00a0215 habitants. Le rythme d\u2019augmentation diminue nettement par rapport \u00e0 l\u2019\u00e9volution depuis [&hellip;]<\/p>\n","protected":false},"author":1,"featured_media":0,"comment_status":"closed","ping_status":"open","sticky":false,"template":"","format":"standard","meta":{"twitterCardType":"","cardImageID":0,"cardImage":"","cardTitle":"","cardDesc":"","cardImageAlt":"","cardPlayer":"","cardPlayerWidth":0,"cardPlayerHeight":0,"cardPlayerStream":"","cardPlayerCodec":"","footnotes":""},"categories":[62,11],"tags":[215,285,261],"class_list":["post-12442","post","type-post","status-publish","format-standard","hentry","category-le-rouge-le-vert-hebdo","category-politique-locale","tag-grenoble","tag-insee","tag-population"],"_links":{"self":[{"href":"https:\/\/www.ades-grenoble.org\/wordpress\/wp-json\/wp\/v2\/posts\/12442","targetHints":{"allow":["GET"]}}],"collection":[{"href":"https:\/\/www.ades-grenoble.org\/wordpress\/wp-json\/wp\/v2\/posts"}],"about":[{"href":"https:\/\/www.ades-grenoble.org\/wordpress\/wp-json\/wp\/v2\/types\/post"}],"author":[{"embeddable":true,"href":"https:\/\/www.ades-grenoble.org\/wordpress\/wp-json\/wp\/v2\/users\/1"}],"replies":[{"embeddable":true,"href":"https:\/\/www.ades-grenoble.org\/wordpress\/wp-json\/wp\/v2\/comments?post=12442"}],"version-history":[{"count":2,"href":"https:\/\/www.ades-grenoble.org\/wordpress\/wp-json\/wp\/v2\/posts\/12442\/revisions"}],"predecessor-version":[{"id":12446,"href":"https:\/\/www.ades-grenoble.org\/wordpress\/wp-json\/wp\/v2\/posts\/12442\/revisions\/12446"}],"wp:attachment":[{"href":"https:\/\/www.ades-grenoble.org\/wordpress\/wp-json\/wp\/v2\/media?parent=12442"}],"wp:term":[{"taxonomy":"category","embeddable":true,"href":"https:\/\/www.ades-grenoble.org\/wordpress\/wp-json\/wp\/v2\/categories?post=12442"},{"taxonomy":"post_tag","embeddable":true,"href":"https:\/\/www.ades-grenoble.org\/wordpress\/wp-json\/wp\/v2\/tags?post=12442"}],"curies":[{"name":"wp","href":"https:\/\/api.w.org\/{rel}","templated":true}]}}