{"id":12455,"date":"2017-01-06T19:23:14","date_gmt":"2017-01-06T18:23:14","guid":{"rendered":"http:\/\/www.ades-grenoble.org\/wordpress\/?p=12455"},"modified":"2017-01-06T19:25:35","modified_gmt":"2017-01-06T18:25:35","slug":"bonne-annee-2017","status":"publish","type":"post","link":"https:\/\/www.ades-grenoble.org\/wordpress\/2017\/01\/06\/bonne-annee-2017\/","title":{"rendered":"Bonne ann\u00e9e 2017"},"content":{"rendered":"<p style=\"text-align: justify;\"><img loading=\"lazy\" decoding=\"async\" class=\"size-full wp-image-8734 alignleft\" src=\"http:\/\/www.ades-grenoble.org\/wordpress\/wp-content\/uploads\/2014\/06\/Logo-Ades-web.png\" alt=\"\" width=\"344\" height=\"297\" srcset=\"https:\/\/www.ades-grenoble.org\/wordpress\/wp-content\/uploads\/2014\/06\/Logo-Ades-web.png 344w, https:\/\/www.ades-grenoble.org\/wordpress\/wp-content\/uploads\/2014\/06\/Logo-Ades-web-150x129.png 150w, https:\/\/www.ades-grenoble.org\/wordpress\/wp-content\/uploads\/2014\/06\/Logo-Ades-web-300x259.png 300w\" sizes=\"auto, (max-width: 344px) 100vw, 344px\" \/>Le Rouge et le Vert vous pr\u00e9sente ses meilleurs v\u0153ux pour l\u2019ann\u00e9e 2017.<\/p>\n<p style=\"text-align: justify;\">Il s\u2019agit d\u2019une ann\u00e9e particuli\u00e8re sur le plan politique avec les \u00e9lections pr\u00e9sidentielles et l\u00e9gislatives et aussi s\u00e9natoriales qui vont dessiner l\u2019avenir de notre pays et donc de nos collectivit\u00e9s locales pour de nombreuses ann\u00e9es. En ce qui concerne la ville de Grenoble ce devrait \u00eatre une des ann\u00e9es les plus rudes du mandat municipal, marqu\u00e9e par la profonde restructuration des services publics atteints de plein fouet par la politique d\u2019aust\u00e9rit\u00e9 gouvernementale qui a \u00e9t\u00e9 r\u00e9affirm\u00e9e par la loi de finances de 2017. Pour la m\u00e9tropole grenobloise ce sera une ann\u00e9e de poursuite de la digestion des nombreuses nouvelles comp\u00e9tences acquises depuis le 1<sup>er<\/sup> janvier 2015, suivie de certaines comp\u00e9tences transmises par le Conseil d\u00e9partemental.<\/p>\n<p style=\"text-align: justify;\">Le Rouge et le Vert et l\u2019ADES poursuivront le travail d\u2019information et de formation \u00e0 propos des politiques publiques locales.<\/p>\n","protected":false},"excerpt":{"rendered":"<p>Le Rouge et le Vert vous pr\u00e9sente ses meilleurs v\u0153ux pour l\u2019ann\u00e9e 2017. Il s\u2019agit d\u2019une ann\u00e9e particuli\u00e8re sur le plan politique avec les \u00e9lections pr\u00e9sidentielles et l\u00e9gislatives et aussi s\u00e9natoriales qui vont dessiner l\u2019avenir de notre pays et donc de nos collectivit\u00e9s locales pour de nombreuses ann\u00e9es. En ce qui concerne la ville de [&hellip;]<\/p>\n","protected":false},"author":1,"featured_media":0,"comment_status":"closed","ping_status":"open","sticky":false,"template":"","format":"standard","meta":{"twitterCardType":"","cardImageID":0,"cardImage":"","cardTitle":"","cardDesc":"","cardImageAlt":"","cardPlayer":"","cardPlayerWidth":0,"cardPlayerHeight":0,"cardPlayerStream":"","cardPlayerCodec":"","footnotes":""},"categories":[62,11],"tags":[165],"class_list":["post-12455","post","type-post","status-publish","format-standard","hentry","category-le-rouge-le-vert-hebdo","category-politique-locale","tag-voeux"],"_links":{"self":[{"href":"https:\/\/www.ades-grenoble.org\/wordpress\/wp-json\/wp\/v2\/posts\/12455","targetHints":{"allow":["GET"]}}],"collection":[{"href":"https:\/\/www.ades-grenoble.org\/wordpress\/wp-json\/wp\/v2\/posts"}],"about":[{"href":"https:\/\/www.ades-grenoble.org\/wordpress\/wp-json\/wp\/v2\/types\/post"}],"author":[{"embeddable":true,"href":"https:\/\/www.ades-grenoble.org\/wordpress\/wp-json\/wp\/v2\/users\/1"}],"replies":[{"embeddable":true,"href":"https:\/\/www.ades-grenoble.org\/wordpress\/wp-json\/wp\/v2\/comments?post=12455"}],"version-history":[{"count":1,"href":"https:\/\/www.ades-grenoble.org\/wordpress\/wp-json\/wp\/v2\/posts\/12455\/revisions"}],"predecessor-version":[{"id":12456,"href":"https:\/\/www.ades-grenoble.org\/wordpress\/wp-json\/wp\/v2\/posts\/12455\/revisions\/12456"}],"wp:attachment":[{"href":"https:\/\/www.ades-grenoble.org\/wordpress\/wp-json\/wp\/v2\/media?parent=12455"}],"wp:term":[{"taxonomy":"category","embeddable":true,"href":"https:\/\/www.ades-grenoble.org\/wordpress\/wp-json\/wp\/v2\/categories?post=12455"},{"taxonomy":"post_tag","embeddable":true,"href":"https:\/\/www.ades-grenoble.org\/wordpress\/wp-json\/wp\/v2\/tags?post=12455"}],"curies":[{"name":"wp","href":"https:\/\/api.w.org\/{rel}","templated":true}]}}