{"id":12465,"date":"2017-01-13T10:20:21","date_gmt":"2017-01-13T09:20:21","guid":{"rendered":"http:\/\/www.ades-grenoble.org\/wordpress\/?p=12465"},"modified":"2017-01-25T07:44:49","modified_gmt":"2017-01-25T06:44:49","slug":"deux-elus-quittent-la-majorite-municipale","status":"publish","type":"post","link":"https:\/\/www.ades-grenoble.org\/wordpress\/2017\/01\/13\/deux-elus-quittent-la-majorite-municipale\/","title":{"rendered":"Deux \u00e9lus quittent la majorit\u00e9 municipale"},"content":{"rendered":"<p style=\"text-align: justify;\"><img loading=\"lazy\" decoding=\"async\" class=\"size-full wp-image-11126 alignleft\" src=\"http:\/\/www.ades-grenoble.org\/wordpress\/wp-content\/uploads\/2016\/01\/Conseil-Municipal.jpg\" alt=\"\" width=\"400\" height=\"266\" srcset=\"https:\/\/www.ades-grenoble.org\/wordpress\/wp-content\/uploads\/2016\/01\/Conseil-Municipal.jpg 400w, https:\/\/www.ades-grenoble.org\/wordpress\/wp-content\/uploads\/2016\/01\/Conseil-Municipal-150x100.jpg 150w, https:\/\/www.ades-grenoble.org\/wordpress\/wp-content\/uploads\/2016\/01\/Conseil-Municipal-300x200.jpg 300w\" sizes=\"auto, (max-width: 400px) 100vw, 400px\" \/>Mme Richard-Finot et M. Tuscher ont d\u00e9cid\u00e9 de quitter la majorit\u00e9 municipale grenobloise suite \u00e0 leur d\u00e9saccord avec le plan de sauvegarde des services publics locaux, en cr\u00e9ant un groupe \u00ab\u00a0<em>Ensemble \u00e0 gauche<\/em>\u00a0\u00bb. Cette d\u00e9cision d\u2019\u00e9loignement \u00e9tait en pr\u00e9paration depuis des semaines et le d\u00e9saccord s\u2019est cristallis\u00e9 lors de leur abstention sur l\u2019ensemble du budget 2017. Contrairement \u00e0 ce qu\u2019ils expliquent, la majorit\u00e9 ne s\u2019est jamais engag\u00e9e \u00e0 construire le budget avec les habitants ce qui est impossible tant que les m\u00e9canismes budg\u00e9taires ne sont pas compris par un grand nombre d\u2019habitants et m\u00eame d\u2019\u00e9lus\u00a0! L\u2019engagement (n\u00b08) qui a \u00e9t\u00e9 pris lors de la campagne \u00e9lectorale proposait de seulement d\u00e9battre du budget avec les habitants avant le vote en proposant divers sc\u00e9narios, ce qui a \u00e9t\u00e9 fait. Jamais une majorit\u00e9 municipale n\u2019avait fait cela auparavant. Autre inexactitude avanc\u00e9e par ces deux \u00e9lus, ils ont eu acc\u00e8s \u00e0 l\u2019ensemble des donn\u00e9es budg\u00e9taires pour pr\u00e9parer le budget comme tous les autres \u00e9lus de la majorit\u00e9.<\/p>\n<p style=\"text-align: justify;\">Souhaitons que ce nouveau groupe m\u00e8ne un d\u00e9bat d\u2019une autre qualit\u00e9 que celui propos\u00e9 par les groupes d\u2019opposition actuels.<\/p>\n","protected":false},"excerpt":{"rendered":"<p>Mme Richard-Finot et M. Tuscher ont d\u00e9cid\u00e9 de quitter la majorit\u00e9 municipale grenobloise suite \u00e0 leur d\u00e9saccord avec le plan de sauvegarde des services publics locaux, en cr\u00e9ant un groupe \u00ab\u00a0Ensemble \u00e0 gauche\u00a0\u00bb. Cette d\u00e9cision d\u2019\u00e9loignement \u00e9tait en pr\u00e9paration depuis des semaines et le d\u00e9saccord s\u2019est cristallis\u00e9 lors de leur abstention sur l\u2019ensemble du budget [&hellip;]<\/p>\n","protected":false},"author":1,"featured_media":0,"comment_status":"closed","ping_status":"open","sticky":false,"template":"","format":"standard","meta":{"twitterCardType":"","cardImageID":0,"cardImage":"","cardTitle":"","cardDesc":"","cardImageAlt":"","cardPlayer":"","cardPlayerWidth":0,"cardPlayerHeight":0,"cardPlayerStream":"","cardPlayerCodec":"","footnotes":""},"categories":[62,11],"tags":[67,215],"class_list":["post-12465","post","type-post","status-publish","format-standard","hentry","category-le-rouge-le-vert-hebdo","category-politique-locale","tag-conseil-municipal","tag-grenoble"],"_links":{"self":[{"href":"https:\/\/www.ades-grenoble.org\/wordpress\/wp-json\/wp\/v2\/posts\/12465","targetHints":{"allow":["GET"]}}],"collection":[{"href":"https:\/\/www.ades-grenoble.org\/wordpress\/wp-json\/wp\/v2\/posts"}],"about":[{"href":"https:\/\/www.ades-grenoble.org\/wordpress\/wp-json\/wp\/v2\/types\/post"}],"author":[{"embeddable":true,"href":"https:\/\/www.ades-grenoble.org\/wordpress\/wp-json\/wp\/v2\/users\/1"}],"replies":[{"embeddable":true,"href":"https:\/\/www.ades-grenoble.org\/wordpress\/wp-json\/wp\/v2\/comments?post=12465"}],"version-history":[{"count":1,"href":"https:\/\/www.ades-grenoble.org\/wordpress\/wp-json\/wp\/v2\/posts\/12465\/revisions"}],"predecessor-version":[{"id":12466,"href":"https:\/\/www.ades-grenoble.org\/wordpress\/wp-json\/wp\/v2\/posts\/12465\/revisions\/12466"}],"wp:attachment":[{"href":"https:\/\/www.ades-grenoble.org\/wordpress\/wp-json\/wp\/v2\/media?parent=12465"}],"wp:term":[{"taxonomy":"category","embeddable":true,"href":"https:\/\/www.ades-grenoble.org\/wordpress\/wp-json\/wp\/v2\/categories?post=12465"},{"taxonomy":"post_tag","embeddable":true,"href":"https:\/\/www.ades-grenoble.org\/wordpress\/wp-json\/wp\/v2\/tags?post=12465"}],"curies":[{"name":"wp","href":"https:\/\/api.w.org\/{rel}","templated":true}]}}