{"id":12474,"date":"2017-01-13T10:47:43","date_gmt":"2017-01-13T09:47:43","guid":{"rendered":"http:\/\/www.ades-grenoble.org\/wordpress\/?p=12474"},"modified":"2017-01-17T09:31:52","modified_gmt":"2017-01-17T08:31:52","slug":"etrangers-et-immigres-a-grenoble","status":"publish","type":"post","link":"https:\/\/www.ades-grenoble.org\/wordpress\/2017\/01\/13\/etrangers-et-immigres-a-grenoble\/","title":{"rendered":"Etrangers et immigr\u00e9s \u00e0 Grenoble"},"content":{"rendered":"<p style=\"text-align: justify;\">\u00a0<img loading=\"lazy\" decoding=\"async\" class=\"size-full wp-image-12478 alignleft\" src=\"http:\/\/www.ades-grenoble.org\/wordpress\/wp-content\/uploads\/2017\/01\/INSEE.jpg\" alt=\"\" width=\"400\" height=\"128\" srcset=\"https:\/\/www.ades-grenoble.org\/wordpress\/wp-content\/uploads\/2017\/01\/INSEE.jpg 400w, https:\/\/www.ades-grenoble.org\/wordpress\/wp-content\/uploads\/2017\/01\/INSEE-150x48.jpg 150w, https:\/\/www.ades-grenoble.org\/wordpress\/wp-content\/uploads\/2017\/01\/INSEE-300x96.jpg 300w\" sizes=\"auto, (max-width: 400px) 100vw, 400px\" \/>Suivant les derniers chiffres du recensement (donn\u00e9es 2013), il y a 25 588 immigr\u00e9s \u00e0 Grenoble, soit 16 % de la population. Le nombre d\u2019\u00e9trangers pr\u00e9sents dans la commune est plus faible 17\u00a0334 (soit 10,8 % de la population) compte tenu des d\u00e9finitions retenues par l\u2019INSEE. <em>\u00ab\u00a0Selon la d\u00e9finition adopt\u00e9e par le Haut Conseil \u00e0 l&rsquo;Int\u00e9gration, un immigr\u00e9 est une personne n\u00e9e \u00e9trang\u00e8re \u00e0 l&rsquo;\u00e9tranger et r\u00e9sidant en France. Les personnes n\u00e9es fran\u00e7aises \u00e0 l&rsquo;\u00e9tranger et vivant en France ne sont donc pas comptabilis\u00e9es. Certains immigr\u00e9s ont pu devenir fran\u00e7ais, les autres restant \u00e9trangers. Les populations \u00e9trang\u00e8re et immigr\u00e9e ne se confondent pas : un immigr\u00e9 n&rsquo;est pas n\u00e9cessairement \u00e9tranger et r\u00e9ciproquement, certains \u00e9trangers sont n\u00e9s en France (essentiellement des mineurs). La qualit\u00e9 d&rsquo;immigr\u00e9 est permanente : un individu continue \u00e0 appartenir \u00e0 la population immigr\u00e9e m\u00eame s&rsquo;il devient fran\u00e7ais par acquisition. <strong>C&rsquo;est le pays de naissance, et non la nationalit\u00e9 \u00e0 la naissance, qui d\u00e9finit l&rsquo;origine g\u00e9ographique d&rsquo;un immigr\u00e9<\/strong>.\u00a0\u00bb<\/em><\/p>\n<p style=\"text-align: justify;\"><!--more--><\/p>\n<p style=\"text-align: justify;\">Le pourcentage d\u2019\u00e9trangers a augment\u00e9 un peu \u00e0 Grenoble. Il est pass\u00e9 de 9,8% en 2006 \u00e0 10,8 % en 2013. Ce pourcentage d\u2019\u00e9trangers \u00e0 Grenoble est sup\u00e9rieur \u00e0 celui de la M\u00e9tro (8,6%) et de la France (6,2%). Si les \u00e9trangers r\u00e9sidents (depuis quelques ann\u00e9es) en \u00e2ge de voter avaient le droit de vote pour les \u00e9lections municipales cela augmenterait de mani\u00e8re significative le corps \u00e9lectoral. Seul un quart (environ) des \u00e9trangers est issu de l\u2019Union europ\u00e9enne et pourrait \u00eatre inscrits sur la liste compl\u00e9mentaire qui est tr\u00e8s loin de recenser toutes les inscriptions potentielles.<\/p>\n<p style=\"text-align: justify;\">Sur les 160\u00a0215 habitants en 2013, 10,8 % sont \u00e9trangers. Les Fran\u00e7ais (89,2%) le sont par naissance pour 81,6 % et par acquisition pour 7,6 %<\/p>\n<p style=\"text-align: justify;\">D\u2019o\u00f9 viennent les 26 000 immigr\u00e9s habitant Grenoble. Tout d\u2019abord d\u2019Afrique pour 49,7% (dont 37,6% en provenance du Maghreb et notamment les rapatri\u00e9s apr\u00e8s les ind\u00e9pendances), de l\u2019Europe pour 30% (dont 10 % d\u2019Italiens), du reste du monde pour 20,3%. Nous voyons ainsi l\u2019importance des liens historiques de Grenoble avec les pays d\u2019Afrique qu\u2019il serait n\u00e9cessaire de mieux prendre en compte dans la politique municipale et m\u00e9tropolitaine.<\/p>\n<table border=\"2\" width=\"50%\" align=\"center\" bgcolor=\"lightyellow\">\n<tbody>\n<tr>\n<td>Pays d&rsquo;origine<\/td>\n<td width=\"60\"><strong>Nombre<\/strong><\/td>\n<td width=\"66\"><strong>Pourcentage<\/strong><\/td>\n<\/tr>\n<tr>\n<td width=\"118\">Portugal<\/td>\n<td width=\"60\">954<\/td>\n<td width=\"66\">3,7%<\/td>\n<\/tr>\n<tr>\n<td width=\"118\">Italie<\/td>\n<td width=\"60\">2569<\/td>\n<td width=\"66\">10,0%<\/td>\n<\/tr>\n<tr>\n<td width=\"118\">Espagne<\/td>\n<td width=\"60\">813<\/td>\n<td width=\"66\">3,2%<\/td>\n<\/tr>\n<tr>\n<td width=\"118\">Autres pays de l&rsquo;Union Europ\u00e9enne \u00e0 27<\/td>\n<td width=\"60\">2025<\/td>\n<td width=\"66\">7,9%<\/td>\n<\/tr>\n<tr>\n<td width=\"118\">Autres pays d&rsquo;Europe<\/td>\n<td width=\"60\">1310<\/td>\n<td width=\"66\">5,1%<\/td>\n<\/tr>\n<tr>\n<td width=\"118\">Alg\u00e9rie<\/td>\n<td width=\"60\">5995<\/td>\n<td width=\"66\">23,4%<\/td>\n<\/tr>\n<tr>\n<td width=\"118\">Maroc<\/td>\n<td width=\"60\">1816<\/td>\n<td width=\"66\">7,1%<\/td>\n<\/tr>\n<tr>\n<td width=\"118\">Tunisie<\/td>\n<td width=\"60\">1819<\/td>\n<td width=\"66\">7,1%<\/td>\n<\/tr>\n<tr>\n<td width=\"118\">Autres pays d&rsquo;Afrique<\/td>\n<td width=\"60\">3075<\/td>\n<td width=\"66\">12,0%<\/td>\n<\/tr>\n<tr>\n<td width=\"118\">Turquie<\/td>\n<td width=\"60\">716<\/td>\n<td width=\"66\">2,8%<\/td>\n<\/tr>\n<tr>\n<td width=\"118\">Autres pays<\/td>\n<td width=\"60\">4495<\/td>\n<td width=\"66\">17,6%<\/td>\n<\/tr>\n<\/tbody>\n<\/table>\n<p style=\"text-align: justify;\">La r\u00e9partition par \u00e2ges diff\u00e8re de celle des non immigr\u00e9s. Il y a moins de jeunes, 19% de moins de 25 ans (39% pour les autres populations) et plus de personnes ayant plus de 55 ans (30 % contre 24 %).<\/p>\n<table border=\"2\" width=\"50%\" align=\"center\" bgcolor=\"lightyellow\">\n<tbody>\n<tr>\n<td width=\"134\"><\/td>\n<td width=\"60\">Moins de 15 ans<\/td>\n<td width=\"60\">15-24 ans<\/td>\n<td width=\"60\">25-54 ans<\/td>\n<td width=\"60\">55ans ou plus<\/td>\n<\/tr>\n<tr>\n<td width=\"134\">Immigr\u00e9s<\/td>\n<td width=\"60\">4,6%<\/td>\n<td width=\"60\">14,0%<\/td>\n<td width=\"60\">51,4%<\/td>\n<td width=\"60\">30,0%<\/td>\n<\/tr>\n<tr>\n<td width=\"134\">Non immigr\u00e9s<\/td>\n<td width=\"60\">17,0%<\/td>\n<td width=\"60\">22,0%<\/td>\n<td width=\"60\">37,3%<\/td>\n<td width=\"60\">23,7%<\/td>\n<\/tr>\n<\/tbody>\n<\/table>\n<p style=\"text-align: justify;\">Les immigr\u00e9s sont plus touch\u00e9s par le ch\u00f4mage que les non immigr\u00e9s<\/p>\n<table border=\"2\" width=\"50%\" align=\"center\" bgcolor=\"lightyellow\">\n<tbody>\n<tr>\n<td width=\"110\"><\/td>\n<td width=\"60\">Immigr\u00e9s<\/td>\n<td width=\"60\">Non immigr\u00e9s<\/td>\n<\/tr>\n<tr>\n<td width=\"110\">Actifs ayant un emploi<\/td>\n<td width=\"60\">41,7%<\/td>\n<td width=\"60\">50,6%<\/td>\n<\/tr>\n<tr>\n<td width=\"110\">Ch\u00f4meurs<\/td>\n<td width=\"60\">14,0%<\/td>\n<td width=\"60\">7,5%<\/td>\n<\/tr>\n<tr>\n<td width=\"110\">Retrait\u00e9s ou pr\u00e9retrait\u00e9s<\/td>\n<td width=\"60\">20,4%<\/td>\n<td width=\"60\">20,2%<\/td>\n<\/tr>\n<tr>\n<td width=\"110\">El\u00e8ves, \u00e9tudiants, stagiaires non r\u00e9mun\u00e9r\u00e9s<\/td>\n<td width=\"60\">11,2%<\/td>\n<td width=\"60\">16,6%<\/td>\n<\/tr>\n<tr>\n<td width=\"110\">Femmes ou hommes au foyer<\/td>\n<td width=\"60\">6,6%<\/td>\n<td width=\"60\">1,9%<\/td>\n<\/tr>\n<tr>\n<td width=\"110\">Autres inactifs<\/td>\n<td width=\"60\">6,2%<\/td>\n<td width=\"60\">3,2%<\/td>\n<\/tr>\n<tr>\n<td width=\"110\">Ensemble<\/td>\n<td width=\"60\">100,0%<\/td>\n<td width=\"60\">100,0%<\/td>\n<\/tr>\n<\/tbody>\n<\/table>\n<p style=\"text-align: justify;\">La r\u00e9partition par professions diff\u00e8re aussi entre les immigr\u00e9s et les non immigr\u00e9s. Il y a deux fois moins de professions interm\u00e9diaires et deux fois plus d\u2019ouvriers chez les immigr\u00e9s.<\/p>\n<table border=\"2\" width=\"50%\" align=\"center\" bgcolor=\"lightyellow\">\n<tbody>\n<tr>\n<td width=\"217\">Professions<\/td>\n<td width=\"60\">Immigr\u00e9s<\/td>\n<td width=\"60\">Non immigr\u00e9s<\/td>\n<\/tr>\n<tr>\n<td width=\"217\">Artisans, commer\u00e7ants, chefs d&rsquo;entreprise<\/td>\n<td width=\"60\">2,7%<\/td>\n<td width=\"60\">1,8%<\/td>\n<\/tr>\n<tr>\n<td width=\"217\">Cadres et professions intellectuelles sup\u00e9rieures<\/td>\n<td width=\"60\">12,6%<\/td>\n<td width=\"60\">14,2%<\/td>\n<\/tr>\n<tr>\n<td width=\"217\">Professions interm\u00e9diaires<\/td>\n<td width=\"60\">7,5%<\/td>\n<td width=\"60\">13,9%<\/td>\n<\/tr>\n<tr>\n<td width=\"217\">Employ\u00e9s<\/td>\n<td width=\"60\">14,8%<\/td>\n<td width=\"60\">11,7%<\/td>\n<\/tr>\n<tr>\n<td width=\"217\">Ouvriers<\/td>\n<td width=\"60\">12,9%<\/td>\n<td width=\"60\">6,2%<\/td>\n<\/tr>\n<tr>\n<td width=\"217\">Retrait\u00e9s<\/td>\n<td width=\"60\">19,6%<\/td>\n<td width=\"60\">16,7%<\/td>\n<\/tr>\n<tr>\n<td width=\"217\">Autres personnes sans activit\u00e9 professionnelle<\/td>\n<td width=\"60\">29,9%<\/td>\n<td width=\"60\">35,5%<\/td>\n<\/tr>\n<\/tbody>\n<\/table>\n<p style=\"text-align: justify;\">Comme pour toutes les autres caract\u00e9ristiques de la population grenobloise, la r\u00e9partition entre immigr\u00e9s et \u00e9trangers dans les diff\u00e9rents quartiers montrent des \u00e9carts tr\u00e8s importants<\/p>\n<p style=\"text-align: justify;\">Quartiers o\u00f9 la part des immigr\u00e9-es d\u00e9passe 30% : Mistral, Jouhaux, Paul Cocat, Les Trembles, Arlequin et les deux Villages Olympiques.<\/p>\n<p style=\"text-align: justify;\">Quartiers o\u00f9 la part des immigr\u00e9-es est inf\u00e9rieure \u00e0 10% : Grenette, Saint-Andr\u00e9, Trois Cours, les deux Ile Verte, Aigle, Cl\u00e9menceau, Reyni\u00e8s, Jeanne d\u2019Arc.<\/p>\n<p style=\"text-align: justify;\">L\u2019\u00e9volution du nombre d\u2019\u00e9trangers dans les quartiers entre 2006 et 2013 est tr\u00e8s importante montrant que la population se d\u00e9place beaucoup. Des quartiers connaissent une augmentation du nombre d\u2019\u00e9trangers de plus de 60%\u00a0: Europole, Pr\u00e9fecture (!), Drac-Amp\u00e8re, Sidi-Brahim, Rondeau-Lib\u00e9ration, Village Olympique Sud. Des quartiers sont en forte diminution (plus de 30%) : H\u00e9bert-Mutualit\u00e9, Alli\u00e9s-Clos d\u2019Or, Beauvert, Baladins.<\/p>\n<table border=\"2\" width=\"80%\" align=\"center\" bgcolor=\"lightyellow\">\n<tbody>\n<tr style=\"text-align: justify;\">\n<td width=\"50\">N\u00b0 du quartiers<\/td>\n<td width=\"109\">Quartiers<\/td>\n<td width=\"38\">Population \u00e9trangers<\/td>\n<td width=\"38\">Population immigr\u00e9s<\/td>\n<td width=\"34\">\u00e9volution \u00e9trangers de 2006 \u00e0 2013<\/td>\n<\/tr>\n<tr style=\"text-align: justify;\">\n<td width=\"50\">102<\/td>\n<td width=\"109\">Jean Mace<\/td>\n<td width=\"38\">12,5%<\/td>\n<td width=\"38\">15,1%<\/td>\n<td width=\"34\">23,6%<\/td>\n<\/tr>\n<tr style=\"text-align: justify;\">\n<td width=\"50\">103<\/td>\n<td width=\"109\">Europole<\/td>\n<td width=\"38\">18,9%<\/td>\n<td width=\"38\">23,7%<\/td>\n<td width=\"34\"><strong>72,0%<\/strong><\/td>\n<\/tr>\n<tr style=\"text-align: justify;\">\n<td width=\"50\">104<\/td>\n<td width=\"109\">Diderot<\/td>\n<td width=\"38\">8,9%<\/td>\n<td width=\"38\">13,5%<\/td>\n<td width=\"34\">29,6%<\/td>\n<\/tr>\n<tr style=\"text-align: justify;\">\n<td width=\"50\">105<\/td>\n<td width=\"109\">Gare<\/td>\n<td width=\"38\">9,1%<\/td>\n<td width=\"38\">10,1%<\/td>\n<td width=\"34\">-26,0%<\/td>\n<\/tr>\n<tr style=\"text-align: justify;\">\n<td width=\"50\">106<\/td>\n<td width=\"109\">Cours Berriat<\/td>\n<td width=\"38\">12,3%<\/td>\n<td width=\"38\">15,4%<\/td>\n<td width=\"34\">34,9%<\/td>\n<\/tr>\n<tr style=\"text-align: justify;\">\n<td width=\"50\">107<\/td>\n<td width=\"109\">Gabriel P\u00e9ri<\/td>\n<td width=\"38\">10,4%<\/td>\n<td width=\"38\">15,1%<\/td>\n<td width=\"34\">16,4%<\/td>\n<\/tr>\n<tr style=\"text-align: justify;\">\n<td width=\"50\">108<\/td>\n<td width=\"109\">Berriat-Amp\u00e8re<\/td>\n<td width=\"38\">11,0%<\/td>\n<td width=\"38\">13,8%<\/td>\n<td width=\"34\">27,8%<\/td>\n<\/tr>\n<tr style=\"text-align: justify;\">\n<td width=\"50\">109<\/td>\n<td width=\"109\">Saint-Bruno<\/td>\n<td width=\"38\">6,7%<\/td>\n<td width=\"38\">11,3%<\/td>\n<td width=\"34\">-2,8%<\/td>\n<\/tr>\n<tr style=\"text-align: justify;\">\n<td width=\"50\">110<\/td>\n<td width=\"109\">Waldeck Rousseau<\/td>\n<td width=\"38\">7,6%<\/td>\n<td width=\"38\">11,7%<\/td>\n<td width=\"34\">-15,9%<\/td>\n<\/tr>\n<tr style=\"text-align: justify;\">\n<td width=\"50\">111<\/td>\n<td width=\"109\">Lustucru<\/td>\n<td width=\"38\">7,7%<\/td>\n<td width=\"38\">11,7%<\/td>\n<td width=\"34\">19,5%<\/td>\n<\/tr>\n<tr style=\"text-align: justify;\">\n<td width=\"50\">201<\/td>\n<td width=\"109\">Esplanade<\/td>\n<td width=\"38\">8,4%<\/td>\n<td width=\"38\">10,7%<\/td>\n<td width=\"34\">-9,7%<\/td>\n<\/tr>\n<tr style=\"text-align: justify;\">\n<td width=\"50\">202<\/td>\n<td width=\"109\">Saint-Laurent-Lavalette<\/td>\n<td width=\"38\">12,9%<\/td>\n<td width=\"38\">18,8%<\/td>\n<td width=\"34\">-7,9%<\/td>\n<\/tr>\n<tr style=\"text-align: justify;\">\n<td width=\"50\">203<\/td>\n<td width=\"109\">Jean Jaur\u00e8s<\/td>\n<td width=\"38\">7,6%<\/td>\n<td width=\"38\">10,4%<\/td>\n<td width=\"34\">2,1%<\/td>\n<\/tr>\n<tr style=\"text-align: justify;\">\n<td width=\"50\">204<\/td>\n<td width=\"109\">Cr\u00e9qui-Victor Hugo<\/td>\n<td width=\"38\">9,0%<\/td>\n<td width=\"38\">11,9%<\/td>\n<td width=\"34\">-1,9%<\/td>\n<\/tr>\n<tr style=\"text-align: justify;\">\n<td width=\"50\">205<\/td>\n<td width=\"109\">Grenette<\/td>\n<td width=\"38\">7,2%<\/td>\n<td width=\"38\"><strong>9,7%<\/strong><\/td>\n<td width=\"34\">-16,0%<\/td>\n<\/tr>\n<tr style=\"text-align: justify;\">\n<td width=\"50\">206<\/td>\n<td width=\"109\">Saint-Andr\u00e9<\/td>\n<td width=\"38\">7,5%<\/td>\n<td width=\"38\"><strong>8,7%<\/strong><\/td>\n<td width=\"34\">-8,6%<\/td>\n<\/tr>\n<tr style=\"text-align: justify;\">\n<td width=\"50\">207<\/td>\n<td width=\"109\">Notre Dame<\/td>\n<td width=\"38\"><strong>20,6%<\/strong><\/td>\n<td width=\"38\">20,5%<\/td>\n<td width=\"34\">-2,7%<\/td>\n<\/tr>\n<tr style=\"text-align: justify;\">\n<td width=\"50\">208<\/td>\n<td width=\"109\">Trois Cours<\/td>\n<td width=\"38\"><strong>3,7%<\/strong><\/td>\n<td width=\"38\"><strong>7,5%<\/strong><\/td>\n<td width=\"34\">-17,7%<\/td>\n<\/tr>\n<tr style=\"text-align: justify;\">\n<td width=\"50\">209<\/td>\n<td width=\"109\">Ile Verte-Saint Roch<\/td>\n<td width=\"38\"><strong>4,6%<\/strong><\/td>\n<td width=\"38\"><strong>7,7%<\/strong><\/td>\n<td width=\"34\">2,7%<\/td>\n<\/tr>\n<tr style=\"text-align: justify;\">\n<td width=\"50\">210<\/td>\n<td width=\"109\">Ile Verte-Marechal Randon<\/td>\n<td width=\"38\"><strong>5,9%<\/strong><\/td>\n<td width=\"38\"><strong>7,4%<\/strong><\/td>\n<td width=\"34\">32,4%<\/td>\n<\/tr>\n<tr style=\"text-align: justify;\">\n<td width=\"50\">211<\/td>\n<td width=\"109\">G\u00e9nissieu<\/td>\n<td width=\"38\">11,3%<\/td>\n<td width=\"38\">13,5%<\/td>\n<td width=\"34\">59,6%<\/td>\n<\/tr>\n<tr style=\"text-align: justify;\">\n<td width=\"50\">212<\/td>\n<td width=\"109\">Pr\u00e9fecture<\/td>\n<td width=\"38\">7,7%<\/td>\n<td width=\"38\">10,2%<\/td>\n<td width=\"34\"><strong>63,7%<\/strong><\/td>\n<\/tr>\n<tr style=\"text-align: justify;\">\n<td width=\"50\">213<\/td>\n<td width=\"109\">Hebert-Mutualit\u00e9<\/td>\n<td width=\"38\">7,1%<\/td>\n<td width=\"38\">12,7%<\/td>\n<td width=\"34\"><strong>-32,8%<\/strong><\/td>\n<\/tr>\n<tr style=\"text-align: justify;\">\n<td width=\"50\">214<\/td>\n<td width=\"109\">Aigle<\/td>\n<td width=\"38\"><strong>5,3%<\/strong><\/td>\n<td width=\"38\"><strong>8,3%<\/strong><\/td>\n<td width=\"34\">-12,4%<\/td>\n<\/tr>\n<tr style=\"text-align: justify;\">\n<td width=\"50\">215<\/td>\n<td width=\"109\">Championnet<\/td>\n<td width=\"38\">8,8%<\/td>\n<td width=\"38\">12,1%<\/td>\n<td width=\"34\">14,4%<\/td>\n<\/tr>\n<tr style=\"text-align: justify;\">\n<td width=\"50\">216<\/td>\n<td width=\"109\">Hoche<\/td>\n<td width=\"38\">10,3%<\/td>\n<td width=\"38\">18,6%<\/td>\n<td width=\"34\">19,4%<\/td>\n<\/tr>\n<tr style=\"text-align: justify;\">\n<td width=\"50\">301<\/td>\n<td width=\"109\">Drac-Amp\u00e8re<\/td>\n<td width=\"38\">8,5%<\/td>\n<td width=\"38\">13,0%<\/td>\n<td width=\"34\"><strong>106,8%<\/strong><\/td>\n<\/tr>\n<tr style=\"text-align: justify;\">\n<td width=\"50\">302<\/td>\n<td width=\"109\">Clinique Mutualiste<\/td>\n<td width=\"38\">10,5%<\/td>\n<td width=\"38\">16,1%<\/td>\n<td width=\"34\">-6,5%<\/td>\n<\/tr>\n<tr style=\"text-align: justify;\">\n<td width=\"50\">303<\/td>\n<td width=\"109\">Vallier<\/td>\n<td width=\"38\">7,8%<\/td>\n<td width=\"38\">12,1%<\/td>\n<td width=\"34\">-14,9%<\/td>\n<\/tr>\n<tr style=\"text-align: justify;\">\n<td width=\"50\">304<\/td>\n<td width=\"109\">Jaur\u00e8s-Vallier<\/td>\n<td width=\"38\">12,4%<\/td>\n<td width=\"38\">16,8%<\/td>\n<td width=\"34\">51,9%<\/td>\n<\/tr>\n<tr style=\"text-align: justify;\">\n<td width=\"50\">305<\/td>\n<td width=\"109\">Eaux Claires-Champs Elys\u00e9es<\/td>\n<td width=\"38\">10,2%<\/td>\n<td width=\"38\">13,6%<\/td>\n<td width=\"34\">21,8%<\/td>\n<\/tr>\n<tr style=\"text-align: justify;\">\n<td width=\"50\">306<\/td>\n<td width=\"109\">Sidi-Brahim<\/td>\n<td width=\"38\">9,4%<\/td>\n<td width=\"38\">15,1%<\/td>\n<td width=\"34\"><strong>62,9%<\/strong><\/td>\n<\/tr>\n<tr style=\"text-align: justify;\">\n<td width=\"50\">307<\/td>\n<td width=\"109\">Eaux Claires-Painlev\u00e9<\/td>\n<td width=\"38\"><strong>5,0%<\/strong><\/td>\n<td width=\"38\">10,0%<\/td>\n<td width=\"34\">-4,5%<\/td>\n<\/tr>\n<tr style=\"text-align: justify;\">\n<td width=\"50\">308<\/td>\n<td width=\"109\">Houille Blanche<\/td>\n<td width=\"38\">10,3%<\/td>\n<td width=\"38\">16,0%<\/td>\n<td width=\"34\">59,5%<\/td>\n<\/tr>\n<tr style=\"text-align: justify;\">\n<td width=\"50\">309<\/td>\n<td width=\"109\">Mistral<\/td>\n<td width=\"38\"><strong>26,7%<\/strong><\/td>\n<td width=\"38\"><strong>36,8%<\/strong><\/td>\n<td width=\"34\">4,3%<\/td>\n<\/tr>\n<tr style=\"text-align: justify;\">\n<td width=\"50\">310<\/td>\n<td width=\"109\">Rondeau-Lib\u00e9ration<\/td>\n<td width=\"38\">13,1%<\/td>\n<td width=\"38\">16,8%<\/td>\n<td width=\"34\"><strong>119,3%<\/strong><\/td>\n<\/tr>\n<tr style=\"text-align: justify;\">\n<td width=\"50\">311<\/td>\n<td width=\"109\">Abry<\/td>\n<td width=\"38\">11,3%<\/td>\n<td width=\"38\">15,6%<\/td>\n<td width=\"34\">31,3%<\/td>\n<\/tr>\n<tr style=\"text-align: justify;\">\n<td width=\"50\">401<\/td>\n<td width=\"109\">Foch Ouest<\/td>\n<td width=\"38\">9,1%<\/td>\n<td width=\"38\">12,8%<\/td>\n<td width=\"34\">34,1%<\/td>\n<\/tr>\n<tr style=\"text-align: justify;\">\n<td width=\"50\">402<\/td>\n<td width=\"109\">Foch Est<\/td>\n<td width=\"38\">10,3%<\/td>\n<td width=\"38\">13,8%<\/td>\n<td width=\"34\">23,4%<\/td>\n<\/tr>\n<tr style=\"text-align: justify;\">\n<td width=\"50\">403<\/td>\n<td width=\"109\">Gustave Rivet<\/td>\n<td width=\"38\">9,4%<\/td>\n<td width=\"38\">14,5%<\/td>\n<td width=\"34\">15,3%<\/td>\n<\/tr>\n<tr style=\"text-align: justify;\">\n<td width=\"50\">404<\/td>\n<td width=\"109\">Diables Bleus<\/td>\n<td width=\"38\">9,9%<\/td>\n<td width=\"38\">13,0%<\/td>\n<td width=\"34\">34,5%<\/td>\n<\/tr>\n<tr style=\"text-align: justify;\">\n<td width=\"50\">405<\/td>\n<td width=\"109\">Cl\u00e9menceau<\/td>\n<td width=\"38\"><strong>4,6%<\/strong><\/td>\n<td width=\"38\"><strong>7,4%<\/strong><\/td>\n<td width=\"34\">14,3%<\/td>\n<\/tr>\n<tr style=\"text-align: justify;\">\n<td width=\"50\">406<\/td>\n<td width=\"109\">Reynies<\/td>\n<td width=\"38\"><strong>5,1%<\/strong><\/td>\n<td width=\"38\"><strong>9,1%<\/strong><\/td>\n<td width=\"34\">29,1%<\/td>\n<\/tr>\n<tr style=\"text-align: justify;\">\n<td width=\"50\">407<\/td>\n<td width=\"109\">Ferri\u00e9-Stalingrad<\/td>\n<td width=\"38\">9,5%<\/td>\n<td width=\"38\">15,3%<\/td>\n<td width=\"34\">42,7%<\/td>\n<\/tr>\n<tr style=\"text-align: justify;\">\n<td width=\"50\">408<\/td>\n<td width=\"109\">Peretto<\/td>\n<td width=\"38\">6,1%<\/td>\n<td width=\"38\">10,4%<\/td>\n<td width=\"34\">-8,4%<\/td>\n<\/tr>\n<tr style=\"text-align: justify;\">\n<td width=\"50\">409<\/td>\n<td width=\"109\">Bajati\u00e8re Ouest<\/td>\n<td width=\"38\">8,0%<\/td>\n<td width=\"38\">12,4%<\/td>\n<td width=\"34\">44,0%<\/td>\n<\/tr>\n<tr style=\"text-align: justify;\">\n<td width=\"50\">410<\/td>\n<td width=\"109\">Bajati\u00e8re Est<\/td>\n<td width=\"38\">6,2%<\/td>\n<td width=\"38\">10,0%<\/td>\n<td width=\"34\">-7,0%<\/td>\n<\/tr>\n<tr style=\"text-align: justify;\">\n<td width=\"50\">411<\/td>\n<td width=\"109\">Capuche<\/td>\n<td width=\"38\">8,6%<\/td>\n<td width=\"38\">12,1%<\/td>\n<td width=\"34\">59,0%<\/td>\n<\/tr>\n<tr style=\"text-align: justify;\">\n<td width=\"50\">412<\/td>\n<td width=\"109\">Alli\u00e9s-Clos d&rsquo;Or<\/td>\n<td width=\"38\">7,3%<\/td>\n<td width=\"38\">15,2%<\/td>\n<td width=\"34\"><strong>-35,9%<\/strong><\/td>\n<\/tr>\n<tr style=\"text-align: justify;\">\n<td width=\"50\">413<\/td>\n<td width=\"109\">Alpins<\/td>\n<td width=\"38\">6,0%<\/td>\n<td width=\"38\">14,0%<\/td>\n<td width=\"34\">-10,5%<\/td>\n<\/tr>\n<tr style=\"text-align: justify;\">\n<td width=\"50\">414<\/td>\n<td width=\"109\">Beauvert<\/td>\n<td width=\"38\">10,4%<\/td>\n<td width=\"38\">17,0%<\/td>\n<td width=\"34\"><strong>-54,7%<\/strong><\/td>\n<\/tr>\n<tr style=\"text-align: justify;\">\n<td width=\"50\">501<\/td>\n<td width=\"109\">Valmy<\/td>\n<td width=\"38\">11,1%<\/td>\n<td width=\"38\">16,1%<\/td>\n<td width=\"34\">9,5%<\/td>\n<\/tr>\n<tr style=\"text-align: justify;\">\n<td width=\"50\">502<\/td>\n<td width=\"109\">Jeanne d&rsquo;Arc<\/td>\n<td width=\"38\">6,5%<\/td>\n<td width=\"38\"><strong>8,6%<\/strong><\/td>\n<td width=\"34\">26,0%<\/td>\n<\/tr>\n<tr style=\"text-align: justify;\">\n<td width=\"50\">503<\/td>\n<td width=\"109\">Abbaye<\/td>\n<td width=\"38\">10,2%<\/td>\n<td width=\"38\">16,6%<\/td>\n<td width=\"34\">47,0%<\/td>\n<\/tr>\n<tr style=\"text-align: justify;\">\n<td width=\"50\">504<\/td>\n<td width=\"109\">Jouhaux<\/td>\n<td width=\"38\"><strong>22,2%<\/strong><\/td>\n<td width=\"38\"><strong>31,2%<\/strong><\/td>\n<td width=\"34\">35,7%<\/td>\n<\/tr>\n<tr style=\"text-align: justify;\">\n<td width=\"50\">505<\/td>\n<td width=\"109\">Poterne<\/td>\n<td width=\"38\"><strong>21,2%<\/strong><\/td>\n<td width=\"38\">25,5%<\/td>\n<td width=\"34\">-22,5%<\/td>\n<\/tr>\n<tr style=\"text-align: justify;\">\n<td width=\"50\">506<\/td>\n<td width=\"109\">Paul Cocat<\/td>\n<td width=\"38\">19,4%<\/td>\n<td width=\"38\"><strong>30,4%<\/strong><\/td>\n<td width=\"34\">-1,4%<\/td>\n<\/tr>\n<tr style=\"text-align: justify;\">\n<td width=\"50\">507<\/td>\n<td width=\"109\">Teisseire<\/td>\n<td width=\"38\">17,9%<\/td>\n<td width=\"38\">28,7%<\/td>\n<td width=\"34\">22,1%<\/td>\n<\/tr>\n<tr style=\"text-align: justify;\">\n<td width=\"50\">601<\/td>\n<td width=\"109\">Malherbe<\/td>\n<td width=\"38\">6,4%<\/td>\n<td width=\"38\">12,9%<\/td>\n<td width=\"34\">0,2%<\/td>\n<\/tr>\n<tr style=\"text-align: justify;\">\n<td width=\"50\">602<\/td>\n<td width=\"109\">La Bruy\u00e8re<\/td>\n<td width=\"38\"><strong>5,7%<\/strong><\/td>\n<td width=\"38\">14,3%<\/td>\n<td width=\"34\">33,7%<\/td>\n<\/tr>\n<tr style=\"text-align: justify;\">\n<td width=\"50\">603<\/td>\n<td width=\"109\">Les Trembles<\/td>\n<td width=\"38\"><strong>24,9%<\/strong><\/td>\n<td width=\"38\"><strong>37,0%<\/strong><\/td>\n<td width=\"34\">13,1%<\/td>\n<\/tr>\n<tr style=\"text-align: justify;\">\n<td width=\"50\">604<\/td>\n<td width=\"109\">Arlequin<\/td>\n<td width=\"38\"><strong>28,0%<\/strong><\/td>\n<td width=\"38\"><strong>36,2%<\/strong><\/td>\n<td width=\"34\">23,2%<\/td>\n<\/tr>\n<tr style=\"text-align: justify;\">\n<td width=\"50\">605<\/td>\n<td width=\"109\">Helbronner-G\u00e9ants<\/td>\n<td width=\"38\">13,8%<\/td>\n<td width=\"38\">25,6%<\/td>\n<td width=\"34\">1,1%<\/td>\n<\/tr>\n<tr style=\"text-align: justify;\">\n<td width=\"50\">606<\/td>\n<td width=\"109\">Constantine<\/td>\n<td width=\"38\">10,5%<\/td>\n<td width=\"38\">18,5%<\/td>\n<td width=\"34\">-6,4%<\/td>\n<\/tr>\n<tr style=\"text-align: justify;\">\n<td width=\"50\">607<\/td>\n<td width=\"109\">Baladins<\/td>\n<td width=\"38\">8,9%<\/td>\n<td width=\"38\">18,1%<\/td>\n<td width=\"34\"><strong>-37,5%<\/strong><\/td>\n<\/tr>\n<tr style=\"text-align: justify;\">\n<td width=\"50\">608<\/td>\n<td width=\"109\">Vigny-Musset<\/td>\n<td width=\"38\">10,3%<\/td>\n<td width=\"38\">18,3%<\/td>\n<td width=\"34\">20,2%<\/td>\n<\/tr>\n<tr style=\"text-align: justify;\">\n<td width=\"50\">609<\/td>\n<td width=\"109\">Village Olympique Nord<\/td>\n<td width=\"38\"><strong>25,8%<\/strong><\/td>\n<td width=\"38\"><strong>39,6%<\/strong><\/td>\n<td width=\"34\">40,3%<\/td>\n<\/tr>\n<tr style=\"text-align: justify;\">\n<td width=\"50\">610<\/td>\n<td width=\"109\">Village Olympique Sud<\/td>\n<td width=\"38\"><strong>31,5%<\/strong><\/td>\n<td width=\"38\"><strong>42,6%<\/strong><\/td>\n<td width=\"34\"><strong>66,6%<\/strong><\/td>\n<\/tr>\n<tr>\n<td style=\"text-align: justify;\" width=\"50\"><\/td>\n<td style=\"text-align: justify;\" width=\"109\"><strong>GRENOBLE<\/strong><\/td>\n<td style=\"text-align: justify;\" width=\"38\"><strong>10,8%<\/strong><\/td>\n<td style=\"text-align: justify;\" width=\"38\"><strong>16,0%<\/strong><\/td>\n<td style=\"text-align: justify;\" width=\"34\"><strong>9,1%<\/strong><\/td>\n<\/tr>\n<\/tbody>\n<\/table>\n<p>&nbsp;<\/p>\n","protected":false},"excerpt":{"rendered":"<p>\u00a0Suivant les derniers chiffres du recensement (donn\u00e9es 2013), il y a 25 588 immigr\u00e9s \u00e0 Grenoble, soit 16 % de la population. Le nombre d\u2019\u00e9trangers pr\u00e9sents dans la commune est plus faible 17\u00a0334 (soit 10,8 % de la population) compte tenu des d\u00e9finitions retenues par l\u2019INSEE. \u00ab\u00a0Selon la d\u00e9finition adopt\u00e9e par le Haut Conseil \u00e0 [&hellip;]<\/p>\n","protected":false},"author":1,"featured_media":0,"comment_status":"closed","ping_status":"open","sticky":false,"template":"","format":"standard","meta":{"twitterCardType":"","cardImageID":0,"cardImage":"","cardTitle":"","cardDesc":"","cardImageAlt":"","cardPlayer":"","cardPlayerWidth":0,"cardPlayerHeight":0,"cardPlayerStream":"","cardPlayerCodec":"","footnotes":""},"categories":[62,11],"tags":[215,192,261],"class_list":["post-12474","post","type-post","status-publish","format-standard","hentry","category-le-rouge-le-vert-hebdo","category-politique-locale","tag-grenoble","tag-immigration","tag-population"],"_links":{"self":[{"href":"https:\/\/www.ades-grenoble.org\/wordpress\/wp-json\/wp\/v2\/posts\/12474","targetHints":{"allow":["GET"]}}],"collection":[{"href":"https:\/\/www.ades-grenoble.org\/wordpress\/wp-json\/wp\/v2\/posts"}],"about":[{"href":"https:\/\/www.ades-grenoble.org\/wordpress\/wp-json\/wp\/v2\/types\/post"}],"author":[{"embeddable":true,"href":"https:\/\/www.ades-grenoble.org\/wordpress\/wp-json\/wp\/v2\/users\/1"}],"replies":[{"embeddable":true,"href":"https:\/\/www.ades-grenoble.org\/wordpress\/wp-json\/wp\/v2\/comments?post=12474"}],"version-history":[{"count":3,"href":"https:\/\/www.ades-grenoble.org\/wordpress\/wp-json\/wp\/v2\/posts\/12474\/revisions"}],"predecessor-version":[{"id":12480,"href":"https:\/\/www.ades-grenoble.org\/wordpress\/wp-json\/wp\/v2\/posts\/12474\/revisions\/12480"}],"wp:attachment":[{"href":"https:\/\/www.ades-grenoble.org\/wordpress\/wp-json\/wp\/v2\/media?parent=12474"}],"wp:term":[{"taxonomy":"category","embeddable":true,"href":"https:\/\/www.ades-grenoble.org\/wordpress\/wp-json\/wp\/v2\/categories?post=12474"},{"taxonomy":"post_tag","embeddable":true,"href":"https:\/\/www.ades-grenoble.org\/wordpress\/wp-json\/wp\/v2\/tags?post=12474"}],"curies":[{"name":"wp","href":"https:\/\/api.w.org\/{rel}","templated":true}]}}