{"id":12485,"date":"2017-01-20T17:18:53","date_gmt":"2017-01-20T16:18:53","guid":{"rendered":"http:\/\/www.ades-grenoble.org\/wordpress\/?p=12485"},"modified":"2017-01-20T18:31:55","modified_gmt":"2017-01-20T17:31:55","slug":"pas-assez-denergies-renouvelables-en-france","status":"publish","type":"post","link":"https:\/\/www.ades-grenoble.org\/wordpress\/2017\/01\/20\/pas-assez-denergies-renouvelables-en-france\/","title":{"rendered":"Pas assez d\u2019\u00e9nergies renouvelables en France"},"content":{"rendered":"<p style=\"text-align: justify;\"><img loading=\"lazy\" decoding=\"async\" class=\"size-full wp-image-10559 alignleft\" src=\"http:\/\/www.ades-grenoble.org\/wordpress\/wp-content\/uploads\/2015\/08\/panneaux-solaires-eoliennes.jpg\" alt=\"\" width=\"220\" height=\"220\" srcset=\"https:\/\/www.ades-grenoble.org\/wordpress\/wp-content\/uploads\/2015\/08\/panneaux-solaires-eoliennes.jpg 220w, https:\/\/www.ades-grenoble.org\/wordpress\/wp-content\/uploads\/2015\/08\/panneaux-solaires-eoliennes-150x150.jpg 150w, https:\/\/www.ades-grenoble.org\/wordpress\/wp-content\/uploads\/2015\/08\/panneaux-solaires-eoliennes-144x144.jpg 144w\" sizes=\"auto, (max-width: 220px) 100vw, 220px\" \/>Au moment o\u00f9 il y a une insuffisance de production d\u2019\u00e9lectricit\u00e9 pendant la p\u00e9riode de grand froid \u00e0 cause de la trop grande importance du chauffage \u00e9lectrique d\u00e9velopp\u00e9 \u00e0 outrance pour justifier le programme nucl\u00e9aire, il est int\u00e9ressant de s\u2019interroger sur le rythme de d\u00e9veloppement des \u00e9nergies renouvelables dans notre pays.<\/p>\n<p style=\"text-align: justify;\"><em>\u00ab\u00a0Observ\u2019ER<\/em>\u00a0\u00bb (Observatoire des \u00e9nergies renouvelables), cr\u00e9\u00e9 en 1979 publie tous les deux mois un barom\u00e8tre d\u00e9crivant le d\u00e9veloppement des \u00e9nergies renouvelables en Europe. Il vient de publier, le 10 janvier <em>\u00ab Le\u00a0Barom\u00e8tre 2016 des \u00e9nergies renouvelables \u00e9lectriques en France\u00a0\u00bb<\/em><em>.<\/em> Il s\u2019av\u00e8re que le d\u00e9veloppement actuel des \u00e9nergies renouvelable est en augmentation de 5% par rapport \u00e0 l\u2019ann\u00e9e pr\u00e9c\u00e9dente mais c\u2019est insuffisant <strong>pour atteindre les objectifs nationaux \u00e0 2023 ou 2030.<\/strong><\/p>\n<p style=\"text-align: justify;\">Les \u00e9nergies renouvelables repr\u00e9sentent aujourd&rsquo;hui de l&rsquo;ordre de 23% de la consommation \u00e9lectrique du pays alors que la PPE a fix\u00e9 un objectif de 40% en 2030 et le rythme actuel ne permettrait pas d\u2019atteindre cet objectif. La capacit\u00e9 install\u00e9e en France n\u2019est que le dixi\u00e8me de celle en Allemagne.<\/p>\n<p style=\"text-align: justify;\">Le Barom\u00e8tre pr\u00e9sente l\u2019\u00e9tat de la puissance \u00e9lectrique en \u00e9nergies renouvelables par r\u00e9gions en 2014 et 2015.<\/p>\n<p style=\"text-align: justify;\"><!--more--><\/p>\n<p style=\"text-align: justify;\">Pour Auvergne Rh\u00f4ne-Alpes la puissance totale est de 12,8 GW, domin\u00e9 par l\u2019hydro\u00e9lectrique (11,6 GW). L\u2019\u00e9olien est \u00e0 402 MW, le photovolta\u00efque \u00e0 646 MW, la biomasse solide \u00e0 137 MW et le biogaz \u00e0 28 MW.<\/p>\n<p style=\"text-align: justify;\">Les objectifs pour 2020\u00a0: 11,9 GW pour l\u2019hydraulique, 2GW pour l\u2019\u00e9olien et 2,6 GW pour le photovolta\u00efque.<\/p>\n<p style=\"text-align: justify;\">Pour 2050\u00a0: 14,7 GW pour l\u2019hydraulique, 20 GW pour l\u2019\u00e9olien, 6,1 GW pour le photovolta\u00efque au sol et 46 GW pour le photovolta\u00efque sur toiture.<\/p>\n<p style=\"text-align: justify;\">On voit l\u2019ampleur des investissements \u00e0 faire pour tenir les engagements pour 2020 et 2050.<\/p>\n<p style=\"text-align: justify;\">Pour lire le barom\u00e8tre, t\u00e9l\u00e9charger <a href=\"http:\/\/www.energies-renouvelables.org\/observ-er\/html\/energie_renouvelable_france\/Observ-ER-Barometre-Electrique-2016-Integral.pdf\" target=\"_blank\">ce document<\/a>.<\/p>\n<p style=\"text-align: justify;\">Ce retard dans le d\u00e9veloppement des \u00e9nergies renouvelables est confirm\u00e9 par l\u2019Agence Internationale de l\u2019Energie dans <a href=\"http:\/\/www.iea.org\/publications\/freepublications\/publication\/energy-policies-of-iea-countries---france-2016-review.html\" target=\"_blank\">sa publication 2017 sur la politique \u00e9nerg\u00e9tique fran\u00e7aise<\/a> (en anglais).<\/p>\n<p style=\"text-align: justify;\">\n","protected":false},"excerpt":{"rendered":"<p>Au moment o\u00f9 il y a une insuffisance de production d\u2019\u00e9lectricit\u00e9 pendant la p\u00e9riode de grand froid \u00e0 cause de la trop grande importance du chauffage \u00e9lectrique d\u00e9velopp\u00e9 \u00e0 outrance pour justifier le programme nucl\u00e9aire, il est int\u00e9ressant de s\u2019interroger sur le rythme de d\u00e9veloppement des \u00e9nergies renouvelables dans notre pays. \u00ab\u00a0Observ\u2019ER\u00a0\u00bb (Observatoire des \u00e9nergies [&hellip;]<\/p>\n","protected":false},"author":1,"featured_media":0,"comment_status":"closed","ping_status":"open","sticky":false,"template":"","format":"standard","meta":{"twitterCardType":"","cardImageID":0,"cardImage":"","cardTitle":"","cardDesc":"","cardImageAlt":"","cardPlayer":"","cardPlayerWidth":0,"cardPlayerHeight":0,"cardPlayerStream":"","cardPlayerCodec":"","footnotes":""},"categories":[62,11],"tags":[242,235],"class_list":["post-12485","post","type-post","status-publish","format-standard","hentry","category-le-rouge-le-vert-hebdo","category-politique-locale","tag-developpement-durable","tag-energie"],"_links":{"self":[{"href":"https:\/\/www.ades-grenoble.org\/wordpress\/wp-json\/wp\/v2\/posts\/12485","targetHints":{"allow":["GET"]}}],"collection":[{"href":"https:\/\/www.ades-grenoble.org\/wordpress\/wp-json\/wp\/v2\/posts"}],"about":[{"href":"https:\/\/www.ades-grenoble.org\/wordpress\/wp-json\/wp\/v2\/types\/post"}],"author":[{"embeddable":true,"href":"https:\/\/www.ades-grenoble.org\/wordpress\/wp-json\/wp\/v2\/users\/1"}],"replies":[{"embeddable":true,"href":"https:\/\/www.ades-grenoble.org\/wordpress\/wp-json\/wp\/v2\/comments?post=12485"}],"version-history":[{"count":1,"href":"https:\/\/www.ades-grenoble.org\/wordpress\/wp-json\/wp\/v2\/posts\/12485\/revisions"}],"predecessor-version":[{"id":12486,"href":"https:\/\/www.ades-grenoble.org\/wordpress\/wp-json\/wp\/v2\/posts\/12485\/revisions\/12486"}],"wp:attachment":[{"href":"https:\/\/www.ades-grenoble.org\/wordpress\/wp-json\/wp\/v2\/media?parent=12485"}],"wp:term":[{"taxonomy":"category","embeddable":true,"href":"https:\/\/www.ades-grenoble.org\/wordpress\/wp-json\/wp\/v2\/categories?post=12485"},{"taxonomy":"post_tag","embeddable":true,"href":"https:\/\/www.ades-grenoble.org\/wordpress\/wp-json\/wp\/v2\/tags?post=12485"}],"curies":[{"name":"wp","href":"https:\/\/api.w.org\/{rel}","templated":true}]}}