{"id":12501,"date":"2017-01-20T18:31:04","date_gmt":"2017-01-20T17:31:04","guid":{"rendered":"http:\/\/www.ades-grenoble.org\/wordpress\/?p=12501"},"modified":"2017-01-20T18:42:51","modified_gmt":"2017-01-20T17:42:51","slug":"agenda-34","status":"publish","type":"post","link":"https:\/\/www.ades-grenoble.org\/wordpress\/2017\/01\/20\/agenda-34\/","title":{"rendered":"Agenda"},"content":{"rendered":"<p style=\"text-align: justify;\"><img loading=\"lazy\" decoding=\"async\" class=\"size-full wp-image-12502 alignleft\" style=\"height: auto; max-width: 100%; outline-width: 1px; outline-style: solid; outline-color: #72777c; resize: none;\" src=\"http:\/\/www.ades-grenoble.org\/wordpress\/wp-content\/uploads\/2017\/01\/ManifMigrants.jpg\" alt=\"\" width=\"350\" height=\"96\" srcset=\"https:\/\/www.ades-grenoble.org\/wordpress\/wp-content\/uploads\/2017\/01\/ManifMigrants.jpg 350w, https:\/\/www.ades-grenoble.org\/wordpress\/wp-content\/uploads\/2017\/01\/ManifMigrants-150x41.jpg 150w, https:\/\/www.ades-grenoble.org\/wordpress\/wp-content\/uploads\/2017\/01\/ManifMigrants-300x82.jpg 300w\" sizes=\"auto, (max-width: 350px) 100vw, 350px\" \/><strong>Samedi 21 janvier, manifestation r\u00e9gionale de soutien aux migrants \u00e0 14 h 30<\/strong><strong>, <\/strong>place F\u00e9lix Poulat \u00e0 Grenoble \u00e0 l\u2019appel de la Coordination r\u00e9gionale Rh\u00f4ne-Alpes de soutien aux Sans-papiers et <a href=\"http:\/\/www.ciip.fr\/spip.php?evenement1190\" target=\"_blank\">de nombreux soutiens<\/a>.<\/p>\n<p style=\"text-align: justify;\"><strong>Vendredi 26 janvier \u00e0 19h, rencontre avec Patrick Chamoiseau<\/strong>, \u00e9crivain de la cr\u00e9olit\u00e9<strong>\u00a0<\/strong>\u00e0 AMAL (57 avenue Mar\u00e9chal Randon)<\/p>\n<p style=\"text-align: justify;\"><strong>Samedi 28 janvier 2017 \u00e0 18 heures, v\u0153ux de la mairie \u00e0 la Plateforme <\/strong>(ancien mus\u00e9e de peinture, Place de Verdun) et lancement de la <strong>Biennale des<\/strong> <strong>villes en transition<\/strong><\/p>\n<p style=\"text-align: justify;\"><strong>Samedi 28 janvier 2017<\/strong>, <strong>6 heures de solidarit\u00e9 avec les d\u00e9mocrates turcs et les populations kurdes<\/strong> de 14h \u00e0 19h salle Ambroise Croizat \u00e0 Saint Martin d&rsquo;H\u00e8res (3 rue Henri Revoy)<\/p>\n<p style=\"text-align: justify;\"><!--more--><\/p>\n<p style=\"text-align: justify;\">14h-16h30 : table ronde avec Eyyup Doru repr\u00e9sentant du HDP Europe, Jean-Jacques Guigon, responsable \u00ab\u00a0Europe international\u00a0\u00bb CGT, un \u00e9lu, Maryvonne Math\u00e9oud et Ali Polat copr\u00e9sident-e-s de l\u2019Association Is\u00e9roise d&rsquo;Amiti\u00e9 avec les Kurdes (AIAK)\u00a017h \u2013 18h\u00a0: Buffet<\/p>\n","protected":false},"excerpt":{"rendered":"<p>Samedi 21 janvier, manifestation r\u00e9gionale de soutien aux migrants \u00e0 14 h 30, place F\u00e9lix Poulat \u00e0 Grenoble \u00e0 l\u2019appel de la Coordination r\u00e9gionale Rh\u00f4ne-Alpes de soutien aux Sans-papiers et de nombreux soutiens. Vendredi 26 janvier \u00e0 19h, rencontre avec Patrick Chamoiseau, \u00e9crivain de la cr\u00e9olit\u00e9\u00a0\u00e0 AMAL (57 avenue Mar\u00e9chal Randon) Samedi 28 janvier 2017 [&hellip;]<\/p>\n","protected":false},"author":1,"featured_media":0,"comment_status":"closed","ping_status":"open","sticky":false,"template":"","format":"standard","meta":{"twitterCardType":"","cardImageID":0,"cardImage":"","cardTitle":"","cardDesc":"","cardImageAlt":"","cardPlayer":"","cardPlayerWidth":0,"cardPlayerHeight":0,"cardPlayerStream":"","cardPlayerCodec":"","footnotes":""},"categories":[62,11],"tags":[125],"class_list":["post-12501","post","type-post","status-publish","format-standard","hentry","category-le-rouge-le-vert-hebdo","category-politique-locale","tag-agenda"],"_links":{"self":[{"href":"https:\/\/www.ades-grenoble.org\/wordpress\/wp-json\/wp\/v2\/posts\/12501","targetHints":{"allow":["GET"]}}],"collection":[{"href":"https:\/\/www.ades-grenoble.org\/wordpress\/wp-json\/wp\/v2\/posts"}],"about":[{"href":"https:\/\/www.ades-grenoble.org\/wordpress\/wp-json\/wp\/v2\/types\/post"}],"author":[{"embeddable":true,"href":"https:\/\/www.ades-grenoble.org\/wordpress\/wp-json\/wp\/v2\/users\/1"}],"replies":[{"embeddable":true,"href":"https:\/\/www.ades-grenoble.org\/wordpress\/wp-json\/wp\/v2\/comments?post=12501"}],"version-history":[{"count":3,"href":"https:\/\/www.ades-grenoble.org\/wordpress\/wp-json\/wp\/v2\/posts\/12501\/revisions"}],"predecessor-version":[{"id":12508,"href":"https:\/\/www.ades-grenoble.org\/wordpress\/wp-json\/wp\/v2\/posts\/12501\/revisions\/12508"}],"wp:attachment":[{"href":"https:\/\/www.ades-grenoble.org\/wordpress\/wp-json\/wp\/v2\/media?parent=12501"}],"wp:term":[{"taxonomy":"category","embeddable":true,"href":"https:\/\/www.ades-grenoble.org\/wordpress\/wp-json\/wp\/v2\/categories?post=12501"},{"taxonomy":"post_tag","embeddable":true,"href":"https:\/\/www.ades-grenoble.org\/wordpress\/wp-json\/wp\/v2\/tags?post=12501"}],"curies":[{"name":"wp","href":"https:\/\/api.w.org\/{rel}","templated":true}]}}