{"id":12535,"date":"2017-01-27T16:21:47","date_gmt":"2017-01-27T15:21:47","guid":{"rendered":"http:\/\/www.ades-grenoble.org\/wordpress\/?p=12535"},"modified":"2017-01-27T16:45:57","modified_gmt":"2017-01-27T15:45:57","slug":"le-rouge-et-le-vert-atteint-son-300eme-numero","status":"publish","type":"post","link":"https:\/\/www.ades-grenoble.org\/wordpress\/2017\/01\/27\/le-rouge-et-le-vert-atteint-son-300eme-numero\/","title":{"rendered":"Le Rouge et le Vert atteint son 300\u00e8me num\u00e9ro !"},"content":{"rendered":"<p style=\"text-align: justify;\"><img loading=\"lazy\" decoding=\"async\" class=\"size-medium wp-image-12536 alignleft\" src=\"http:\/\/www.ades-grenoble.org\/wordpress\/wp-content\/uploads\/2017\/01\/GEA-RougeVert-300x138.jpg\" alt=\"\" width=\"300\" height=\"138\" srcset=\"https:\/\/www.ades-grenoble.org\/wordpress\/wp-content\/uploads\/2017\/01\/GEA-RougeVert-300x138.jpg 300w, https:\/\/www.ades-grenoble.org\/wordpress\/wp-content\/uploads\/2017\/01\/GEA-RougeVert-150x69.jpg 150w, https:\/\/www.ades-grenoble.org\/wordpress\/wp-content\/uploads\/2017\/01\/GEA-RougeVert-600x276.jpg 600w, https:\/\/www.ades-grenoble.org\/wordpress\/wp-content\/uploads\/2017\/01\/GEA-RougeVert.jpg 649w\" sizes=\"auto, (max-width: 300px) 100vw, 300px\" \/>Le Rouge et le Vert existe depuis 1983. Journal papier il a \u00e9t\u00e9 remplac\u00e9 \u00e0 partir de mars 2010 par la version num\u00e9rique que vous connaissez.<\/p>\n<p style=\"text-align: justify;\">Voil\u00e0 ce que nous \u00e9crivions dans le 1<sup>er<\/sup> num\u00e9ro, il y a 34 ans, pour justifier de ce titre qui a une connotation \u00e9videmment politique mais pas que\u2026<\/p>\n<p style=\"text-align: justify;\"><!--more--><\/p>\n<p style=\"text-align: justify;\"><em>\u00ab\u00a0Pourquoi Le Rouge et le Vert\u00a0? S\u2019agit-il d\u2019une lecture daltonienne de l\u2019\u0153uvre de Henri Beyle\u00a0?\u2026 Certains penseront aux couleurs de la l\u00e9gion \u00e9trang\u00e8re, d\u2019autres \u00e0 un symbolisme politique ou \u00e0 une politique symbolique. Lisons plut\u00f4t l\u2019interpr\u00e9tation de Jo\u00ebl de Rosnay dans \u00ab\u00a0les chemins de la vie\u00a0\u00bb : parmi les couleurs chatoyantes de la vie, celles que nous connaissons peut-\u00eatre le mieux sont le rouge et le vert, tons compl\u00e9mentaires qui composent la palette des peintres. Le rouge du sang, c\u2019est l\u2019h\u00e9moglobine. Le vert des feuilles la chlorophylle. Deux pigments essentiels de la vie, mais que tout semble s\u00e9parer, comme la fronti\u00e8re entre le monde animal et le monde v\u00e9g\u00e9tal. Et pourtant la structure chimique de base qui les compose est tr\u00e8s voisine\u2026 Sans les plantes pas d\u2019animaux, sans les animaux, pas de plantes\u00a0: compl\u00e9mentarit\u00e9 et interd\u00e9pendance\u2026\u00a0\u00bb<\/em><\/p>\n<p style=\"text-align: justify;\">C\u2019est pourquoi nous lions solidarit\u00e9 et \u00e9cologie, le rouge et le vert, le tout ciment\u00e9 par la d\u00e9mocratie. C\u2019est un beau programme politique.<\/p>\n","protected":false},"excerpt":{"rendered":"<p>Le Rouge et le Vert existe depuis 1983. Journal papier il a \u00e9t\u00e9 remplac\u00e9 \u00e0 partir de mars 2010 par la version num\u00e9rique que vous connaissez. Voil\u00e0 ce que nous \u00e9crivions dans le 1er num\u00e9ro, il y a 34 ans, pour justifier de ce titre qui a une connotation \u00e9videmment politique mais pas que\u2026<\/p>\n","protected":false},"author":1,"featured_media":0,"comment_status":"closed","ping_status":"open","sticky":false,"template":"","format":"standard","meta":{"twitterCardType":"","cardImageID":0,"cardImage":"","cardTitle":"","cardDesc":"","cardImageAlt":"","cardPlayer":"","cardPlayerWidth":0,"cardPlayerHeight":0,"cardPlayerStream":"","cardPlayerCodec":"","footnotes":""},"categories":[62,11],"tags":[215,195,139],"class_list":["post-12535","post","type-post","status-publish","format-standard","hentry","category-le-rouge-le-vert-hebdo","category-politique-locale","tag-grenoble","tag-histoire","tag-medias"],"_links":{"self":[{"href":"https:\/\/www.ades-grenoble.org\/wordpress\/wp-json\/wp\/v2\/posts\/12535","targetHints":{"allow":["GET"]}}],"collection":[{"href":"https:\/\/www.ades-grenoble.org\/wordpress\/wp-json\/wp\/v2\/posts"}],"about":[{"href":"https:\/\/www.ades-grenoble.org\/wordpress\/wp-json\/wp\/v2\/types\/post"}],"author":[{"embeddable":true,"href":"https:\/\/www.ades-grenoble.org\/wordpress\/wp-json\/wp\/v2\/users\/1"}],"replies":[{"embeddable":true,"href":"https:\/\/www.ades-grenoble.org\/wordpress\/wp-json\/wp\/v2\/comments?post=12535"}],"version-history":[{"count":1,"href":"https:\/\/www.ades-grenoble.org\/wordpress\/wp-json\/wp\/v2\/posts\/12535\/revisions"}],"predecessor-version":[{"id":12537,"href":"https:\/\/www.ades-grenoble.org\/wordpress\/wp-json\/wp\/v2\/posts\/12535\/revisions\/12537"}],"wp:attachment":[{"href":"https:\/\/www.ades-grenoble.org\/wordpress\/wp-json\/wp\/v2\/media?parent=12535"}],"wp:term":[{"taxonomy":"category","embeddable":true,"href":"https:\/\/www.ades-grenoble.org\/wordpress\/wp-json\/wp\/v2\/categories?post=12535"},{"taxonomy":"post_tag","embeddable":true,"href":"https:\/\/www.ades-grenoble.org\/wordpress\/wp-json\/wp\/v2\/tags?post=12535"}],"curies":[{"name":"wp","href":"https:\/\/api.w.org\/{rel}","templated":true}]}}