{"id":12538,"date":"2017-01-27T16:44:10","date_gmt":"2017-01-27T15:44:10","guid":{"rendered":"http:\/\/www.ades-grenoble.org\/wordpress\/?p=12538"},"modified":"2017-01-27T16:46:07","modified_gmt":"2017-01-27T15:46:07","slug":"agenda-35","status":"publish","type":"post","link":"https:\/\/www.ades-grenoble.org\/wordpress\/2017\/01\/27\/agenda-35\/","title":{"rendered":"Agenda"},"content":{"rendered":"<p style=\"text-align: justify;\"><strong><img loading=\"lazy\" decoding=\"async\" class=\"size-medium wp-image-12539 alignleft\" src=\"http:\/\/www.ades-grenoble.org\/wordpress\/wp-content\/uploads\/2017\/01\/Rob-Hopkins-300x200.jpg\" alt=\"\" width=\"300\" height=\"200\" srcset=\"https:\/\/www.ades-grenoble.org\/wordpress\/wp-content\/uploads\/2017\/01\/Rob-Hopkins-300x200.jpg 300w, https:\/\/www.ades-grenoble.org\/wordpress\/wp-content\/uploads\/2017\/01\/Rob-Hopkins-150x100.jpg 150w, https:\/\/www.ades-grenoble.org\/wordpress\/wp-content\/uploads\/2017\/01\/Rob-Hopkins-600x399.jpg 600w, https:\/\/www.ades-grenoble.org\/wordpress\/wp-content\/uploads\/2017\/01\/Rob-Hopkins.jpg 700w\" sizes=\"auto, (max-width: 300px) 100vw, 300px\" \/>Samedi 28 janvier\u00a0:<\/strong><\/p>\n<ul>\n<li style=\"text-align: justify;\"><strong>\u00e0 15h \u00e0 l\u2019H\u00f4tel de Ville, <\/strong>conf\u00e9rence de Rob Hopkins, fondateur du r\u00e9seau des villes en transition\u00a0: <em>\u00ab\u00a0Du village \u00e0 la m\u00e9tropole : quelle \u00e9chelle pour la transition ?\u00a0\u00bb<\/em><\/li>\n<li style=\"text-align: justify;\"><strong>\u00e0 18 h \u00e0 la Plateforme (Place de Verdun) v\u0153ux de la ville<\/strong><\/li>\n<\/ul>\n","protected":false},"excerpt":{"rendered":"<p>Samedi 28 janvier\u00a0: \u00e0 15h \u00e0 l\u2019H\u00f4tel de Ville, conf\u00e9rence de Rob Hopkins, fondateur du r\u00e9seau des villes en transition\u00a0: \u00ab\u00a0Du village \u00e0 la m\u00e9tropole : quelle \u00e9chelle pour la transition ?\u00a0\u00bb \u00e0 18 h \u00e0 la Plateforme (Place de Verdun) v\u0153ux de la ville<\/p>\n","protected":false},"author":1,"featured_media":0,"comment_status":"closed","ping_status":"open","sticky":false,"template":"","format":"standard","meta":{"twitterCardType":"","cardImageID":0,"cardImage":"","cardTitle":"","cardDesc":"","cardImageAlt":"","cardPlayer":"","cardPlayerWidth":0,"cardPlayerHeight":0,"cardPlayerStream":"","cardPlayerCodec":"","footnotes":""},"categories":[62,11],"tags":[125],"class_list":["post-12538","post","type-post","status-publish","format-standard","hentry","category-le-rouge-le-vert-hebdo","category-politique-locale","tag-agenda"],"_links":{"self":[{"href":"https:\/\/www.ades-grenoble.org\/wordpress\/wp-json\/wp\/v2\/posts\/12538","targetHints":{"allow":["GET"]}}],"collection":[{"href":"https:\/\/www.ades-grenoble.org\/wordpress\/wp-json\/wp\/v2\/posts"}],"about":[{"href":"https:\/\/www.ades-grenoble.org\/wordpress\/wp-json\/wp\/v2\/types\/post"}],"author":[{"embeddable":true,"href":"https:\/\/www.ades-grenoble.org\/wordpress\/wp-json\/wp\/v2\/users\/1"}],"replies":[{"embeddable":true,"href":"https:\/\/www.ades-grenoble.org\/wordpress\/wp-json\/wp\/v2\/comments?post=12538"}],"version-history":[{"count":1,"href":"https:\/\/www.ades-grenoble.org\/wordpress\/wp-json\/wp\/v2\/posts\/12538\/revisions"}],"predecessor-version":[{"id":12540,"href":"https:\/\/www.ades-grenoble.org\/wordpress\/wp-json\/wp\/v2\/posts\/12538\/revisions\/12540"}],"wp:attachment":[{"href":"https:\/\/www.ades-grenoble.org\/wordpress\/wp-json\/wp\/v2\/media?parent=12538"}],"wp:term":[{"taxonomy":"category","embeddable":true,"href":"https:\/\/www.ades-grenoble.org\/wordpress\/wp-json\/wp\/v2\/categories?post=12538"},{"taxonomy":"post_tag","embeddable":true,"href":"https:\/\/www.ades-grenoble.org\/wordpress\/wp-json\/wp\/v2\/tags?post=12538"}],"curies":[{"name":"wp","href":"https:\/\/api.w.org\/{rel}","templated":true}]}}