{"id":12606,"date":"2017-02-17T15:41:02","date_gmt":"2017-02-17T14:41:02","guid":{"rendered":"http:\/\/www.ades-grenoble.org\/wordpress\/?p=12606"},"modified":"2017-02-17T16:14:45","modified_gmt":"2017-02-17T15:14:45","slug":"soutien-a-solexine-2","status":"publish","type":"post","link":"https:\/\/www.ades-grenoble.org\/wordpress\/2017\/02\/17\/soutien-a-solexine-2\/","title":{"rendered":"Soutien \u00e0 Solexine"},"content":{"rendered":"<p style=\"text-align: justify;\"><img loading=\"lazy\" decoding=\"async\" class=\"size-medium wp-image-12608 alignleft\" src=\"http:\/\/www.ades-grenoble.org\/wordpress\/wp-content\/uploads\/2017\/02\/Solexine2-300x144.jpg\" alt=\"\" width=\"300\" height=\"144\" srcset=\"https:\/\/www.ades-grenoble.org\/wordpress\/wp-content\/uploads\/2017\/02\/Solexine2-300x144.jpg 300w, https:\/\/www.ades-grenoble.org\/wordpress\/wp-content\/uploads\/2017\/02\/Solexine2-150x72.jpg 150w, https:\/\/www.ades-grenoble.org\/wordpress\/wp-content\/uploads\/2017\/02\/Solexine2.jpg 350w\" sizes=\"auto, (max-width: 300px) 100vw, 300px\" \/>Solexine, dont l\u2019existence m\u00eame a \u00e9t\u00e9 menac\u00e9e par les suppressions ou diminution des subventions de la R\u00e9gion et du d\u00e9partement (la ville maintenant la sienne) a pris des d\u00e9cisions drastiques pour maintenir son existence. Rappelons que Solexine, remplit une mission importante depuis 20 ans en direction des pr\u00e9caires, des fragilis\u00e9s, des handicap\u00e9s\u2026<\/p>\n<p style=\"text-align: justify;\">L\u2019association vient d\u2019envoyer une lettre ouverte pour expliquer sa situation et les restructurations envisag\u00e9es\u00a0:<\/p>\n<p style=\"text-align: justify;\"><em>\u00ab\u00a0Aux membres du comit\u00e9 de soutien, aux \u00e9lu-e-s de la Ville de Grenoble, de la M\u00e9tropole, du D\u00e9partement et de la R\u00e9gion, aux partenaires, aux artistes, aux institutions du Social, de la Culture et de l\u2019\u00c9ducation populaire et \u00e0 tous ceux et celles qui sont sensibles \u00e0 l\u2019action de Solexine&#8230; Aux m\u00e9dias attentifs.<\/em><\/p>\n<p style=\"text-align: justify;\"><!--more--><\/p>\n<p style=\"text-align: justify;\"><em>Les financements :<br \/>\n<\/em><\/p>\n<p style=\"text-align: justify;\"><em>Ils ne sont toujours pas acquis de mani\u00e8re d\u00e9finitive. Nous avons effectivement, sur le papier de la simulation, presque atteint l\u2019objectif souhait\u00e9 pour le maintien de l\u2019activit\u00e9 de Solexine, durant cette ann\u00e9e de transition. Mais il reste n\u00e9cessaire que les engagements se concr\u00e9tisent pour que nous puissions initier les transformations envisag\u00e9es. Nous y travaillons et les r\u00e9ponses ne devraient pas tarder \u00e0 se dessiner. Elles sont li\u00e9es aux proc\u00e9dures normales d\u2019attribution de financements (commission d\u2019avis, d\u00e9lib\u00e9ration etc.).<\/em><\/p>\n<p style=\"text-align: justify;\"><em>Proc\u00e9dure de licenciement sur un poste de permanent\u00a0:<\/em><\/p>\n<p style=\"text-align: justify;\"><em>Suite \u00e0 la table-ronde du 26 janvier 2017, le bureau, qui s\u2019est r\u00e9uni le 31 janvier, a d\u00e9cid\u00e9 au vu des engagements (et d\u00e9sengagements) des collectivit\u00e9s sollicit\u00e9es, d\u2019initier dans un premier temps une proc\u00e9dure de licenciement \u00e9conomique sur un des deux postes salari\u00e9s de l\u2019association.<\/em><\/p>\n<p style=\"text-align: justify;\"><em>Cette d\u00e9cision a \u00e9t\u00e9 prise en concertation avec l\u2019\u00e9quipe salari\u00e9e. Un entretien pr\u00e9alable au licenciement a lieu, conform\u00e9ment \u00e0 la proc\u00e9dure, le jeudi 9 f\u00e9vrier.<\/em><\/p>\n<p style=\"text-align: justify;\"><em>Nous esp\u00e9rons pouvoir maintenir le poste salari\u00e9 restant en 2017 et nous devons poursuivre nos d\u00e9marches avec les collectivit\u00e9s pour que cet espoir se concr\u00e9tise\u2026<\/em><\/p>\n<p style=\"text-align: justify;\"><em>Rappelons qu\u2019\u00e0 l\u2019issue de cette ann\u00e9e de chantier, les financements exceptionnels s\u2019arr\u00eateront. Nous devrons \u00eatre en capacit\u00e9 de repositionner Solexine avec une autre structuration des financements que celle en cours. Une des pistes pourrait \u00eatre de pond\u00e9rer les sources de financement entre le \u00ab social \u00bb et le \u00ab culturel \u00bb\u2026 Mais \u00e9galement \u00e9largir le champ des partenaires en r\u00e9\u00e9quilibrant les volumes de financement de Solexine\u2026\u00a0\u00bb<\/em><\/p>\n","protected":false},"excerpt":{"rendered":"<p>Solexine, dont l\u2019existence m\u00eame a \u00e9t\u00e9 menac\u00e9e par les suppressions ou diminution des subventions de la R\u00e9gion et du d\u00e9partement (la ville maintenant la sienne) a pris des d\u00e9cisions drastiques pour maintenir son existence. Rappelons que Solexine, remplit une mission importante depuis 20 ans en direction des pr\u00e9caires, des fragilis\u00e9s, des handicap\u00e9s\u2026 L\u2019association vient d\u2019envoyer [&hellip;]<\/p>\n","protected":false},"author":1,"featured_media":0,"comment_status":"closed","ping_status":"open","sticky":false,"template":"","format":"standard","meta":{"twitterCardType":"","cardImageID":0,"cardImage":"","cardTitle":"","cardDesc":"","cardImageAlt":"","cardPlayer":"","cardPlayerWidth":0,"cardPlayerHeight":0,"cardPlayerStream":"","cardPlayerCodec":"","footnotes":""},"categories":[62,11],"tags":[37,181],"class_list":["post-12606","post","type-post","status-publish","format-standard","hentry","category-le-rouge-le-vert-hebdo","category-politique-locale","tag-associations","tag-precarite"],"_links":{"self":[{"href":"https:\/\/www.ades-grenoble.org\/wordpress\/wp-json\/wp\/v2\/posts\/12606","targetHints":{"allow":["GET"]}}],"collection":[{"href":"https:\/\/www.ades-grenoble.org\/wordpress\/wp-json\/wp\/v2\/posts"}],"about":[{"href":"https:\/\/www.ades-grenoble.org\/wordpress\/wp-json\/wp\/v2\/types\/post"}],"author":[{"embeddable":true,"href":"https:\/\/www.ades-grenoble.org\/wordpress\/wp-json\/wp\/v2\/users\/1"}],"replies":[{"embeddable":true,"href":"https:\/\/www.ades-grenoble.org\/wordpress\/wp-json\/wp\/v2\/comments?post=12606"}],"version-history":[{"count":2,"href":"https:\/\/www.ades-grenoble.org\/wordpress\/wp-json\/wp\/v2\/posts\/12606\/revisions"}],"predecessor-version":[{"id":12609,"href":"https:\/\/www.ades-grenoble.org\/wordpress\/wp-json\/wp\/v2\/posts\/12606\/revisions\/12609"}],"wp:attachment":[{"href":"https:\/\/www.ades-grenoble.org\/wordpress\/wp-json\/wp\/v2\/media?parent=12606"}],"wp:term":[{"taxonomy":"category","embeddable":true,"href":"https:\/\/www.ades-grenoble.org\/wordpress\/wp-json\/wp\/v2\/categories?post=12606"},{"taxonomy":"post_tag","embeddable":true,"href":"https:\/\/www.ades-grenoble.org\/wordpress\/wp-json\/wp\/v2\/tags?post=12606"}],"curies":[{"name":"wp","href":"https:\/\/api.w.org\/{rel}","templated":true}]}}