{"id":12647,"date":"2017-02-24T17:33:30","date_gmt":"2017-02-24T16:33:30","guid":{"rendered":"http:\/\/www.ades-grenoble.org\/wordpress\/?p=12647"},"modified":"2017-02-24T17:35:52","modified_gmt":"2017-02-24T16:35:52","slug":"agenda-39","status":"publish","type":"post","link":"https:\/\/www.ades-grenoble.org\/wordpress\/2017\/02\/24\/agenda-39\/","title":{"rendered":"Agenda"},"content":{"rendered":"<p style=\"text-align: justify;\"><strong><img loading=\"lazy\" decoding=\"async\" class=\"size-full wp-image-350 alignleft\" src=\"http:\/\/www.ades-grenoble.org\/wordpress\/wp-content\/uploads\/2008\/12\/tirelire.jpg\" alt=\"\" width=\"167\" height=\"158\" \/>Jeudi 9 mars 2017 de 18h \u00e0 21h \u00e0 l&rsquo;H\u00f4tel de Ville. <\/strong><strong>Formation\u00a0: <em>\u00ab\u00a0comprendre le budget municipal\u00a0\u00bb<\/em><\/strong><\/p>\n<p style=\"text-align: justify;\">Ateliers en petits groupes sur les principales d\u00e9penses et recettes, les relations financi\u00e8res avec l&rsquo;intercommunalit\u00e9, l&rsquo;impact de la baisse des dotations de l&rsquo;Etat. Cette formation, anim\u00e9e par la direction des finances de la Ville de Grenoble, avait d\u00e9j\u00e0 \u00e9t\u00e9 propos\u00e9e en novembre 2016.<\/p>\n<p style=\"text-align: justify;\">Cette formation n&rsquo;est pas un lieu d&rsquo;\u00e9change et de d\u00e9bat sur le budget de la Ville<\/p>\n<p style=\"text-align: justify;\"><strong>Places limit\u00e9es, inscription obligatoire.<\/strong><\/p>\n<p style=\"text-align: justify;\">Voir <a href=\"http:\/\/www.grenoble.fr\/agenda\/21262\/38-formation-comprendre-un-budget-municipal-.htm?periode=86819\" target=\"_blank\">ici<\/a>.<\/p>\n<p>&nbsp;<\/p>\n","protected":false},"excerpt":{"rendered":"<p>Jeudi 9 mars 2017 de 18h \u00e0 21h \u00e0 l&rsquo;H\u00f4tel de Ville. Formation\u00a0: \u00ab\u00a0comprendre le budget municipal\u00a0\u00bb Ateliers en petits groupes sur les principales d\u00e9penses et recettes, les relations financi\u00e8res avec l&rsquo;intercommunalit\u00e9, l&rsquo;impact de la baisse des dotations de l&rsquo;Etat. Cette formation, anim\u00e9e par la direction des finances de la Ville de Grenoble, avait d\u00e9j\u00e0 [&hellip;]<\/p>\n","protected":false},"author":1,"featured_media":0,"comment_status":"closed","ping_status":"open","sticky":false,"template":"","format":"standard","meta":{"twitterCardType":"","cardImageID":0,"cardImage":"","cardTitle":"","cardDesc":"","cardImageAlt":"","cardPlayer":"","cardPlayerWidth":0,"cardPlayerHeight":0,"cardPlayerStream":"","cardPlayerCodec":"","footnotes":""},"categories":[62,11],"tags":[270,291,138],"class_list":["post-12647","post","type-post","status-publish","format-standard","hentry","category-le-rouge-le-vert-hebdo","category-politique-locale","tag-budget","tag-democra","tag-finances"],"_links":{"self":[{"href":"https:\/\/www.ades-grenoble.org\/wordpress\/wp-json\/wp\/v2\/posts\/12647","targetHints":{"allow":["GET"]}}],"collection":[{"href":"https:\/\/www.ades-grenoble.org\/wordpress\/wp-json\/wp\/v2\/posts"}],"about":[{"href":"https:\/\/www.ades-grenoble.org\/wordpress\/wp-json\/wp\/v2\/types\/post"}],"author":[{"embeddable":true,"href":"https:\/\/www.ades-grenoble.org\/wordpress\/wp-json\/wp\/v2\/users\/1"}],"replies":[{"embeddable":true,"href":"https:\/\/www.ades-grenoble.org\/wordpress\/wp-json\/wp\/v2\/comments?post=12647"}],"version-history":[{"count":1,"href":"https:\/\/www.ades-grenoble.org\/wordpress\/wp-json\/wp\/v2\/posts\/12647\/revisions"}],"predecessor-version":[{"id":12648,"href":"https:\/\/www.ades-grenoble.org\/wordpress\/wp-json\/wp\/v2\/posts\/12647\/revisions\/12648"}],"wp:attachment":[{"href":"https:\/\/www.ades-grenoble.org\/wordpress\/wp-json\/wp\/v2\/media?parent=12647"}],"wp:term":[{"taxonomy":"category","embeddable":true,"href":"https:\/\/www.ades-grenoble.org\/wordpress\/wp-json\/wp\/v2\/categories?post=12647"},{"taxonomy":"post_tag","embeddable":true,"href":"https:\/\/www.ades-grenoble.org\/wordpress\/wp-json\/wp\/v2\/tags?post=12647"}],"curies":[{"name":"wp","href":"https:\/\/api.w.org\/{rel}","templated":true}]}}