{"id":12675,"date":"2017-03-03T15:10:35","date_gmt":"2017-03-03T14:10:35","guid":{"rendered":"http:\/\/www.ades-grenoble.org\/wordpress\/?p=12675"},"modified":"2017-03-03T18:02:47","modified_gmt":"2017-03-03T17:02:47","slug":"agenda-40","status":"publish","type":"post","link":"https:\/\/www.ades-grenoble.org\/wordpress\/2017\/03\/03\/agenda-40\/","title":{"rendered":"Agenda"},"content":{"rendered":"<p style=\"text-align: justify;\"><strong><img loading=\"lazy\" decoding=\"async\" class=\"size-medium wp-image-9906 alignleft\" src=\"http:\/\/www.ades-grenoble.org\/wordpress\/wp-content\/uploads\/2015\/03\/Casamaures-300x191.jpg\" alt=\"\" width=\"300\" height=\"191\" srcset=\"https:\/\/www.ades-grenoble.org\/wordpress\/wp-content\/uploads\/2015\/03\/Casamaures-300x191.jpg 300w, https:\/\/www.ades-grenoble.org\/wordpress\/wp-content\/uploads\/2015\/03\/Casamaures-150x95.jpg 150w, https:\/\/www.ades-grenoble.org\/wordpress\/wp-content\/uploads\/2015\/03\/Casamaures.jpg 400w\" sizes=\"auto, (max-width: 300px) 100vw, 300px\" \/>Samedi 4 mars \u00e0 la Casamaures, salle de l\u2019Orangerie : de 14h \u00e0 la soir\u00e9e<\/strong> &#8211; Entr\u00e9e libre \u2013 Exposition \u00ab\u00a0 Les femmes, ces brillantes innovatrices oubli\u00e9es des sciences\u00a0\u00bb. Vernissage \u00e0 19h 30 suivi d\u2019un d\u00e9bat sur le th\u00e8me des femmes en sciences. L\u2019association Osez le f\u00e9minisme ! 38 propose une exposition compos\u00e9e de portraits de femmes scientifiques ayant exerc\u00e9 depuis le XIX\u00e8me si\u00e8cle jusqu\u2019\u00e0 nos jours. Ces portraits sont accompagn\u00e9s de textes \u00e9voquant leurs parcours et les difficult\u00e9s rencontr\u00e9es. La Casamaures \u00e0 Saint Martin le Vinoux, Tram E Casamaures-village.<\/p>\n<p style=\"text-align: justify;\"><!--more--><\/p>\n<p style=\"text-align: justify;\"><strong>Lundi 6 mars 2017 \u00e0 18 h Conseil municipal<\/strong> \u00e0 l\u2019H\u00f4tel de ville. Le Conseil va se prononcer sur 42 d\u00e9lib\u00e9rations dont\u00a0: Avis sur le projet de Programme Local de l&rsquo;Habitat 2017-2022 qui sera adopt\u00e9 par la m\u00e9tropole\u00a0; ZAC Flaubert, objectifs poursuivis et modalit\u00e9s de la participation des habitants\u00a0; Accueil des enfants de moins de 3 ans dans les \u00e9coles de Grenoble\u2026<\/p>\n<hr \/>\n<p style=\"text-align: justify;\"><strong>Lundi 6 mars \u00e0 18 h 30, Maison du Tourisme de Grenoble<\/strong>\u00a0: le Centre de Recherches Juridiques (CRJ) de l&rsquo;Universit\u00e9 Grenoble Alpes organise une conf\u00e9rence citoyenne sur le th\u00e8me : les signes religieux dans l&rsquo;espace public. D\u00e9tails sur le <a href=\"http:\/\/crj.univ-grenoble-alpes.fr\/les-signes-religieux-dans-l-espace-public-293947.htm?RH=1893710629983315\">site internet du CRJ.<\/a><\/p>\n<hr \/>\n<p style=\"text-align: justify;\"><strong>Jeudi 9 mars 2017 de 18h \u00e0 21h \u00e0 l&rsquo;H\u00f4tel de Ville. <\/strong><strong>Formation\u00a0: <em>\u00ab\u00a0comprendre le budget municipal\u00a0\u00bb <\/em><\/strong><strong>Places limit\u00e9es, inscription obligatoire. Voir <a href=\"http:\/\/www.grenoble.fr\/agenda\/21262\/38-formation-comprendre-un-budget-municipal-.htm?periode=86819\" target=\"_blank\">ici<\/a>.<\/strong><\/p>\n<hr \/>\n<p style=\"text-align: justify;\"><strong>Du 9 au 12 mars 2017, \u00e0 Grenoble, la biennale des villes en transition. <\/strong>Dans toute la ville, des animations, rencontres, expositions, r\u00e9unions\u2026 Deux journ\u00e9es grand public, le samedi 11 et le dimanche 12 mars. Tout le programme <a href=\"http:\/\/villesentransition.grenoble.fr\/programme\/\" target=\"_blank\">ici<\/a>.<\/p>\n<p style=\"text-align: justify;\"><em>\u00ab\u00a0Les territoires sont au c\u0153ur des d\u00e9fis du XXIe si\u00e8cle.\u00a0Climat, d\u00e9mocratie, solidarit\u00e9, \u00e9nergie, \u00e9conomie, d\u00e9mographie : les villes doivent \u00eatre cr\u00e9atives pour r\u00e9ussir la transition en accompagnant les besoins des habitants. La Biennale de Grenoble,\u00a0<\/em><em>Les Villes en Transition,<\/em><em>\u00a0<\/em><em>propose 4 jours de d\u00e9couvertes, de partages d\u2019exp\u00e9riences, locales comme internationales, de projets et d\u2019envies autour de la transition.\u00a0Professionnel, \u00e9tudiant, associatif, curieux, enfant ou retrait\u00e9, la Biennale s\u2019adresse \u00e0\u00a0celles et ceux qui souhaitent \u00e9changer sur les solutions (petites ou grandes\u00a0!), innover et anticiper les d\u00e9fis \u00e0 venir.\u00a0\u00bb<\/em><\/p>\n<hr \/>\n<p style=\"text-align: justify;\"><strong>Lundi 13 mars 2017, 20 h \u00e0 la Maison du Tourisme \u00e0 Grenoble<\/strong>, Les Amis de la Terre Is\u00e8re organisent une r\u00e9union d\u2019information\u00a0sur <strong>les alternatives au tunnel Lyon-Turin<\/strong>. <em>Avec <\/em>Daniel Ibanez, auteur de deux ouvrages de r\u00e9f\u00e9rence sur le Lyon-Turin ferroviaire.<\/p>\n","protected":false},"excerpt":{"rendered":"<p>Samedi 4 mars \u00e0 la Casamaures, salle de l\u2019Orangerie : de 14h \u00e0 la soir\u00e9e &#8211; Entr\u00e9e libre \u2013 Exposition \u00ab\u00a0 Les femmes, ces brillantes innovatrices oubli\u00e9es des sciences\u00a0\u00bb. Vernissage \u00e0 19h 30 suivi d\u2019un d\u00e9bat sur le th\u00e8me des femmes en sciences. L\u2019association Osez le f\u00e9minisme ! 38 propose une exposition compos\u00e9e de portraits [&hellip;]<\/p>\n","protected":false},"author":1,"featured_media":0,"comment_status":"closed","ping_status":"open","sticky":false,"template":"","format":"standard","meta":{"twitterCardType":"","cardImageID":0,"cardImage":"","cardTitle":"","cardDesc":"","cardImageAlt":"","cardPlayer":"","cardPlayerWidth":0,"cardPlayerHeight":0,"cardPlayerStream":"","cardPlayerCodec":"","footnotes":""},"categories":[62,11],"tags":[125],"class_list":["post-12675","post","type-post","status-publish","format-standard","hentry","category-le-rouge-le-vert-hebdo","category-politique-locale","tag-agenda"],"_links":{"self":[{"href":"https:\/\/www.ades-grenoble.org\/wordpress\/wp-json\/wp\/v2\/posts\/12675","targetHints":{"allow":["GET"]}}],"collection":[{"href":"https:\/\/www.ades-grenoble.org\/wordpress\/wp-json\/wp\/v2\/posts"}],"about":[{"href":"https:\/\/www.ades-grenoble.org\/wordpress\/wp-json\/wp\/v2\/types\/post"}],"author":[{"embeddable":true,"href":"https:\/\/www.ades-grenoble.org\/wordpress\/wp-json\/wp\/v2\/users\/1"}],"replies":[{"embeddable":true,"href":"https:\/\/www.ades-grenoble.org\/wordpress\/wp-json\/wp\/v2\/comments?post=12675"}],"version-history":[{"count":1,"href":"https:\/\/www.ades-grenoble.org\/wordpress\/wp-json\/wp\/v2\/posts\/12675\/revisions"}],"predecessor-version":[{"id":12676,"href":"https:\/\/www.ades-grenoble.org\/wordpress\/wp-json\/wp\/v2\/posts\/12675\/revisions\/12676"}],"wp:attachment":[{"href":"https:\/\/www.ades-grenoble.org\/wordpress\/wp-json\/wp\/v2\/media?parent=12675"}],"wp:term":[{"taxonomy":"category","embeddable":true,"href":"https:\/\/www.ades-grenoble.org\/wordpress\/wp-json\/wp\/v2\/categories?post=12675"},{"taxonomy":"post_tag","embeddable":true,"href":"https:\/\/www.ades-grenoble.org\/wordpress\/wp-json\/wp\/v2\/tags?post=12675"}],"curies":[{"name":"wp","href":"https:\/\/api.w.org\/{rel}","templated":true}]}}